{"id":20825,"date":"2025-04-15T02:37:16","date_gmt":"2025-04-15T02:37:16","guid":{"rendered":"https:\/\/www.europesays.com\/uk\/20825\/"},"modified":"2025-04-15T02:37:16","modified_gmt":"2025-04-15T02:37:16","slug":"semana-santa-brings-the-sacred-to-a-small-town-national-catholic-register","status":"publish","type":"post","link":"https:\/\/www.europesays.com\/uk\/20825\/","title":{"rendered":"\u2018Semana Santa\u2019 Brings the Sacred to a Small Town| National Catholic Register"},"content":{"rendered":"<p>Massive, gilded floats carry statues of Christ and the Virgin Mary through narrow streets.\u00a0<\/p>\n<p>Locals carry these floats as an act of faith, fulfilling family traditions and personal promises. The silence of a candlelit procession, the raw emotion of a lone saeta (lament) echoing through the night, and the deep sense of belonging make small-town Holy Week truly unique.\u00a0<\/p>\n<p>In Spain, Holy Week is not merely a spectacle or just another religious event, it is a time of profound faith, history and identity. It is a centuries-old tradition rooted in medieval Catholicism and woven into the very fabric of daily life, whether celebrated in a large city or a small town. In cities such as Seville, Cordoba or Malaga, the display is grand, drawing thousands of visitors \u2014 including well-known participants like <a href=\"https:\/\/www.instagram.com\/reel\/DIZFkapMc8V\/?utm_source=ig_web_copy_link\" target=\"_blank\" rel=\"noopener\">Antonio Banderas<\/a> \u2014 who come to witness the majestic processions, the world-renowned brotherhoods, and the stunning religious imagery. \u00a0<\/p>\n<p>Especially in small towns across Spain, Holy Week or Semana Santa in Spanish, is much more than a religious tradition. It is a deeply rooted cultural experience that unites entire communities. For centuries, these towns have meticulously prepared for Holy Week, blending solemn devotion with artistic expression. The urban celebrations also are deeply rooted in history and devotion, yet their scale, marked by large crowds, media coverage and an almost-theatrical atmosphere. \u00a0<\/p>\n<p>Brotherhoods and sisterhoods \u2014 or cofrad\u00edas \u2014 organize the processions, carrying the sacred statues, adorned with rich drapery, on the shoulders and backs of devoted townspeople, many fulfilling personal vows or acts of penance. The larger floats, once fully loaded and adorned, can weigh up to 2,000 lbs! Marching bands follow behind and add solemn music to the event which will come to a halt and fall silent if an acapella saeta (a spontaneous lament sung by one person), breaks out in the crowds lining the streets.\u00a0<\/p>\n<p>I have lived in the southwestern Spanish town of Los Santos de Maimona in the province of Badajoz for over 20 years and more than 40 years on and off in different cities in Spain. Los Santos de Maimona is a small rural agricultural town of approximately 8,000 souls, and many, from all walks of life, are members of different brotherhoods. It is as if there is this invisible network running throughout town. Among them are Miguel Angel Canseco, known to his friends as \u201cMickey,\u201d and Manuela Monta\u00f1o. \u00a0<\/p>\n<p>Canseco is the \u201celder brother\u201d of the Cofrad\u00eda Hermandad de Nuestro Padre Jes\u00fas Nazareno y Mar\u00eda Sant\u00edsima de la Esperanza or the \u201cBrotherhood of Our Father Jesus the Nazarene and Mary Most Holy of Hope.\u201d The names are derived from the statues \u2014 depicting Jesus and Mary \u2014 they care for: \u201cJesus the Nazarene\u201d and \u201cMary of Hope.\u201d Monta\u00f1o belongs to the sisterhood called Cofrad\u00eda Virgen de los Dolores y la Soledad or the \u201cSisterhood of the Virgin of Sorrows and Solitude.\u201d This last cofrad\u00eda whose membership is entirely made up of women was founded around 1850.\u00a0<\/p>\n<p>Canseco explained that in the brotherhood\u2019s records there are minutes from a meeting dating back to 1872, where it says that this brotherhood is so old that it is lost in the annals of time, i.e., there is no record of when the brotherhood was founded.\u00a0<\/p>\n<p>Church archives reveal that in 1700 a chapel sanctuary was added to the church in town in order to house the statue of the Nazarene, thus establishing that the Nazarene was present in town by 1700. The members surmise that the brotherhood already existed or at the very least was a loosely established confraternity before that year.\u00a0<\/p>\n<p>Canseco\u2019s organization has a membership of more than 500 devotees, roughly 6% of the town\u2019s population \u2014 and that\u2019s just one brotherhood!\u00a0<\/p>\n<p>The townsfolk volunteer their time, helping with the cleaning, dressing, repairing or restoration of everything involved in the procession, including Monta\u00f1o, a retired seamstress who restored the Virgin of Sorrows\u2019 mantle, which dates to the 17th century.\u00a0<\/p>\n<p>                                                                                                    <img decoding=\"async\" src=\"https:\/\/www.europesays.com\/uk\/wp-content\/uploads\/2025\/04\/20250414140432_fa09d6d37e27c0bf4e2c09bc0c0d237f037a5d39a8b4355b127d399b816b18fa.jpg\" data-media-id=\"editor_1\" data-image-id=\"20250414140432_fa09d6d37e27c0bf4e2c09bc0c0d237f037a5d39a8b4355b127d399b816b18fa\" data-rendition-name=\"original\" width=\"5382\" height=\"3593\" loading=\"lazy\" alt=\"Holy Week in Spain \"\/>The preparations are shown underway.(Photo: Robert Ransley\/\u00a92024 Robert Ransley)\u00a92024 Robert Ransley  <\/p>\n<p>Busy at her sewing machine, she puts on the finishing touches in order to get it ready \u2014 one integral part of a living tradition that shapes their religious and cultural identity, a time when the past and present merge, reminding the people of their heritage and the shared faith that defines their community.\u00a0<\/p>\n<p>                                                                                                    <img decoding=\"async\" src=\"https:\/\/www.europesays.com\/uk\/wp-content\/uploads\/2025\/04\/20250414140432_7732420343e6f5b167be4e84db36a9801758e13265b948f5a50270c4f95750e9.jpg\" data-media-id=\"editor_2\" data-image-id=\"20250414140432_7732420343e6f5b167be4e84db36a9801758e13265b948f5a50270c4f95750e9\" data-rendition-name=\"original\" width=\"5868\" height=\"3917\" loading=\"lazy\" alt=\"Holy Week in Spain Mary cloak\"\/>Manuela Monta\u00f1o shows her beautiful handiwork.(Photo: Robert Ransley\/\u00a92024 Robert Ransley)\u00a92024 Robert Ransley  <\/p>\n<p>                                                                      <img decoding=\"async\" src=\"https:\/\/www.europesays.com\/uk\/wp-content\/uploads\/2025\/04\/20250414140432_51ae7a2aac517b85e2889caed1092cf934b859331bdf58d315a55fc565f0b334.jpg\" data-media-id=\"editor_3\" data-image-id=\"20250414140432_51ae7a2aac517b85e2889caed1092cf934b859331bdf58d315a55fc565f0b334\" data-rendition-name=\"original\" width=\"3104\" height=\"4650\" loading=\"lazy\" alt=\"Holy Week in Spain Mary statue\"\/>The cloak dresses the Mary statue.(Photo: Robert Ransley\/\u00a92024 Robert Ransley)\u00a92024 Robert Ransley  <\/p>\n<p>In small towns, Semana Santa remains a more intimate, community-driven experience. Here, processions wind through narrow streets where almost every face is familiar. The devotion is just as strong, but the experience is much more personal and at times \u201cin your face\u201d in a positive way. \u00a0<\/p>\n<p>Semana Santa is a year-round commitment. Preparation for next year\u2019s Holy Week begins almost as soon as this year\u2019s processions end. This commitment is not limited to processions, but is about genuinely living the Gospel and leading the life of a Christian. Christian charity comprises a year-round commitment to helping the needy, thus reinforcing social bonds. The values of devotion, sacrifice and community spirit embodied during Holy Week are reflected in everyday life, whether in acts of solidarity, religious observance or the preservation of local customs. \u00a0<\/p>\n<p>The final rehearsal of the porters carrying the float is known as the \u201csolidary rehearsal.\u201d\u00a0<\/p>\n<p>                                                                      <img decoding=\"async\" src=\"https:\/\/www.europesays.com\/uk\/wp-content\/uploads\/2025\/04\/20250414140436_01404813b338207a30e233eb3a74898368e275101b9d50d77bb7582e372df504.jpg\" data-media-id=\"editor_4\" data-image-id=\"20250414140436_01404813b338207a30e233eb3a74898368e275101b9d50d77bb7582e372df504\" data-rendition-name=\"original\" width=\"5266\" height=\"3515\" loading=\"lazy\" alt=\"Holy Week in Spain the solitary rehearsal\"\/>The solitary rehearsal(Photo: Robert Ransley\/\u00a92024 Robert Ransley)\u00a92024 Robert Ransley  <\/p>\n<p>\u00a0<\/p>\n<p>                                                                      <img decoding=\"async\" src=\"https:\/\/www.europesays.com\/uk\/wp-content\/uploads\/2025\/04\/20250414140436_236ddab3464b167e75b7679666e3266aa61f0619f13e4c2cda2c595880cfbe95.jpg\" data-media-id=\"editor_5\" data-image-id=\"20250414140436_236ddab3464b167e75b7679666e3266aa61f0619f13e4c2cda2c595880cfbe95\" data-rendition-name=\"original\" width=\"5630\" height=\"3758\" loading=\"lazy\" alt=\"Holy Week in Spain solitary rehearsal 2\"\/>Another view of the solitary rehearsal(Photo: Robert Ransley\/\u00a92024 Robert Ransley)\u00a92024 Robert Ransley  <\/p>\n<p>The porters put on their protective head and shoulder garb and carry the float through the streets, without the life-size statue of Jesus or the Virgin on it, through the streets of town, and the neighbors come out of their houses and donate bags of food, which are placed on the float, adding to the weight on the porters\u2019 backs. The food is then donated to an organization that helps feed those in need \u2014 a most beautiful way of putting into practice Christian values.\u00a0<\/p>\n<p>For travelers seeking not just to witness Semana Santa, but to experience it on a deeper, more personal level, a small town offers an unparalleled opportunity. Unlike in the big cities, where spectators watch from behind barriers or in some cases can purchase seats as if in a sports arena, in smaller communities, at times, visitors don\u2019t go unnoticed and might be approached by brotherhood members who welcome them into the heart of the tradition. Some even allow outsiders to participate \u2014 whether by joining a brotherhood, carrying a float or simply walking in silent reflection alongside the townspeople. In a small town, Semana Santa is not just something to see, it is something to be a part of. \u00a0<\/p>\n<p>\u00a0<\/p>\n<p>\u00a0<\/p>\n<p>Robert Ransley is a freelance photographer and writer living in Spain.\u00a0<\/p>\n<p>www.robertransley.com\u00a0<\/p>\n<p>                                                                    <script async src=\"\/\/www.instagram.com\/embed.js\"><\/script><\/p>\n","protected":false},"excerpt":{"rendered":"Massive, gilded floats carry statues of Christ and the Virgin Mary through narrow streets.\u00a0 Locals carry these floats&hellip;\n","protected":false},"author":2,"featured_media":20826,"comment_status":"","ping_status":"","sticky":false,"template":"","format":"standard","meta":{"footnotes":""},"categories":[5312],"tags":[13487,13488,2000,299,11750,13486,104],"class_list":{"0":"post-20825","1":"post","2":"type-post","3":"status-publish","4":"format-standard","5":"has-post-thumbnail","7":"category-spain","8":"tag-antonio-banderas","9":"tag-church-in-spain","10":"tag-eu","11":"tag-europe","12":"tag-holy-week","13":"tag-semana-santa","14":"tag-spain"},"share_on_mastodon":{"url":"https:\/\/pubeurope.com\/@uk\/114339659594413601","error":""},"_links":{"self":[{"href":"https:\/\/www.europesays.com\/uk\/wp-json\/wp\/v2\/posts\/20825","targetHints":{"allow":["GET"]}}],"collection":[{"href":"https:\/\/www.europesays.com\/uk\/wp-json\/wp\/v2\/posts"}],"about":[{"href":"https:\/\/www.europesays.com\/uk\/wp-json\/wp\/v2\/types\/post"}],"author":[{"embeddable":true,"href":"https:\/\/www.europesays.com\/uk\/wp-json\/wp\/v2\/users\/2"}],"replies":[{"embeddable":true,"href":"https:\/\/www.europesays.com\/uk\/wp-json\/wp\/v2\/comments?post=20825"}],"version-history":[{"count":0,"href":"https:\/\/www.europesays.com\/uk\/wp-json\/wp\/v2\/posts\/20825\/revisions"}],"wp:featuredmedia":[{"embeddable":true,"href":"https:\/\/www.europesays.com\/uk\/wp-json\/wp\/v2\/media\/20826"}],"wp:attachment":[{"href":"https:\/\/www.europesays.com\/uk\/wp-json\/wp\/v2\/media?parent=20825"}],"wp:term":[{"taxonomy":"category","embeddable":true,"href":"https:\/\/www.europesays.com\/uk\/wp-json\/wp\/v2\/categories?post=20825"},{"taxonomy":"post_tag","embeddable":true,"href":"https:\/\/www.europesays.com\/uk\/wp-json\/wp\/v2\/tags?post=20825"}],"curies":[{"name":"wp","href":"https:\/\/api.w.org\/{rel}","templated":true}]}}