{"id":212375,"date":"2025-06-25T05:52:19","date_gmt":"2025-06-25T05:52:19","guid":{"rendered":"https:\/\/www.europesays.com\/uk\/212375\/"},"modified":"2025-06-25T05:52:19","modified_gmt":"2025-06-25T05:52:19","slug":"best-things-to-do-in-madrid-10-quirky-ideas","status":"publish","type":"post","link":"https:\/\/www.europesays.com\/uk\/212375\/","title":{"rendered":"Best things to do in Madrid: 10 quirky ideas"},"content":{"rendered":"<p>Capturing the essence of La Movida Madrile\u00f1a \u2013 a countercultural movement that emerged during <a data-analytics-id=\"inline-link\" href=\"https:\/\/www.wallpaper.com\/tag\/spain\" data-auto-tag-linker=\"true\" data-before-rewrite-localise=\"https:\/\/www.wallpaper.com\/tag\/spain\" target=\"_blank\" rel=\"noopener\">Spain<\/a>\u2019s transition to democracy in 1975 \u2013 is as challenging as defining the buoyant creative scene shaping <a data-analytics-id=\"inline-link\" href=\"https:\/\/www.wallpaper.com\/tag\/madrid\" data-auto-tag-linker=\"true\" data-before-rewrite-localise=\"https:\/\/www.wallpaper.com\/tag\/madrid\" target=\"_blank\" rel=\"noopener\">Madrid<\/a> today. Both resist simple categorisation, united by an unyielding forward-looking spirit. The best way to experience the city\u2019s modern-day zeitgeist is by exploring its next-generation galleries, bold hospitality ventures and disruptive cultural hubs. While the city is justly celebrated for its Beaux-Arts architecture, centuries-old art collections, and vibrant tapas culture, Madrid continues to reinvent itself. Here are ten things to do to tap into the city\u2019s newfound energy.<\/p>\n<p>What to see and do in Madrid, SpainWhere to stayThe Madrid Edition<\/p>\n<p class=\"vanilla-image-block\" style=\"padding-top:71.43%;\"><img decoding=\"async\" src=\"https:\/\/www.europesays.com\/uk\/wp-content\/uploads\/2025\/06\/sdcuShXaQqxh3EjPHSHEvR.jpg\" alt=\"lounge at The Edition Madrid\"   loading=\"lazy\" data-original-mos=\"https:\/\/www.europesays.com\/uk\/wp-content\/uploads\/2025\/06\/sdcuShXaQqxh3EjPHSHEvR.jpg\" data-pin-media=\"https:\/\/www.europesays.com\/uk\/wp-content\/uploads\/2025\/06\/sdcuShXaQqxh3EjPHSHEvR.jpg\"\/><\/p>\n<p>(Image credit: Nikolas Koenig)<\/p>\n<p><a data-analytics-id=\"inline-link\" href=\"https:\/\/www.wallpaper.com\/architecture\/the-madrid-edition-hotel-john-pawson-francois-champsaur-spain\" data-before-rewrite-localise=\"https:\/\/www.wallpaper.com\/architecture\/the-madrid-edition-hotel-john-pawson-francois-champsaur-spain\" target=\"_blank\" rel=\"noopener\">The Madrid Edition<\/a> heralds a new chapter in the capital\u2019s luxury hospitality scene \u2013 more outr\u00e9 and colourful, yet no less detail-driven. Its 200 rooms and suites, some with terraces, showcase the Edition brand\u2019s unmistakable bold, contemporary style. Also present are vibrant food and beverage offerings, which include Oroya, the rooftop restaurant helmed by chef Diego Mu\u00f1oz. Dramatic contrasts of light and shadow, raw textures, and refined finishes define the property\u2019s visual language. Spearheading the design: founder <a data-analytics-id=\"inline-link\" href=\"https:\/\/www.wallpaper.com\/art\/studio-54-book-ian-schrager-rizzoli\" data-before-rewrite-localise=\"https:\/\/www.wallpaper.com\/art\/studio-54-book-ian-schrager-rizzoli\" target=\"_blank\" rel=\"noopener\">Ian Schrager<\/a>, minimalist maestro <a data-analytics-id=\"inline-link\" href=\"https:\/\/www.wallpaper.com\/tag\/john-pawson\" data-before-rewrite-localise=\"https:\/\/www.wallpaper.com\/tag\/john-pawson\" target=\"_blank\" rel=\"noopener\">John Pawson<\/a>, and <a data-analytics-id=\"inline-link\" href=\"https:\/\/www.wallpaper.com\/tag\/paris\" data-auto-tag-linker=\"true\" data-before-rewrite-localise=\"https:\/\/www.wallpaper.com\/tag\/paris\" target=\"_blank\" rel=\"noopener\">Paris<\/a>-based designer Fran\u00e7ois Champsaur, whose combined genius brings fresh energy to the old heart of Madrid.<\/p>\n<p><a data-analytics-id=\"inline-link\" href=\"https:\/\/www.editionhotels.com\/madrid\/\" target=\"_blank\" data-url=\"https:\/\/www.editionhotels.com\/madrid\/\" referrerpolicy=\"no-referrer-when-downgrade\" data-hl-processed=\"none\" rel=\"noopener\">The Madrid Edition<\/a> is located at Pl. de Celenque, 2, 28013 Madrid, Spain.<\/p>\n<p>Where to eat and drinkGilda Haus<\/p>\n<p class=\"vanilla-image-block\" style=\"padding-top:132.97%;\"><img decoding=\"async\" src=\"https:\/\/www.europesays.com\/uk\/wp-content\/uploads\/2025\/06\/jaV3jAjoVC9evkCWUqoFCE.jpg\" alt=\"Madrid Cocktail Bars\"   loading=\"lazy\" data-original-mos=\"https:\/\/www.europesays.com\/uk\/wp-content\/uploads\/2025\/06\/jaV3jAjoVC9evkCWUqoFCE.jpg\" data-pin-media=\"https:\/\/www.europesays.com\/uk\/wp-content\/uploads\/2025\/06\/jaV3jAjoVC9evkCWUqoFCE.jpg\"\/><\/p>\n<p>(Image credit: Photography by German Saiz. Courtesy of Gilda Haus)<\/p>\n<p>Madrid-based Codoo studio might have been inspired by <a data-analytics-id=\"inline-link\" href=\"https:\/\/www.wallpaper.com\/design-interiors\/gianfranco-frattini-1955-2003-book\" data-before-rewrite-localise=\"https:\/\/www.wallpaper.com\/design-interiors\/gianfranco-frattini-1955-2003-book\" target=\"_blank\" rel=\"noopener\">Gianfranco Frattini<\/a>, <a data-analytics-id=\"inline-link\" href=\"https:\/\/www.wallpaper.com\/design\/in-memoriam-nanda-vigo-1936-2020\" data-before-rewrite-localise=\"https:\/\/www.wallpaper.com\/design\/in-memoriam-nanda-vigo-1936-2020\" target=\"_blank\" rel=\"noopener\">Nanda Vigo<\/a> and other 1970s Italian design pioneers, but this <a data-analytics-id=\"inline-link\" href=\"https:\/\/www.wallpaper.com\/travel\/bars\/best-madrid-bars\" data-before-rewrite-localise=\"https:\/\/www.wallpaper.com\/travel\/bars\/best-madrid-bars\" target=\"_blank\" rel=\"noopener\">Madrid cocktail bar<\/a> is perhaps most distinctive for the metallic, high-gloss shade of pearl orange that floods its floor, walls and ceiling. Complemented by mirrored surfaces and touches of electric blue, the space is vivid, voluminous and seductive, its decoration celebrating functional urban design, from the office-style tube lighting to the stainless steel furniture, while carpeted floors and velvet curtains add a warmer touch. AR<\/p>\n<p><a data-analytics-id=\"inline-link\" href=\"https:\/\/www.instagram.com\/gildahaus_\" target=\"_blank\" data-url=\"https:\/\/www.instagram.com\/gildahaus_\" referrerpolicy=\"no-referrer-when-downgrade\" data-hl-processed=\"none\" rel=\"noopener\">Gilda Haus<\/a> is located at C. de San Mateo, 6, 28004 Madrid, Spain.<\/p>\n<p>Mo de Movimiento<\/p>\n<p class=\"vanilla-image-block\" style=\"padding-top:133.28%;\"><img decoding=\"async\" src=\"https:\/\/www.europesays.com\/uk\/wp-content\/uploads\/2025\/06\/KFyiZFixcXcGN2dRnnap2S.jpg\" alt=\"mo de movimiento madrid\"   loading=\"lazy\" data-original-mos=\"https:\/\/www.europesays.com\/uk\/wp-content\/uploads\/2025\/06\/KFyiZFixcXcGN2dRnnap2S.jpg\" data-pin-media=\"https:\/\/www.europesays.com\/uk\/wp-content\/uploads\/2025\/06\/KFyiZFixcXcGN2dRnnap2S.jpg\"\/><\/p>\n<p>(Image credit: Courtesy of Lucas Mu\u00f1oz Mu\u00f1oz Estudio)<\/p>\n<p>Bringing a flavour of environmental consciousness to Madrid\u2019s dining scene, the Lucas Mu\u00f1oz-designed Mo de Movimiento focuses on adaptive reuse and sustainable energy. The upcycled interiors include lighting pieces recovered from junkyards and seating forged from rubble and wood reclaimed during the site\u2019s renovation. A low-consumption temperature system uses water-filled terracotta pots to cool the air, while energy from the kitchen is reused for underfloor heating during colder months. AR<\/p>\n<p><a data-analytics-id=\"inline-link\" href=\"https:\/\/modemovimiento.com\/\" target=\"_blank\" data-url=\"https:\/\/modemovimiento.com\/\" referrerpolicy=\"no-referrer-when-downgrade\" data-hl-processed=\"none\" rel=\"noopener\">Mo de Movimiento<\/a> is located at C. de Espronceda, 34, 28003 Madrid, Spain.<\/p>\n<p class=\"newsletter-form__strapline\">Receive our daily digest of inspiration, escapism and design stories from around the world direct to your inbox.<\/p>\n<p>SDD2<\/p>\n<p>Experimental sharing plates are served in this startling environment that mixes the energy of a slaughterhouse and a science lab with its white polythene counters, freezer-style lighting and multicoloured industrial boxes in the ceiling. Besides raw tuna jerky, aubergine with eel or cockles with seaweed, cuts of veal and Iberian pork go well with the display of meat hooks and butcher\u2019s knives. The owners also recently opened Sala Cero \u2013 a severe, stainless steel dining space designed with Madrid-based studios Yyplusplus and Caliper. AR<\/p>\n<p><a data-analytics-id=\"inline-link\" href=\"https:\/\/www.saladedespiece.com\/\" target=\"_blank\" data-url=\"https:\/\/www.saladedespiece.com\/\" referrerpolicy=\"no-referrer-when-downgrade\" data-hl-processed=\"none\" rel=\"noopener\">SDD2<\/a> is located at CC. de la Virgen de los Peligros, 8, 28013 Madrid, Spain.<\/p>\n<p>What to doAlbarr\u00e1n Bourdais<\/p>\n<p>Housed in a former <a data-analytics-id=\"inline-link\" href=\"https:\/\/www.wallpaper.com\/tag\/loewe\" data-before-rewrite-localise=\"https:\/\/www.wallpaper.com\/tag\/loewe\" target=\"_blank\" rel=\"noopener\">Loewe <\/a>atelier dating back to the 1920s, Albarr\u00e1n Bourdais maximises the use of its high-ceilinged, multi-level, 600-square-metre space to present cutting-edge contemporary exhibitions, with artists often invited to create site-specific installations or immersive experiences. Superflex, H\u00e9ctor Zamora and Pedro Cabrita Reis have been exhibited over recent months, while a new solo show by Polish artist Angelika Markul \u2013 known for her large-scale installations that range from sculpture to video \u2013 is open until July 2025. AR<\/p>\n<p><a data-analytics-id=\"inline-link\" href=\"https:\/\/albarran-bourdais.com\/\" target=\"_blank\" data-url=\"https:\/\/albarran-bourdais.com\/\" referrerpolicy=\"no-referrer-when-downgrade\" data-hl-processed=\"none\" rel=\"noopener\">Albarr\u00e1n Bourdais<\/a> is located at C. del Barquillo &amp;, C. de San Marcos, 28004 Madrid, Spain.<\/p>\n<p>Cine Dor\u00e9<\/p>\n<p class=\"vanilla-image-block\" style=\"padding-top:66.67%;\"><img decoding=\"async\" src=\"https:\/\/www.europesays.com\/uk\/wp-content\/uploads\/2025\/06\/tPZqxJAyJLrcsj7tWqsRpS.jpg\" alt=\"cine dore madrid\"   loading=\"lazy\" data-original-mos=\"https:\/\/www.europesays.com\/uk\/wp-content\/uploads\/2025\/06\/tPZqxJAyJLrcsj7tWqsRpS.jpg\" data-pin-media=\"https:\/\/www.europesays.com\/uk\/wp-content\/uploads\/2025\/06\/tPZqxJAyJLrcsj7tWqsRpS.jpg\"\/><\/p>\n<p>(Image credit: Courtesy of Madrid Design Festival)<\/p>\n<p>Cine Dor\u00e9 is likely one of the most striking neighbourhood cinemas in the world, with residents of Atocha-Ant\u00f3n Mart\u00edn fortunate to enjoy easy access. This Art Nouveau venue, which served as a set in Pedro Almod\u00f3var\u2019s Hable Con Ella (2002), was originally built in the early 20th century as a \u2018socio-cultural\u2019 hall. In 1922, Spanish architect Cr\u00edspulo Moro Cabeza transformed it into a cinema. After a 26-year hiatus, it reopened in 1989 as the home for Filmoteca Espa\u00f1ola, the national film archive \u2013 since when it has played host to a variety of Spanish and international films in their original versions. Its original brick-orange fa\u00e7ade, meanwhile, tells the story of resistance and renaissance of 20th-century Spain.<\/p>\n<p><a data-analytics-id=\"inline-link\" href=\"https:\/\/www.cultura.gob.es\/cultura\/areas\/cine\/mc\/fe\/difusion\/programa.html\" target=\"_blank\" data-url=\"https:\/\/www.cultura.gob.es\/cultura\/areas\/cine\/mc\/fe\/difusion\/programa.html\" referrerpolicy=\"no-referrer-when-downgrade\" data-hl-processed=\"none\" rel=\"noopener\">Cine Dor\u00e9<\/a> is located at C. de Sta. Isabel, 3, 28012 Madrid, Spain.<\/p>\n<p>La Capsule spa at Brach Madrid<\/p>\n<p class=\"vanilla-image-block\" style=\"padding-top:149.83%;\"><img decoding=\"async\" src=\"https:\/\/www.europesays.com\/uk\/wp-content\/uploads\/2025\/06\/AtLEvKjqCBJ8JvUMnB6FiW.jpg\" alt=\"brach madrid hotel spain\"   loading=\"lazy\" data-original-mos=\"https:\/\/www.europesays.com\/uk\/wp-content\/uploads\/2025\/06\/AtLEvKjqCBJ8JvUMnB6FiW.jpg\" data-pin-media=\"https:\/\/www.europesays.com\/uk\/wp-content\/uploads\/2025\/06\/AtLEvKjqCBJ8JvUMnB6FiW.jpg\"\/><\/p>\n<p>(Image credit: Photography by Guillaume de Laubier)<\/p>\n<p>Found within the bustling arteries of Gran V\u00eda, a moment of calmness awaits at <a data-analytics-id=\"inline-link\" href=\"https:\/\/www.wallpaper.com\/travel\/hotels\/brach-madrid-spain-review\" data-before-rewrite-localise=\"https:\/\/www.wallpaper.com\/travel\/hotels\/brach-madrid-spain-review\" target=\"_blank\" rel=\"noopener\">Brach Madrid hotel<\/a>, the Evok Collection&#8217;s second outpost after Paris. La Capsule spa is a soothing sanctuary that boasts a 20-meter indoor pool and cutting-edge treatments marrying holistic practices with advanced technologies, including a hyperbaric oxygen chamber, infrared sauna or LED photobiomodulation therapy. The 400 sq m space is a vision of gold and pure white by <a data-analytics-id=\"inline-link\" href=\"https:\/\/www.wallpaper.com\/tag\/philippe-starck\" data-before-rewrite-localise=\"https:\/\/www.wallpaper.com\/tag\/philippe-starck\" target=\"_blank\" rel=\"noopener\">Philippe Starck<\/a>.<\/p>\n<p><a data-analytics-id=\"inline-link\" href=\"https:\/\/brachmadrid.com\/en\/la-capsule-spa-de-luxe\/\" target=\"_blank\" data-url=\"https:\/\/brachmadrid.com\/en\/la-capsule-spa-de-luxe\/\" referrerpolicy=\"no-referrer-when-downgrade\" data-hl-processed=\"none\" rel=\"noopener\">La Capsule spa<\/a> is located inside Brach Madrid, Gran V\u00eda, 20, 28013 Madrid, Spain.<\/p>\n<p>Solo Independencia<\/p>\n<p>Expanding on the capital\u2019s golden art mile (the Prado, Reina Sofia and Thyssen-Bornemisza museums), Solo Independencia takes a bold leap into contemporary art. Conceived as an \u2018international art project\u2019 by Spanish entrepreneurs Ana Gerv\u00e1s and David Cantolla, Solo is devoted to \u2018fostering, supporting, and sharing today\u2019s artwork.\u2019 Its collection spans figurative <a data-analytics-id=\"inline-link\" href=\"https:\/\/www.wallpaper.com\/tag\/painting\" data-auto-tag-linker=\"true\" data-before-rewrite-localise=\"https:\/\/www.wallpaper.com\/tag\/painting\" target=\"_blank\" rel=\"noopener\">painting<\/a>, kinetic sculpture, sound art, new media, and <a data-analytics-id=\"inline-link\" href=\"https:\/\/www.wallpaper.com\/tag\/artificial-intelligence\" data-auto-tag-linker=\"true\" data-before-rewrite-localise=\"https:\/\/www.wallpaper.com\/tag\/artificial-intelligence\" target=\"_blank\" rel=\"noopener\">AI<\/a> creations, forming an otherworldly universe showcasing over 270 artists, including established names such as <a data-analytics-id=\"inline-link\" href=\"https:\/\/www.wallpaper.com\/tag\/ai-weiwei\" data-before-rewrite-localise=\"https:\/\/www.wallpaper.com\/tag\/ai-weiwei\" target=\"_blank\" rel=\"noopener\">Ai Weiwei<\/a>, <a data-analytics-id=\"inline-link\" href=\"https:\/\/www.wallpaper.com\/tag\/takashi-murakami\" data-before-rewrite-localise=\"https:\/\/www.wallpaper.com\/tag\/takashi-murakami\" target=\"_blank\" rel=\"noopener\">Takashi Murakami<\/a>, and <a data-analytics-id=\"inline-link\" href=\"https:\/\/www.wallpaper.com\/art\/kaws-shreeji-news-takeover-frieze-week-2023\" data-before-rewrite-localise=\"https:\/\/www.wallpaper.com\/art\/kaws-shreeji-news-takeover-frieze-week-2023\" target=\"_blank\" rel=\"noopener\">Kaws<\/a>, alongside rising talents like Filip \u0106usti\u0107, Ana Barriga and Smack. The gallery\u2019s futuristic yet versatile design is the vision of architect Juan Herreros.<\/p>\n<p><a data-analytics-id=\"inline-link\" href=\"https:\/\/solocontemporary.com\/spaces\/solo-independencia\/\" target=\"_blank\" data-url=\"https:\/\/solocontemporary.com\/spaces\/solo-independencia\/\" referrerpolicy=\"no-referrer-when-downgrade\" data-hl-processed=\"none\" rel=\"noopener\">Solo Independecia<\/a> is located at Pl. de la Independencia, 5, 28001 Madrid, Spain.<\/p>\n<p>Where to shopGaler\u00eda Canalejas<\/p>\n<p class=\"vanilla-image-block\" style=\"padding-top:66.68%;\"><img decoding=\"async\" src=\"https:\/\/www.europesays.com\/uk\/wp-content\/uploads\/2025\/06\/dpJb58Bze3BWhLptUAPga4.jpg\" alt=\"galeria canalejas madrid\"   loading=\"lazy\" data-original-mos=\"https:\/\/www.europesays.com\/uk\/wp-content\/uploads\/2025\/06\/dpJb58Bze3BWhLptUAPga4.jpg\" data-pin-media=\"https:\/\/www.europesays.com\/uk\/wp-content\/uploads\/2025\/06\/dpJb58Bze3BWhLptUAPga4.jpg\"\/><\/p>\n<p>(Image credit: Photography by Daniel Sch\u00e4efer. Courtesy of Galer\u00eda Canalejas)<\/p>\n<p>Moments away from the emblematic Madrid de los Austrias (the city\u2019s old quarter), Galer\u00eda Canalejas rises within the same grand edifice as the Four Seasons Madrid, where we also recommend booking a stay if you are after unparalleled luxury. Once known as the Palacio de la Equitativa, the new shopping centre was brought to life by the Spanish firm Estudio Lamela, while the sophisticated interiors were created by Parisian studio Carbondale. Over 8,000 square meters of National Heritage fa\u00e7ades and more than 16,000 historical artefacts, including Art Deco stained glass, intricate railings, marble accents, and ornate friezes, were preserved during the development. At its heart, a charming caf\u00e9 pays tribute to the traditional kiosks of 19th and 20th-century Madrid. Meanwhile, three elegant floors showcase an array of upscale fashion, beauty and jewellery boutiques, including <a data-analytics-id=\"inline-link\" href=\"https:\/\/www.wallpaper.com\/tag\/hermes\" data-before-rewrite-localise=\"https:\/\/www.wallpaper.com\/tag\/hermes\" target=\"_blank\" rel=\"noopener\">Herm\u00e8s<\/a>, <a data-analytics-id=\"inline-link\" href=\"https:\/\/www.wallpaper.com\/tag\/jil-sander\" data-before-rewrite-localise=\"https:\/\/www.wallpaper.com\/tag\/jil-sander\" target=\"_blank\" rel=\"noopener\">Jil Sander<\/a>, and <a data-analytics-id=\"inline-link\" href=\"https:\/\/www.wallpaper.com\/tag\/rolex\" data-before-rewrite-localise=\"https:\/\/www.wallpaper.com\/tag\/rolex\" target=\"_blank\" rel=\"noopener\">Rolex<\/a>.<\/p>\n<p><a data-analytics-id=\"inline-link\" href=\"https:\/\/www.galeriacanalejas.com\/\" target=\"_blank\" data-url=\"https:\/\/www.galeriacanalejas.com\/\" referrerpolicy=\"no-referrer-when-downgrade\" data-hl-processed=\"none\" rel=\"noopener\">Galer\u00eda Canalejas<\/a> is located at Pl. de Canalejas, 1, 28014 Madrid, Spain.<\/p>\n<p>Wow Concept Serrano<\/p>\n<p class=\"vanilla-image-block\" style=\"padding-top:75.00%;\"><img decoding=\"async\" src=\"https:\/\/www.europesays.com\/uk\/wp-content\/uploads\/2025\/06\/irnMVX2LbT6WxNZfaEpxoE.jpg\" alt=\"wow store serrano\"   loading=\"lazy\" data-original-mos=\"https:\/\/www.europesays.com\/uk\/wp-content\/uploads\/2025\/06\/irnMVX2LbT6WxNZfaEpxoE.jpg\" data-pin-media=\"https:\/\/www.europesays.com\/uk\/wp-content\/uploads\/2025\/06\/irnMVX2LbT6WxNZfaEpxoE.jpg\"\/><\/p>\n<p>(Image credit: Courtesy of Culdesac)<\/p>\n<p>A department store but not as you know it \u2013 this multi-brand retail project aims to merge physical and digital experiences for a new generation of shoppers, with desirable, independent fashion and tech labels housed in a visually striking environment. <a data-analytics-id=\"inline-link\" href=\"https:\/\/www.wallpaper.com\/tag\/barcelona\" data-auto-tag-linker=\"true\" data-before-rewrite-localise=\"https:\/\/www.wallpaper.com\/tag\/barcelona\" target=\"_blank\" rel=\"noopener\">Barcelona<\/a>-based External Reference designed the original Wow on Gran V\u00eda, while a second, seven-storey outlet in the swish Serrano neighbourhood is the work of Madrid\u2019s Culdesac, who created sculptural shapes, ambient lighting, fluid spaces and modular furniture that allows for versatile displays.<\/p>\n<p><a data-analytics-id=\"inline-link\" href=\"https:\/\/wowconcept.com\/en\" target=\"_blank\" data-url=\"https:\/\/wowconcept.com\/en\" referrerpolicy=\"no-referrer-when-downgrade\" data-hl-processed=\"none\" rel=\"noopener\">Wow Concept Serrano<\/a> is located at C. de Serrano, 52, 28001 Madrid, Spain.<\/p>\n<p>A version of this article appeared in the <a data-analytics-id=\"inline-link\" href=\"https:\/\/www.wallpaper.com\/design-interiors\/wallpaper-april-2025-global-interiors-issue-read-more\" data-before-rewrite-localise=\"https:\/\/www.wallpaper.com\/design-interiors\/wallpaper-april-2025-global-interiors-issue-read-more\" target=\"_blank\" rel=\"noopener\">April 2025 issue of Wallpaper*<\/a>.<\/p>\n<p><script async src=\"\/\/www.instagram.com\/embed.js\"><\/script><\/p>\n","protected":false},"excerpt":{"rendered":"Capturing the essence of La Movida Madrile\u00f1a \u2013 a countercultural movement that emerged during Spain\u2019s transition to democracy&hellip;\n","protected":false},"author":2,"featured_media":212376,"comment_status":"","ping_status":"","sticky":false,"template":"","format":"standard","meta":{"footnotes":""},"categories":[5312],"tags":[2000,299,104],"class_list":{"0":"post-212375","1":"post","2":"type-post","3":"status-publish","4":"format-standard","5":"has-post-thumbnail","7":"category-spain","8":"tag-eu","9":"tag-europe","10":"tag-spain"},"share_on_mastodon":{"url":"https:\/\/pubeurope.com\/@uk\/114742450923359370","error":""},"_links":{"self":[{"href":"https:\/\/www.europesays.com\/uk\/wp-json\/wp\/v2\/posts\/212375","targetHints":{"allow":["GET"]}}],"collection":[{"href":"https:\/\/www.europesays.com\/uk\/wp-json\/wp\/v2\/posts"}],"about":[{"href":"https:\/\/www.europesays.com\/uk\/wp-json\/wp\/v2\/types\/post"}],"author":[{"embeddable":true,"href":"https:\/\/www.europesays.com\/uk\/wp-json\/wp\/v2\/users\/2"}],"replies":[{"embeddable":true,"href":"https:\/\/www.europesays.com\/uk\/wp-json\/wp\/v2\/comments?post=212375"}],"version-history":[{"count":0,"href":"https:\/\/www.europesays.com\/uk\/wp-json\/wp\/v2\/posts\/212375\/revisions"}],"wp:featuredmedia":[{"embeddable":true,"href":"https:\/\/www.europesays.com\/uk\/wp-json\/wp\/v2\/media\/212376"}],"wp:attachment":[{"href":"https:\/\/www.europesays.com\/uk\/wp-json\/wp\/v2\/media?parent=212375"}],"wp:term":[{"taxonomy":"category","embeddable":true,"href":"https:\/\/www.europesays.com\/uk\/wp-json\/wp\/v2\/categories?post=212375"},{"taxonomy":"post_tag","embeddable":true,"href":"https:\/\/www.europesays.com\/uk\/wp-json\/wp\/v2\/tags?post=212375"}],"curies":[{"name":"wp","href":"https:\/\/api.w.org\/{rel}","templated":true}]}}