{"id":215704,"date":"2025-06-26T11:03:10","date_gmt":"2025-06-26T11:03:10","guid":{"rendered":"https:\/\/www.europesays.com\/uk\/215704\/"},"modified":"2025-06-26T11:03:10","modified_gmt":"2025-06-26T11:03:10","slug":"may-soon-join-ruben-amorim-about-to-add-key-man-from-portugal-to-man-utd-structure","status":"publish","type":"post","link":"https:\/\/www.europesays.com\/uk\/215704\/","title":{"rendered":"&#8216;May soon join&#8230;&#8217; Ruben Amorim about to add key man from Portugal to Man Utd structure"},"content":{"rendered":"\n<p><strong>Manchester United finally look in a good place off the field, and while there\u2019s work to be done on the field, the improvements must never stop. <\/strong><\/p>\n<p><a href=\"https:\/\/www.unitedinfocus.com\/tag\/ruben-amorim\/\" target=\"_blank\" rel=\"noopener\">Ruben Amorim<\/a> has heeded that message as he has gone back to his homeland to add a key man to the structure at <a href=\"https:\/\/www.unitedinfocus.com\/club\/\" target=\"_blank\" rel=\"noopener\">Man Utd<\/a>. <\/p>\n<p>When Amorim joined <a href=\"https:\/\/www.unitedinfocus.com\/club\/stadium\/\" target=\"_blank\" rel=\"noopener\">Old Trafford<\/a>, he brought multiple members of staff with him, people who had worked with him throughout his career. <\/p>\n<p>The latest addition hasn\u2019t worked with him before, but brings elite pedigree in a new role that the <a href=\"https:\/\/www.unitedinfocus.com\/club\/manager\/\" target=\"_blank\" rel=\"noopener\">Man Utd manager<\/a> probably thinks he can add a lot of value in.<\/p>\n<p><img decoding=\"async\" width=\"1024\" height=\"683\" loading=\"lazy\"  src=\"https:\/\/www.europesays.com\/uk\/wp-content\/uploads\/2025\/06\/GettyImages-2216787810-1024x683.jpg\" alt=\"Manchester United manager Ruben Amorim participates in the official training at the Bukit Jalil National Stadium in Kuala Lumpur, Malaysia, on May 27, 2025. Manchester United and ASEAN All-Stars are set to face off for the Maybank Challenge Cup during their post-season friendly trip to Asia.\" class=\"wp-image-274218\" \/>Photo by Hari Anggara\/NurPhoto via Getty ImagesMan Utd in negotiations with Acacio Valentim<\/p>\n<p>The Portuguese flavour is strong with <a href=\"https:\/\/www.unitedinfocus.com\/club\/coaching-staff\/\" target=\"_blank\" rel=\"noopener\">Man Utd\u2019s coaching team<\/a> right now, and the playing staff also has a good number of Portuguese-speaking players. <\/p>\n<p>As such, Amorim and Man Utd may have thought it was best to bring in a high-performance individual from Portugal to help with, and direct the team operations. <\/p>\n<p>Portuguese outlet <a href=\"https:\/\/www.record.pt\/internacional\/detalhe\/noticia-record-man-united-quer-juntar-acacio-valentim-a-estrutura-de-apoio-a-ruben-amorim\" target=\"_blank\" rel=\"noreferrer noopener nofollow\">Record<\/a> reports that United are \u2018already in negotiations\u2019 with Acacio Valentim, the Team Operations Director at SC Braga, who <a href=\"https:\/\/maisfutebol.iol.pt\/liga\/sp-braga\/sp-braga-acacio-valentim-deixa-estrutura-do-clube\" rel=\"nofollow noopener\" target=\"_blank\">left the club in mid-June<\/a> this year. <\/p>\n<blockquote class=\"twitter-tweet\">\n<p lang=\"pt\" dir=\"ltr\">Not\u00edcia Record: Man. United est\u00e1 em negocia\u00e7\u00f5es com Ac\u00e1cio Valentim. O processo est\u00e1 em andamento e, pese embora haja arestas a linhar, tem boas possibilidades de ficar conclu\u00eddo em breve. O dirigente \u00e9 desejado para a estrutura de apoio a R\u00faben Amorim \ud83d\udc40 com <a href=\"https:\/\/twitter.com\/NBarbosa?ref_src=twsrc%5Etfw\" rel=\"nofollow noopener\" target=\"_blank\">@NBarbosa<\/a> <a href=\"https:\/\/t.co\/qiH4QCQX7e\" rel=\"nofollow\">pic.twitter.com\/qiH4QCQX7e<\/a><\/p>\n<p>\u2014 Pedro Morais (@PedroGMorais) <a href=\"https:\/\/twitter.com\/PedroGMorais\/status\/1938004800332808629?ref_src=twsrc%5Etfw\" rel=\"nofollow noopener\" target=\"_blank\">June 25, 2025<\/a><\/p><\/blockquote>\n<p>View Tweet<\/p>\n<p>While there are some details to iron out, the report states that he will \u2018soon join\u2019 United as initial negotiations have left \u2018good prospects for a positive outcome\u2019.<\/p>\n<p>Valentim was the Team Operations Director at SC Braga for four years, a job he took after spending three years in the same role at Shanghai SPG. <\/p>\n<p>He also counts a role at FC Porto among his experiences, and the report calls him a \u2018well-known\u2019 name in Portuguese football. <\/p>\n<p>Acacio Valentim\u2019s role and responsibility<\/p>\n<p>While Valentim\u2019s role and name in Portugal are well-known, the job title of a \u201cTeam Operations Director\u201d is pretty new for an English club. <\/p>\n<p>A general idea of his role and responsibility can be taken from looking back at <a href=\"https:\/\/scbraga.pt\/acacio-valentim-assume-cargo-de-team-operations-director\/\" target=\"_blank\" rel=\"noreferrer noopener nofollow\">SC Braga\u2019s official website<\/a> when they announced his hiring in 2021. <\/p>\n<p>The press release said: \u201cBorn in Vila Nova de Famalic\u00e3o in 1976 (age 45), Ac\u00e1cio Valentim arrives at SC Braga after successful spells at FC Porto (over 16 years) and Shanghai SIPG FC (over the last 3 years), clubs where he made a decisive contribution, as Team Manager, to winning several titles: seven national championships, four Portuguese Cups, six Super Cups, one Europa League, one Chinese Super League and one Chinese Super Cup.<\/p>\n<p>\u201cAc\u00e1cio Valentim joins the Club with the clear objective of continuing SC Braga\u2019s growth and affirmation project, both nationally and internationally.\u201d<\/p>\n<p>It is clear from the above that Valentim\u2019s role will be a more strategic and leadership one instead of just being another member of the coaching staff. <\/p>\n<p>He could be an addition who takes some of <a href=\"https:\/\/www.unitedinfocus.com\/tag\/jason-wilcox\/\" target=\"_blank\" rel=\"noopener\">Jason Wilcox\u2019s<\/a> responsibilities related to the playing staff, while <a href=\"https:\/\/www.unitedinfocus.com\/news\/sir-dave-brailsford-steps-back-from-man-utd-role-as-sir-jim-ratcliffes-sporting-empire-reshuffle-begins\/\" target=\"_blank\" rel=\"noopener\">Wilcox concentrates his efforts<\/a> on the structure and recruitment for the whole club. <\/p>\n<p>It continues United\u2019s efforts to assemble a \u201cbest-in-class\u201d team, even if it means breaking new ground on what\u2019s generally done in English football. <\/p>\n<\/p>\n<p>  <script async src=\"https:\/\/platform.twitter.com\/widgets.js\" charset=\"utf-8\"><\/script><\/p>\n","protected":false},"excerpt":{"rendered":"Manchester United finally look in a good place off the field, and while there\u2019s work to be done&hellip;\n","protected":false},"author":2,"featured_media":215705,"comment_status":"","ping_status":"","sticky":false,"template":"","format":"standard","meta":{"footnotes":""},"categories":[4100],"tags":[85702,94,99,79,16,15],"class_list":{"0":"post-215704","1":"post","2":"type-post","3":"status-publish","4":"format-standard","5":"has-post-thumbnail","7":"category-football","8":"tag-acacio-valentim","9":"tag-football","10":"tag-ruben-amorim","11":"tag-sports","12":"tag-uk","13":"tag-united-kingdom"},"share_on_mastodon":{"url":"https:\/\/pubeurope.com\/@uk\/114749335459817071","error":""},"_links":{"self":[{"href":"https:\/\/www.europesays.com\/uk\/wp-json\/wp\/v2\/posts\/215704","targetHints":{"allow":["GET"]}}],"collection":[{"href":"https:\/\/www.europesays.com\/uk\/wp-json\/wp\/v2\/posts"}],"about":[{"href":"https:\/\/www.europesays.com\/uk\/wp-json\/wp\/v2\/types\/post"}],"author":[{"embeddable":true,"href":"https:\/\/www.europesays.com\/uk\/wp-json\/wp\/v2\/users\/2"}],"replies":[{"embeddable":true,"href":"https:\/\/www.europesays.com\/uk\/wp-json\/wp\/v2\/comments?post=215704"}],"version-history":[{"count":0,"href":"https:\/\/www.europesays.com\/uk\/wp-json\/wp\/v2\/posts\/215704\/revisions"}],"wp:featuredmedia":[{"embeddable":true,"href":"https:\/\/www.europesays.com\/uk\/wp-json\/wp\/v2\/media\/215705"}],"wp:attachment":[{"href":"https:\/\/www.europesays.com\/uk\/wp-json\/wp\/v2\/media?parent=215704"}],"wp:term":[{"taxonomy":"category","embeddable":true,"href":"https:\/\/www.europesays.com\/uk\/wp-json\/wp\/v2\/categories?post=215704"},{"taxonomy":"post_tag","embeddable":true,"href":"https:\/\/www.europesays.com\/uk\/wp-json\/wp\/v2\/tags?post=215704"}],"curies":[{"name":"wp","href":"https:\/\/api.w.org\/{rel}","templated":true}]}}