{"id":224863,"date":"2025-06-29T20:32:13","date_gmt":"2025-06-29T20:32:13","guid":{"rendered":"https:\/\/www.europesays.com\/uk\/224863\/"},"modified":"2025-06-29T20:32:13","modified_gmt":"2025-06-29T20:32:13","slug":"spanish-road-championships-ivan-romeo-continues-stellar-run-of-form-to-take-solo-road-race-victory","status":"publish","type":"post","link":"https:\/\/www.europesays.com\/uk\/224863\/","title":{"rendered":"Spanish Road Championships: Iv\u00e1n Romeo continues stellar run of form to take solo road race victory"},"content":{"rendered":"<p>Under-23 time trial world champion <a data-analytics-id=\"inline-link\" href=\"https:\/\/www.cyclingnews.com\/riders\/ivan-romeo\/\" data-before-rewrite-localise=\"https:\/\/www.cyclingnews.com\/riders\/ivan-romeo\/\" target=\"_blank\" rel=\"noopener\">Iv\u00e1n Romeo<\/a> (<a data-analytics-id=\"inline-link\" href=\"https:\/\/www.cyclingnews.com\/road\/teams\/uci-worldtour\/2025\/movistar-team\/\" data-before-rewrite-localise=\"https:\/\/www.cyclingnews.com\/road\/teams\/uci-worldtour\/2025\/movistar-team\/\" target=\"_blank\" rel=\"noopener\">Movistar<\/a>) soloed to victory in the men&#8217;s road race at the Spanish national championships, going away alone with 20km to go to claim his first elite national title.<\/p>\n<p><a data-analytics-id=\"inline-link\" href=\"https:\/\/www.cyclingnews.com\/riders\/fernando-barcelo-aragon\/\" data-before-rewrite-localise=\"https:\/\/www.cyclingnews.com\/riders\/fernando-barcelo-aragon\/\" target=\"_blank\" rel=\"noopener\">Fernando Barcel\u00f3<\/a> (Caja Rural-Seguros RGA), who was with Romeo until 20km to go, held off two chasers to take second, whilst <a data-analytics-id=\"inline-link\" href=\"https:\/\/www.cyclingnews.com\/road\/teams\/uci-worldtour\/2024\/red-bull-bora-hansgrohe\/page\/5\/\" data-before-rewrite-localise=\"https:\/\/www.cyclingnews.com\/road\/teams\/uci-worldtour\/2024\/red-bull-bora-hansgrohe\/page\/5\/\" target=\"_blank\" rel=\"noopener\">Roger Adri\u00e0<\/a> (Red Bull-Bora-Hansgrohe) took third in a two-up sprint against <a data-analytics-id=\"inline-link\" href=\"https:\/\/www.cyclingnews.com\/riders\/juan-pedro-lopez\/\" data-before-rewrite-localise=\"https:\/\/www.cyclingnews.com\/riders\/juan-pedro-lopez\/\" target=\"_blank\" rel=\"noopener\">Juan Pedro L\u00f3pez<\/a> (Lidl-Trek).<\/p>\n<p class=\"paywall\" aria-hidden=\"true\">It was a long and hot day in the Spanish nationals down in Granada, with the riders battling against 40-degree heat as they chased the national champions jersey.<\/p>\n<p>You may like<\/p>\n<p class=\"paywall\" aria-hidden=\"true\">Heading into the final part of the hilly route around Granada, the front of the race had been whittled down to fewer than 10 riders, with L\u00f3pez in the lead alone for some time.<\/p>\n<p class=\"paywall\" aria-hidden=\"true\">However, the chasers caught L\u00f3pez, and as the attacks intensified into the finale, Romeo and Barcel\u00f3 attacked together with 28km to go, going clear of the select group.<\/p>\n<p class=\"paywall\" aria-hidden=\"true\">Then, at 20km to go, Romeo went away on his own, never to be seen again, using his world-class time trialing skills to hold on all the way to the finish, winning by 56 seconds in the end.<\/p>\n<p class=\"paywall\" aria-hidden=\"true\">Barcel\u00f3 held off the chasing pair of Adri\u00e0 and L\u00f3pez, beating them by a whole minute as the heat saw big gaps develop on the road to Granada.<\/p>\n<p class=\"paywall\" aria-hidden=\"true\">The rest of the previous lead group came in nearly three minutes down as the rest of the race rolled home in dribs and drabs behind a delighted Romeo, who took his <a data-analytics-id=\"inline-link\" href=\"https:\/\/www.cyclingnews.com\/races\/criterium-du-dauphine-2025\/stage-3\/results\/\" data-before-rewrite-localise=\"https:\/\/www.cyclingnews.com\/races\/criterium-du-dauphine-2025\/stage-3\/results\/\" target=\"_blank\" rel=\"noopener\">first WorldTour win two weeks ago at the Crit\u00e9rium du Dauphin\u00e9<\/a>. He wore the yellow jersey there, and will now wear the Spanish jersey for the next 12 months.<\/p>\n<p>Results<\/p>\n<p class=\"paywall\" aria-hidden=\"true\"><strong>Results powered by <\/strong><a data-analytics-id=\"inline-link\" href=\"https:\/\/firstcycling.com\/\" target=\"_blank\" rel=\"nofollow noopener\" data-url=\"https:\/\/firstcycling.com\/\" referrerpolicy=\"no-referrer-when-downgrade\" data-hl-processed=\"none\"><strong>FirstCycling<\/strong><\/a><\/p>\n","protected":false},"excerpt":{"rendered":"Under-23 time trial world champion Iv\u00e1n Romeo (Movistar) soloed to victory in the men&#8217;s road race at the&hellip;\n","protected":false},"author":2,"featured_media":224864,"comment_status":"","ping_status":"","sticky":false,"template":"","format":"standard","meta":{"footnotes":""},"categories":[4104],"tags":[4230,79,16,15],"class_list":{"0":"post-224863","1":"post","2":"type-post","3":"status-publish","4":"format-standard","5":"has-post-thumbnail","7":"category-cycling","8":"tag-cycling","9":"tag-sports","10":"tag-uk","11":"tag-united-kingdom"},"share_on_mastodon":{"url":"https:\/\/pubeurope.com\/@uk\/114768559789119766","error":""},"_links":{"self":[{"href":"https:\/\/www.europesays.com\/uk\/wp-json\/wp\/v2\/posts\/224863","targetHints":{"allow":["GET"]}}],"collection":[{"href":"https:\/\/www.europesays.com\/uk\/wp-json\/wp\/v2\/posts"}],"about":[{"href":"https:\/\/www.europesays.com\/uk\/wp-json\/wp\/v2\/types\/post"}],"author":[{"embeddable":true,"href":"https:\/\/www.europesays.com\/uk\/wp-json\/wp\/v2\/users\/2"}],"replies":[{"embeddable":true,"href":"https:\/\/www.europesays.com\/uk\/wp-json\/wp\/v2\/comments?post=224863"}],"version-history":[{"count":0,"href":"https:\/\/www.europesays.com\/uk\/wp-json\/wp\/v2\/posts\/224863\/revisions"}],"wp:featuredmedia":[{"embeddable":true,"href":"https:\/\/www.europesays.com\/uk\/wp-json\/wp\/v2\/media\/224864"}],"wp:attachment":[{"href":"https:\/\/www.europesays.com\/uk\/wp-json\/wp\/v2\/media?parent=224863"}],"wp:term":[{"taxonomy":"category","embeddable":true,"href":"https:\/\/www.europesays.com\/uk\/wp-json\/wp\/v2\/categories?post=224863"},{"taxonomy":"post_tag","embeddable":true,"href":"https:\/\/www.europesays.com\/uk\/wp-json\/wp\/v2\/tags?post=224863"}],"curies":[{"name":"wp","href":"https:\/\/api.w.org\/{rel}","templated":true}]}}