{"id":230177,"date":"2025-07-01T20:20:12","date_gmt":"2025-07-01T20:20:12","guid":{"rendered":"https:\/\/www.europesays.com\/uk\/230177\/"},"modified":"2025-07-01T20:20:12","modified_gmt":"2025-07-01T20:20:12","slug":"french-lingerie-on-display-in-london","status":"publish","type":"post","link":"https:\/\/www.europesays.com\/uk\/230177\/","title":{"rendered":"French lingerie on display in London"},"content":{"rendered":"<p class=\"article-content col-md-8 offset-md-1\">\n                                After New York in August 2024, French lingerie is heading to London&#8217;s Ladbroke Hall on July 14 for a one-day event organized by Promincor &#8211; Lingerie Fran\u00e7aise, the association for the promotion of the corsetry industry, and DEFI &#8211; Comit\u00e9 de D\u00e9veloppement et de Promotion de l&#8217;Habillement. The event will bring together buyers, media, and influencers to showcase French know-how.<\/p>\n<p><img decoding=\"async\" class=\"news-image\" style=\"width:100%;max-width:800px;\" src=\"https:\/\/www.europesays.com\/uk\/wp-content\/uploads\/2025\/07\/f77c.jpg\" alt=\"French lingerie aims to captivate the British market\" loading=\"lazy\"\/>French lingerie aims to captivate the British market &#8211; DR<\/p>\n<p class=\"col-md-8 offset-md-1 article-content--texte\">Eight French lingerie brands will be taking part in the event: <a class=\"fnwAddLinks\" href=\"https:\/\/uk.fashionnetwork.com\/tags-aubade\" title=\"Aubade\" target=\"_blank\" rel=\"noopener\">Aubade<\/a>, <a class=\"fnwAddLinks\" href=\"https:\/\/uk.fashionnetwork.com\/tags-chantelle\" title=\"Chantelle\" target=\"_blank\" rel=\"noopener\">Chantelle<\/a>, Chantelle X, <a class=\"fnwAddLinks\" href=\"https:\/\/uk.fashionnetwork.com\/tags-empreinte\" title=\"Empreinte\" target=\"_blank\" rel=\"noopener\">Empreinte<\/a>, <a class=\"fnwAddLinks\" href=\"https:\/\/uk.fashionnetwork.com\/tags-lise-charmel\" title=\"Lise Charmel\" target=\"_blank\" rel=\"noopener\">Lise Charmel<\/a>, Louisa Bracq, Maison Lejaby, and <a class=\"fnwAddLinks\" href=\"https:\/\/uk.fashionnetwork.com\/tags-simone-perele\" title=\"Simone P\u00e9r\u00e8le\" target=\"_blank\" rel=\"noopener\">Simone P\u00e9r\u00e8le<\/a>. On this occasion, they will unveil their spring-summer 2026 lingerie and swimwear collections in an atmosphere claimed to be &#8220;intimate and refined.&#8221;<\/p>\n<p>The day will open with a &#8220;tea time&#8221;, encouraging authentic exchanges between brands and influencers. A scenographic showroom will allow visitors to discover the pieces in a carefully designed setting before a lingerie fashion show that will highlight the wealth of styles, cuts, and inspirations specific to each brand.<\/p>\n<p class=\"col-md-8 offset-md-1 article-content--texte\">According to a Kantar study carried out for the <a class=\"fnwAddLinks\" href=\"https:\/\/uk.fashionnetwork.com\/tags-salon-international-de-la-lingerie\" title=\"Salon International de la Lingerie\" target=\"_blank\" rel=\"noopener\">Salon International de la Lingerie<\/a> and the F\u00e9d\u00e9ration de la Maille, de la Lingerie et du Baln\u00e9aire, the French women&#8217;s lingerie market represented 2.08 billion euros between January and October 2024.\n                            <\/p>\n<p>\n                                Copyright \u00a9 2025 FashionNetwork.com All rights reserved.\n                            <\/p>\n","protected":false},"excerpt":{"rendered":"After New York in August 2024, French lingerie is heading to London&#8217;s Ladbroke Hall on July 14 for&hellip;\n","protected":false},"author":2,"featured_media":230178,"comment_status":"","ping_status":"","sticky":false,"template":"","format":"standard","meta":{"footnotes":""},"categories":[7757],"tags":[90510,952,748,90511,90515,393,2584,4884,90516,257,15909,90513,5775,15910,90514,90512,16,15],"class_list":{"0":"post-230177","1":"post","2":"type-post","3":"status-publish","4":"format-standard","5":"has-post-thumbnail","7":"category-london","8":"tag-aubade","9":"tag-beauty","10":"tag-britain","11":"tag-chantelle","12":"tag-empreinte","13":"tag-england","14":"tag-fashion","15":"tag-great-britain","16":"tag-lise-charmel","17":"tag-london","18":"tag-luxury","19":"tag-maisonlejaby","20":"tag-network","21":"tag-professionals","22":"tag-salon-international-de-la-lingerie","23":"tag-simone-perele","24":"tag-uk","25":"tag-united-kingdom"},"share_on_mastodon":{"url":"https:\/\/pubeurope.com\/@uk\/114779837181465500","error":""},"_links":{"self":[{"href":"https:\/\/www.europesays.com\/uk\/wp-json\/wp\/v2\/posts\/230177","targetHints":{"allow":["GET"]}}],"collection":[{"href":"https:\/\/www.europesays.com\/uk\/wp-json\/wp\/v2\/posts"}],"about":[{"href":"https:\/\/www.europesays.com\/uk\/wp-json\/wp\/v2\/types\/post"}],"author":[{"embeddable":true,"href":"https:\/\/www.europesays.com\/uk\/wp-json\/wp\/v2\/users\/2"}],"replies":[{"embeddable":true,"href":"https:\/\/www.europesays.com\/uk\/wp-json\/wp\/v2\/comments?post=230177"}],"version-history":[{"count":0,"href":"https:\/\/www.europesays.com\/uk\/wp-json\/wp\/v2\/posts\/230177\/revisions"}],"wp:featuredmedia":[{"embeddable":true,"href":"https:\/\/www.europesays.com\/uk\/wp-json\/wp\/v2\/media\/230178"}],"wp:attachment":[{"href":"https:\/\/www.europesays.com\/uk\/wp-json\/wp\/v2\/media?parent=230177"}],"wp:term":[{"taxonomy":"category","embeddable":true,"href":"https:\/\/www.europesays.com\/uk\/wp-json\/wp\/v2\/categories?post=230177"},{"taxonomy":"post_tag","embeddable":true,"href":"https:\/\/www.europesays.com\/uk\/wp-json\/wp\/v2\/tags?post=230177"}],"curies":[{"name":"wp","href":"https:\/\/api.w.org\/{rel}","templated":true}]}}