{"id":231538,"date":"2025-07-02T08:31:11","date_gmt":"2025-07-02T08:31:11","guid":{"rendered":"https:\/\/www.europesays.com\/uk\/231538\/"},"modified":"2025-07-02T08:31:11","modified_gmt":"2025-07-02T08:31:11","slug":"meghan-markle-debuts-first-as-ever-rose-on-princess-dianas-birthday","status":"publish","type":"post","link":"https:\/\/www.europesays.com\/uk\/231538\/","title":{"rendered":"Meghan Markle Debuts First As Ever Ros\u00e9 on Princess Diana&#8217;s Birthday"},"content":{"rendered":"<p class=\"paragraph larva \/\/ lrv-u-margin-lr-auto  lrv-a-font-body-m   \">\n\t<a href=\"https:\/\/wwd.com\/tag\/meghan-markle\/\" id=\"auto-tag_meghan-markle\" data-tag=\"meghan-markle\" target=\"_blank\" rel=\"noopener\">Meghan Markle<\/a> officially launched the first alcoholic offering of her lifestyle brand, <a href=\"https:\/\/wwd.com\/pop-culture\/new-fashion-releases\/meghan-markle-as-ever-rose-wine-summer-release-1237928042\/\" target=\"_blank\" rel=\"noopener\">As Ever,<\/a> debuting its 2023 Napa Valley Ros\u00e9 on Tuesday \u2014 a meaningful date for both her and <a href=\"https:\/\/wwd.com\/tag\/prince-harry\/\" id=\"auto-tag_prince-harry\" data-tag=\"prince-harry\" target=\"_blank\" rel=\"noopener\">Prince Harry<\/a>. <\/p>\n<p class=\"paragraph larva \/\/ lrv-u-margin-lr-auto  lrv-a-font-body-m   \">\n\tJuly 1 is notably the late\u00a0<a data-id=\"1237949107\" data-type=\"post\" href=\"https:\/\/wwd.com\/pop-culture\/celebrity-news\/feature\/princess-diana-birthday-dresses-style-1237949107\/\" target=\"_blank\" rel=\"noopener\">Princess Diana\u2018s birthday<\/a>. The date also marks the beginning of <a href=\"https:\/\/wwd.com\/pop-culture\/culture-news\/feature\/meghan-markle-prince-harry-wedding-style-1237707339\/\" id=\"related_article_link_prince-harry\" data-tag=\"prince-harry\" target=\"_blank\" rel=\"noopener\">Prince Harry<\/a>\u2019s and Markle\u2019s relationship. In his memoir,\u00a0\u201cSpare,\u201d published in 2023, Prince Harry revealed he started talking to Markle via Instagram on July 1, 2016, what would have been Diana\u2019s\u00a055th birthday. The couple ultimately married on May 19, 2018. <\/p>\n<p>\t\t\t\t\t\t<img loading=\"lazy\" class=\"c-lazy-image__img lrv-u-background-color-grey-lightest lrv-u-width-100p lrv-u-display-block lrv-u-height-auto\" src=\"https:\/\/wwd.com\/wp-content\/themes\/vip\/pmc-wwd-2021\/assets\/public\/lazyload-fallback.gif\" data-lazy-src=\"https:\/\/www.europesays.com\/uk\/wp-content\/uploads\/2025\/07\/as-ever-meghan-markle-wine-rose-as_ever-product-2023-napa-valley-rose.jpg\" alt=\"As Ever's 2023 Napa Valley Ros\u00e9\" data-lazy- data-lazy- height=\"1024\" width=\"982\" decoding=\"async\"\/><\/p>\n<p>\t\t\t\t\tAs Ever\u2019s 2023 Napa Valley Ros\u00e9<\/p>\n<p>\t\t\t\t\t\t\t\t\tCourtesy of As Ever<\/p>\n<p class=\"paragraph larva \/\/ lrv-u-margin-lr-auto  lrv-a-font-body-m   \">\n\tAs Ever\u2019s 2023 Napa Valley Ros\u00e9 kicks off the brand\u2019s expansion into wine, with a M\u00e9thode Champenoise Napa Valley sparkling wine planned for the near future. This ros\u00e9 is a curated blend inspired by Proven\u00e7al-style wines and sourced from Napa Valley. Its pale blush color offers roundness and depth, featuring gentle minerality and soft stone fruit notes with a lasting finish. The blend includes Cabernet Sauvignon, Mourv\u00e8dre, Grenache and Syrah varietals.<\/p>\n<p class=\"paragraph larva \/\/ lrv-u-margin-lr-auto  lrv-a-font-body-m   \">\n\tPriced at $30 a bottle and sold in sets of three bottles ($90), half case ($159), and full case ($300), the ros\u00e9 is available for purchase exclusively at wine.asever.com.<\/p>\n<p>\t\t\t\t\t\t<img loading=\"lazy\" class=\"c-lazy-image__img lrv-u-background-color-grey-lightest lrv-u-width-100p lrv-u-display-block lrv-u-height-auto\" src=\"https:\/\/wwd.com\/wp-content\/themes\/vip\/pmc-wwd-2021\/assets\/public\/lazyload-fallback.gif\" data-lazy-src=\"https:\/\/www.europesays.com\/uk\/wp-content\/uploads\/2025\/07\/as-ever-meghan-markle-wine-rose-as_ever-lifestyle-18.jpg\" alt=\"As Ever's 2023 Napa Valley Ros\u00e9\" data-lazy- data-lazy- height=\"1024\" width=\"937\" decoding=\"async\"\/><\/p>\n<p>\t\t\t\t\tAs Ever\u2019s 2023 Napa Valley Ros\u00e9<\/p>\n<p>\t\t\t\t\t\t\t\t\tCourtesy of As Ever<\/p>\n<p class=\"paragraph larva \/\/ lrv-u-margin-lr-auto  lrv-a-font-body-m   \">\n\tMarkle first announced the release of the ros\u00e9 on June 20, accompanied by As Ever\u2019s summer drop, which introduced two new products: an Apricot Spread, priced at $9, and an Orange Blossom Honey, retailing at $28, which features floral notes and citrus undertones.<\/p>\n<p class=\"paragraph larva \/\/ lrv-u-margin-lr-auto  lrv-a-font-body-m   \">\n\tMarkle launched the As Ever brand, a reconfiguration of her initial <a rel=\"noreferrer noopener\" target=\"_blank\" href=\"https:\/\/wwd.com\/pop-culture\/culture-news\/meghan-markle-american-riviera-orchard-brand-1236264362\/\">American Riviera Orchard <\/a>label, in February. <\/p>\n<p>\t\t\t\t\t\t<img loading=\"lazy\" class=\"c-lazy-image__img lrv-u-background-color-grey-lightest lrv-u-width-100p lrv-u-display-block lrv-u-height-auto\" src=\"https:\/\/wwd.com\/wp-content\/themes\/vip\/pmc-wwd-2021\/assets\/public\/lazyload-fallback.gif\" data-lazy-src=\"https:\/\/www.europesays.com\/uk\/wp-content\/uploads\/2025\/07\/as-ever-meghan-markle-wine-rose-as_ever-lifestyle-11.jpg\" alt=\"As Ever's 2023 Napa Valley Ros\u00e9\" data-lazy- data-lazy- height=\"958\" width=\"1024\" decoding=\"async\"\/><\/p>\n<p>\t\t\t\t\tAs Ever\u2019s 2023 Napa Valley Ros\u00e9<\/p>\n<p>\t\t\t\t\t\t\t\t\tCourtesy of As Ever<\/p>\n<p class=\"paragraph larva \/\/ lrv-u-margin-lr-auto  lrv-a-font-body-m   \">\n\t\u201c\u2018As ever\u2019 means \u2018as it\u2019s always been\u2019 or some even say \u2018in the same way as always,&#8217;\u201d Markle wrote on her Instagram back then. \u201cIf you\u2019ve followed along since my days of creating The Tig, you\u2019ll know this couldn\u2019t be truer for me. This new chapter is an extension of what has always been my love language, beautifully weaving together everything I cherish \u2014 food, gardening, entertaining, thoughtful living and finding joy in the everyday.\u201d<\/p>\n","protected":false},"excerpt":{"rendered":"Meghan Markle officially launched the first alcoholic offering of her lifestyle brand, As Ever, debuting its 2023 Napa&hellip;\n","protected":false},"author":2,"featured_media":231539,"comment_status":"","ping_status":"","sticky":false,"template":"","format":"standard","meta":{"footnotes":""},"categories":[7708],"tags":[7709,7721,7719,7718,7720,1281,447,1412,7710,519,7711],"class_list":{"0":"post-231538","1":"post","2":"type-post","3":"status-publish","4":"format-standard","5":"has-post-thumbnail","7":"category-royals","8":"tag-british-royal-family","9":"tag-duchess-of-sussex","10":"tag-duke-of-sussex","11":"tag-harry","12":"tag-meghan","13":"tag-meghan-markle","14":"tag-prince-harry","15":"tag-princess-diana","16":"tag-royal-families","17":"tag-royal-family","18":"tag-uk-royal-family"},"share_on_mastodon":{"url":"https:\/\/pubeurope.com\/@uk\/114782711823846524","error":""},"_links":{"self":[{"href":"https:\/\/www.europesays.com\/uk\/wp-json\/wp\/v2\/posts\/231538","targetHints":{"allow":["GET"]}}],"collection":[{"href":"https:\/\/www.europesays.com\/uk\/wp-json\/wp\/v2\/posts"}],"about":[{"href":"https:\/\/www.europesays.com\/uk\/wp-json\/wp\/v2\/types\/post"}],"author":[{"embeddable":true,"href":"https:\/\/www.europesays.com\/uk\/wp-json\/wp\/v2\/users\/2"}],"replies":[{"embeddable":true,"href":"https:\/\/www.europesays.com\/uk\/wp-json\/wp\/v2\/comments?post=231538"}],"version-history":[{"count":0,"href":"https:\/\/www.europesays.com\/uk\/wp-json\/wp\/v2\/posts\/231538\/revisions"}],"wp:featuredmedia":[{"embeddable":true,"href":"https:\/\/www.europesays.com\/uk\/wp-json\/wp\/v2\/media\/231539"}],"wp:attachment":[{"href":"https:\/\/www.europesays.com\/uk\/wp-json\/wp\/v2\/media?parent=231538"}],"wp:term":[{"taxonomy":"category","embeddable":true,"href":"https:\/\/www.europesays.com\/uk\/wp-json\/wp\/v2\/categories?post=231538"},{"taxonomy":"post_tag","embeddable":true,"href":"https:\/\/www.europesays.com\/uk\/wp-json\/wp\/v2\/tags?post=231538"}],"curies":[{"name":"wp","href":"https:\/\/api.w.org\/{rel}","templated":true}]}}