{"id":233483,"date":"2025-07-03T01:45:22","date_gmt":"2025-07-03T01:45:22","guid":{"rendered":"https:\/\/www.europesays.com\/uk\/233483\/"},"modified":"2025-07-03T01:45:22","modified_gmt":"2025-07-03T01:45:22","slug":"photos-by-charly-broyez-and-laurent-kronental-celebrate-architecture-ahead-of-its-time-colossal","status":"publish","type":"post","link":"https:\/\/www.europesays.com\/uk\/233483\/","title":{"rendered":"Photos by Charly Broyez and Laurent Kronental Celebrate Architecture Ahead of Its Time \u2014 Colossal"},"content":{"rendered":"<p>Forty minutes east of Montpellier on France\u2019s Mediterranean coast sits a midcentury complex once disparaged as \u201carchitectural pollution\u201d by L\u2019Architecture d\u2019Aujourd\u2019hui. The seminal work of architect Jean Balladur, <a href=\"https:\/\/en.wikipedia.org\/wiki\/La_Grande-Motte\" target=\"_blank\" rel=\"noreferrer noopener\">La Grande Motte<\/a> \u2014 which means \u201cthe big mound\u201d \u2014 is a modernist development comprising buildings inspired by pyramids and mastabas that rise above the sandy, green expanse of a former farm between the \u00c9tang de l\u2019\u00d3r lagoon and the open sea.<\/p>\n<p>Conceived as a resort during the post-war period when Europeans were again embracing holiday travel, La Grande Motte accommodates nearly 38,000 tourists in vacation homes, apartments, and campsites. Balladur realized the project during what is known as the Les Trente Glorieuses, or \u201cthe glorious thirty,\u201d a period of economic prosperity following the end of World War II. And for him, the resort represented an ideal city in which lodging was relatively affordable and residents could escape socio-economic pressures.<\/p>\n<p><img loading=\"lazy\" decoding=\"async\" width=\"1500\" height=\"1200\" src=\"https:\/\/www.europesays.com\/uk\/wp-content\/uploads\/2025\/07\/grande-motte-6.jpg\" alt=\"a modernist resort apartment complex in all-white against a sunset\" class=\"wp-image-457984\"  \/><\/p>\n<p>For photographers and collaborators <a href=\"https:\/\/www.laurentkronental.com\/\" target=\"_blank\" rel=\"noreferrer noopener\">Laurent Kronental<\/a> and <a href=\"https:\/\/www.charly-broyez.net\/\" target=\"_blank\" rel=\"noreferrer noopener\">Charly Broyez<\/a>, who often focus on architecture and urban environments, La Grande Motte presented a unique opportunity to explore an infamous location which, over the years, has grown on its critics. Increasingly seen as a concept well ahead of its time, its unique forms, white facades, sculptural elements, and harmony with nature provided an irresistible focus for a series titled La Cit\u00e9 Oasis\u2014un R\u00eave Futuriste au bord de la M\u00e9diterran\u00e9e, or, The Oasis City\u2014a Futuristic Dream on the Mediterranean.<\/p>\n<p>Between 2019 and 2023, Kronental and Broyez captured the gleaming towers, arched silhouettes, sculptural elements, and brutalist details in dusky, glowing images that radiate a feeling of summertime. We see the nuanced influences Balladur incorporated from sources like the pre-Columbian pyramids of Teotihuacan, Mexico, or Le Corbusier\u2019s La Cit\u00e9 radieuse in nearby Marseille. Each building is unique, rising from the sand like enormous, inhabitable sculptures.<\/p>\n<p>Broyez and Kronental\u2019s images are devoid of people, but umbrellas on balconies, towls hanging to dry, or open windows suggest their presence. Exploring La Grande Motte was \u201clike discovering a parallel world in which we don\u2019t know if we\u2019ve found the remains of an ancient civilization, or entered the future,\u201d Kronental told <a href=\"https:\/\/www.nytimes.com\/2024\/09\/10\/t-magazine\/la-grande-motte-french-resort-town.html\" target=\"_blank\" rel=\"noreferrer noopener\">The New York Times<\/a>. <\/p>\n<p>Check out both <a href=\"https:\/\/www.instagram.com\/charly.broyez\/?hl=fr\" target=\"_blank\" rel=\"noreferrer noopener\">Broyez<\/a> and <a href=\"https:\/\/www.instagram.com\/laurentkronental\/\" target=\"_blank\" rel=\"noreferrer noopener\">Kronental<\/a> on Instagram, and peruse the <a href=\"https:\/\/www.laurentkronental.com\/La-Cite-Oasis\/1\" target=\"_blank\" rel=\"noreferrer noopener\">entire project<\/a>, which consists of nearly 70 photos.<\/p>\n<p><img loading=\"lazy\" decoding=\"async\" width=\"1500\" height=\"1200\" src=\"https:\/\/www.europesays.com\/uk\/wp-content\/uploads\/2025\/07\/grande-motte-1.jpg\" alt=\"a modernist resort apartment complex in all-white against a blue sky\" class=\"wp-image-457989\"  \/><\/p>\n<p><img loading=\"lazy\" decoding=\"async\" width=\"1200\" height=\"1500\" src=\"https:\/\/www.europesays.com\/uk\/wp-content\/uploads\/2025\/07\/grande-motte-4.jpg\" alt=\"a detail of modernist architecture against a blue sky\" class=\"wp-image-457992\"  \/><\/p>\n<p><img loading=\"lazy\" decoding=\"async\" width=\"1500\" height=\"1200\" src=\"https:\/\/www.europesays.com\/uk\/wp-content\/uploads\/2025\/07\/grande-motte-7.jpg\" alt=\"a modernist resort apartment complex in all-white against a blue sky\" class=\"wp-image-457985\"  \/><\/p>\n<p><img loading=\"lazy\" decoding=\"async\" width=\"1500\" height=\"1200\" src=\"https:\/\/www.europesays.com\/uk\/wp-content\/uploads\/2025\/07\/grande-motte-8.jpg\" alt=\"a detail of a modernist resort apartment complex in all-white against a blue sky near a broad, flat, green landscape\" class=\"wp-image-457986\"  \/><\/p>\n<p><img loading=\"lazy\" decoding=\"async\" width=\"1500\" height=\"1200\" src=\"https:\/\/www.europesays.com\/uk\/wp-content\/uploads\/2025\/07\/grande-motte-2.jpg\" alt=\"a detail of modernist architecture with trees in the foreground\" class=\"wp-image-457990\"  \/><\/p>\n<p><img loading=\"lazy\" decoding=\"async\" width=\"1500\" height=\"1200\" src=\"https:\/\/www.europesays.com\/uk\/wp-content\/uploads\/2025\/07\/grande-motte-3.jpg\" alt=\"a modernist resort apartment complex in all-white against a blue sky with trees and sculptures in the foreground\" class=\"wp-image-457991\"  \/><\/p>\n<p><img loading=\"lazy\" decoding=\"async\" width=\"1200\" height=\"1500\" src=\"https:\/\/www.europesays.com\/uk\/wp-content\/uploads\/2025\/07\/grande-motte-5.jpg\" alt=\"a detail of modernist architecture against a blue sky with shrubs, with shapes in the form of human facial profiles\" class=\"wp-image-457983\"  \/><\/p>\n<p><img loading=\"lazy\" decoding=\"async\" width=\"1500\" height=\"1200\" src=\"https:\/\/www.europesays.com\/uk\/wp-content\/uploads\/2025\/07\/grande-motte-9.jpg\" alt=\"a modernist resort apartment complex in all-white against a blue sky\" class=\"wp-image-457987\"  \/><\/p>\n<p><strong>Do stories and artists like this matter to you?<\/strong> Become a <a href=\"https:\/\/www.thisiscolossal.com\/members\/\" data-type=\"page\" data-id=\"118516\" target=\"_blank\" rel=\"noopener\">Colossal Member<\/a> now, and support independent arts publishing.<\/p>\n<ul class=\"wp-block-list\">\n<li>Hide advertising<\/li>\n<li>Save your favorite articles<\/li>\n<li>Get 15% off in the <a href=\"https:\/\/colossal.shop\/\" target=\"_blank\" rel=\"noopener\">Colossal Shop<\/a><\/li>\n<li>Receive members-only newsletter<\/li>\n<li>Give 1% for art supplies in K-12 classrooms<\/li>\n<\/ul>\n<p>\t<script async src=\"\/\/www.instagram.com\/embed.js\"><\/script><\/p>\n","protected":false},"excerpt":{"rendered":"Forty minutes east of Montpellier on France\u2019s Mediterranean coast sits a midcentury complex once disparaged as \u201carchitectural pollution\u201d&hellip;\n","protected":false},"author":2,"featured_media":233484,"comment_status":"","ping_status":"","sticky":false,"template":"","format":"standard","meta":{"footnotes":""},"categories":[3939],"tags":[4023,4021,4020,91529,4022,77,36,91530,16,15],"class_list":{"0":"post-233483","1":"post","2":"type-post","3":"status-publish","4":"format-standard","5":"has-post-thumbnail","7":"category-arts-and-design","8":"tag-architecture","9":"tag-arts","10":"tag-arts-and-design","11":"tag-charly-broyez","12":"tag-design","13":"tag-entertainment","14":"tag-france","15":"tag-laurent-kronental","16":"tag-uk","17":"tag-united-kingdom"},"share_on_mastodon":{"url":"https:\/\/pubeurope.com\/@uk\/114786777842052875","error":""},"_links":{"self":[{"href":"https:\/\/www.europesays.com\/uk\/wp-json\/wp\/v2\/posts\/233483","targetHints":{"allow":["GET"]}}],"collection":[{"href":"https:\/\/www.europesays.com\/uk\/wp-json\/wp\/v2\/posts"}],"about":[{"href":"https:\/\/www.europesays.com\/uk\/wp-json\/wp\/v2\/types\/post"}],"author":[{"embeddable":true,"href":"https:\/\/www.europesays.com\/uk\/wp-json\/wp\/v2\/users\/2"}],"replies":[{"embeddable":true,"href":"https:\/\/www.europesays.com\/uk\/wp-json\/wp\/v2\/comments?post=233483"}],"version-history":[{"count":0,"href":"https:\/\/www.europesays.com\/uk\/wp-json\/wp\/v2\/posts\/233483\/revisions"}],"wp:featuredmedia":[{"embeddable":true,"href":"https:\/\/www.europesays.com\/uk\/wp-json\/wp\/v2\/media\/233484"}],"wp:attachment":[{"href":"https:\/\/www.europesays.com\/uk\/wp-json\/wp\/v2\/media?parent=233483"}],"wp:term":[{"taxonomy":"category","embeddable":true,"href":"https:\/\/www.europesays.com\/uk\/wp-json\/wp\/v2\/categories?post=233483"},{"taxonomy":"post_tag","embeddable":true,"href":"https:\/\/www.europesays.com\/uk\/wp-json\/wp\/v2\/tags?post=233483"}],"curies":[{"name":"wp","href":"https:\/\/api.w.org\/{rel}","templated":true}]}}