{"id":235543,"date":"2025-07-03T19:45:10","date_gmt":"2025-07-03T19:45:10","guid":{"rendered":"https:\/\/www.europesays.com\/uk\/235543\/"},"modified":"2025-07-03T19:45:10","modified_gmt":"2025-07-03T19:45:10","slug":"boxer-julio-cesar-chavez-jr-arrested-by-ice-over-alleged-cartel-ties-boxing","status":"publish","type":"post","link":"https:\/\/www.europesays.com\/uk\/235543\/","title":{"rendered":"Boxer Julio C\u00e9sar Ch\u00e1vez Jr arrested by Ice over alleged cartel ties | Boxing"},"content":{"rendered":"<p class=\"dcr-16w5gq9\">Immigration and Customs Enforcement (Ice) has arrested Mexican boxer Julio C\u00e9sar Ch\u00e1vez Jr in California and begun proceedings to deport him, citing cartel affiliations, multiple criminal convictions and an active arrest warrant in Mexico for weapons trafficking and organized crime.<\/p>\n<p class=\"dcr-16w5gq9\">Ch\u00e1vez Jr, 39, the son of the legendary world champion Julio C\u00e9sar Ch\u00e1vez Sr, was taken into custody by Ice agents on Tuesday in Studio City, a Los Angeles neighborhood known for celebrity residences. According to the Department of Homeland Security (DHS), he had been living in the US unlawfully and posed a significant threat to public safety.<\/p>\n<p class=\"dcr-16w5gq9\">Nonetheless, just five days before his arrest, Ch\u00e1vez Jr was allowed to participate in a heavily promoted boxing match against YouTuber-turned-fighter Jake Paul in Anaheim. The fight promoter claimed that the match which Ch\u00e1vez Jr <a href=\"https:\/\/www.theguardian.com\/sport\/2025\/jul\/01\/jake-paul-wba-cruiserweight-ranking-title-shot\" data-link-name=\"in body link\" target=\"_blank\" rel=\"noopener\">lost<\/a> to Paul proved to be the highest grossing boxing event ever held at Anaheim\u2019s Honda Center, with one outlet estimating it generated more than $1.5m in gate revenue.<\/p>\n<p class=\"dcr-16w5gq9\">Ch\u00e1vez Jr first entered the US legally on a six-month tourist visa in August 2023. He later filed for permanent residency in April 2024, citing marriage to a US citizen. That application raised alarms within federal agencies due to what officials described as \u201cmultiple fraudulent statements\u201d and connections to the Sinaloa cartel, a powerful drug trafficking organization labeled a foreign terrorist group by the Trump administration.<\/p>\n<p class=\"dcr-16w5gq9\">His arrest comes amid mounting political tension over the Biden administration\u2019s immigration enforcement policies. Internal DHS documents reportedly showed that although Ch\u00e1vez was flagged as an \u201cegregious public safety threat\u201d in December 2024, his removal was not prioritized. In January 2025, despite those warnings, Ch\u00e1vez was allowed reentry into the country at the San Ysidro port of entry in California under a discretionary parole process.<\/p>\n<p class=\"dcr-16w5gq9\">\u201cThis Sinaloa Cartel affiliate with an active arrest warrant for trafficking guns, ammunition, and explosives was arrested by Ice,\u201d said DHS Assistant Secretary Tricia McLaughlin in a sharply worded statement. \u201cIt is shocking the previous administration flagged this criminal illegal alien as a public safety threat but chose to not prioritize his removal and let him leave and come back into our country.\u201d<\/p>\n<p class=\"dcr-16w5gq9\">Federal officials allege Ch\u00e1vez Jr has longstanding ties to organized crime. In Mexico, he is wanted on charges of weapons trafficking and manufacturing explosives without authorization. In the United States, he has a criminal record dating back more than a decade. He was convicted of DUI in California in 2012, and more recently, in January 2024, he was convicted of illegal possession of an assault weapon and manufacturing or importing a short-barreled rifle.<\/p>\n<p class=\"dcr-16w5gq9\">The boxer has struggled with substance abuse and legal trouble throughout his career. Once seen as a rising star in Mexican boxing, who held the World <a href=\"https:\/\/www.theguardian.com\/sport\/boxing\" data-link-name=\"in body link\" data-component=\"auto-linked-tag\" target=\"_blank\" rel=\"noopener\">Boxing<\/a> Council\u2019s version of the middleweight title from 2011 through 2012, his in-ring performances in recent years have been overshadowed by repeated arrests, erratic behavior and suspensions.<\/p>\n<p class=\"dcr-16w5gq9\">Ch\u00e1vez\u2019s wife \u2013 through whom he filed for a green card \u2013 has also drawn scrutiny. DHS officials say she was previously in a relationship with one of Joaqu\u00edn \u2018El Chapo\u2019 Guzm\u00e1n\u2019s sons, though she has not been charged with any crime.<\/p>\n<p class=\"dcr-16w5gq9\">Ch\u00e1vez is currently in Ice custody and will be processed for expedited removal. A spokesperson for his legal team did not immediately respond to requests for comment.<\/p>\n<p class=\"dcr-16w5gq9\">The arrest highlights ongoing friction between immigration enforcement priorities and public safety concerns, as both major parties prepare for a general election in which border policy is expected to feature prominently.<\/p>\n","protected":false},"excerpt":{"rendered":"Immigration and Customs Enforcement (Ice) has arrested Mexican boxer Julio C\u00e9sar Ch\u00e1vez Jr in California and begun proceedings&hellip;\n","protected":false},"author":2,"featured_media":235544,"comment_status":"","ping_status":"","sticky":false,"template":"","format":"standard","meta":{"footnotes":""},"categories":[4108],"tags":[1935,79,16,15],"class_list":{"0":"post-235543","1":"post","2":"type-post","3":"status-publish","4":"format-standard","5":"has-post-thumbnail","7":"category-boxing","8":"tag-boxing","9":"tag-sports","10":"tag-uk","11":"tag-united-kingdom"},"share_on_mastodon":{"url":"https:\/\/pubeurope.com\/@uk\/114791024125330837","error":""},"_links":{"self":[{"href":"https:\/\/www.europesays.com\/uk\/wp-json\/wp\/v2\/posts\/235543","targetHints":{"allow":["GET"]}}],"collection":[{"href":"https:\/\/www.europesays.com\/uk\/wp-json\/wp\/v2\/posts"}],"about":[{"href":"https:\/\/www.europesays.com\/uk\/wp-json\/wp\/v2\/types\/post"}],"author":[{"embeddable":true,"href":"https:\/\/www.europesays.com\/uk\/wp-json\/wp\/v2\/users\/2"}],"replies":[{"embeddable":true,"href":"https:\/\/www.europesays.com\/uk\/wp-json\/wp\/v2\/comments?post=235543"}],"version-history":[{"count":0,"href":"https:\/\/www.europesays.com\/uk\/wp-json\/wp\/v2\/posts\/235543\/revisions"}],"wp:featuredmedia":[{"embeddable":true,"href":"https:\/\/www.europesays.com\/uk\/wp-json\/wp\/v2\/media\/235544"}],"wp:attachment":[{"href":"https:\/\/www.europesays.com\/uk\/wp-json\/wp\/v2\/media?parent=235543"}],"wp:term":[{"taxonomy":"category","embeddable":true,"href":"https:\/\/www.europesays.com\/uk\/wp-json\/wp\/v2\/categories?post=235543"},{"taxonomy":"post_tag","embeddable":true,"href":"https:\/\/www.europesays.com\/uk\/wp-json\/wp\/v2\/tags?post=235543"}],"curies":[{"name":"wp","href":"https:\/\/api.w.org\/{rel}","templated":true}]}}