{"id":236021,"date":"2025-07-04T00:05:21","date_gmt":"2025-07-04T00:05:21","guid":{"rendered":"https:\/\/www.europesays.com\/uk\/236021\/"},"modified":"2025-07-04T00:05:21","modified_gmt":"2025-07-04T00:05:21","slug":"switzerland-stirs-brexit-ghosts-in-push-for-eu-access-2","status":"publish","type":"post","link":"https:\/\/www.europesays.com\/uk\/236021\/","title":{"rendered":"Switzerland stirs Brexit ghosts in push for EU access"},"content":{"rendered":"<p>    <img fetchpriority=\"high\" src=\"https:\/\/www.europesays.com\/uk\/wp-content\/uploads\/2025\/07\/167699599_highres.jpg\" width=\"1300\" height=\"867\" alt=\"Aerial view of the Swiss capital Bern.\" loading=\"eager\" decoding=\"auto\"\/><\/p>\n<p>                Aerial view of the Swiss capital Bern.            <\/p>\n<p>            Keystone-SDA        <\/p>\n<p>            Listen to the article        <\/p>\n<p>            Listening the article        <\/p>\n<p>                Toggle language selector            <\/p>\n<ul class=\"read-aloud\/track-selector__options\">\n<li>\n<p>                            English (US)                        <\/p>\n<\/li>\n<li>\n<p>                            English (British)                        <\/p>\n<\/li>\n<\/ul>\n<p>            Generated with artificial intelligence.        <\/p>\n<p>        A proudly independent European nation confronted with a stark political choice: keep EU single market access but only by making financial payments, taking migrants and giving up judicial power.\n<\/p>\n<p>        This content was published on    <\/p>\n<p>        July 1, 2025 &#8211; 12:33\n<\/p>\n<p>This time the question is not one for Brexit Britain \u2014 but Switzerland.<\/p>\n<p>After more than a decade of grinding talks with Brussels, the Alpine country has reached a deal to keep and improve its access to the EU\u2019s single market.<\/p>\n<p>        External Content    <\/p>\n<p><img loading=\"lazy\" decoding=\"async\" src=\"https:\/\/www.europesays.com\/uk\/wp-content\/uploads\/2025\/06\/FT-png-data.png\" alt=\"FT\" width=\"165\" height=\"80\"\/><\/p>\n<p>But the agreement \u2014 which will be put to a referendum \u2014 includes all the same thorny issues that have bedevilled the UK-EU relationship, including budget contributions, migration policy and the role of foreign judges.<\/p>\n<p>Nearly 1,000 pages of text, unveiled last month after a deal was signed in December, would finally anchor Switzerland more firmly to the world\u2019s largest single market.<\/p>\n<p>\n    More<\/p>\n<p>    <img src=\"https:\/\/www.europesays.com\/uk\/wp-content\/uploads\/2025\/06\/640146095_highres_84f934.jpg\" width=\"1083\" height=\"761\" alt=\"ursula von der leyen and viola amherd\" loading=\"lazy\" decoding=\"async\"\/><\/p>\n<p>        More    <\/p>\n<p>        The Swiss-EU bilateral treaty updates, explained    <\/p>\n<p class=\"teaser-wide-card__excerpt\">\n<p>                        This content was published on                    <\/p>\n<p>                        Jan 29, 2025                    <\/p>\n<p>                Switzerland has negotiated a new agreement with the EU, marking a new chapter in the history of a complex relationship. What is set to change?            <\/p>\n<p>    <a class=\"teaser-wide-card__link\" href=\"https:\/\/www.swissinfo.ch\/eng\/swiss-politics\/the-swiss-eu-bilateral-treaty-updates-explained\/88790104\" target=\"_self\" rel=\"noopener\"><\/p>\n<p>            Read more: The Swiss-EU bilateral treaty updates, explained<br \/>\n    <\/a><\/p>\n<p>But even the six market access agreements, which try to bring order to the tangle of previous arrangements, would still be on top of about 120 additional sectoral agreements that remain in place.<\/p>\n<p>If approved, the new framework binds Switzerland to mirror changes to EU legislation in areas including the regulation of goods, migration, electricity and transport \u2014 or face retaliatory measures. Bern would have little influence over how the rules develop, but it would be obliged to pay \u20ac375 million (CHF349 million) annually into the EU budget.<\/p>\n<p>Switzerland could be readmitted as an associate member into the bloc\u2019s Horizon Europe science programme and become part of the nuclear science body Euratom and the student exchange scheme Erasmus.<\/p>\n<p>The pact in many ways parallels the UK\u2019s struggle of balancing sovereignty with EU market access. In May, the EU and UK agreed a number of changes from fisheries to energy as part of a relationship \u201creset\u201d.<\/p>\n<p>\u201cThere has been a pick-up in engagement and interest by the British in the negotiations we have been having with Brussels,\u201d said one Swiss official.<\/p>\n<p>The negotiations also come as both London and Bern are seeking deeper defence and security ties with the bloc after President Donald Trump\u2019s threats to withdraw US guarantees that have underpinned Europe\u2019s security since the second world war.<\/p>\n<p>\u201cThe EU\u2019s public position has long been that the Swiss and UK negotiations are separate, but in practice EU negotiators were keen to avoid setting precedents in one negotiation that might affect the other,\u201d said Anton Spisak, an associate fellow at the Centre for European Reform.<\/p>\n<p>He added it was \u201cno surprise\u201d the same EU officials were involved in the Swiss negotiations and the recent UK-EU reset. There were nearly identical outcomes on issues like food safety (SPS) and governance in both agreements.<\/p>\n<p>Now Switzerland will have to accept or reject the deal, a process that will take several years.<\/p>\n<p>\n    More<\/p>\n<p>    <img src=\"https:\/\/www.europesays.com\/uk\/wp-content\/uploads\/2025\/07\/658033375_highres.jpg\" width=\"1300\" height=\"867\" alt=\"Cassis\" loading=\"lazy\" decoding=\"async\"\/><\/p>\n<p>        More    <\/p>\n<p>        Swiss-EU deal: the insidious debate begins\u00a0    <\/p>\n<p class=\"teaser-wide-card__excerpt\">\n<p>                        This content was published on                    <\/p>\n<p>                        May 24, 2025                    <\/p>\n<p>                Reactions to the government\u2019s first tactical manoeuvre show that, on this issue, playing for time won\u2019t work. Here is an analysis.\u00a0            <\/p>\n<p>    <a class=\"teaser-wide-card__link\" href=\"https:\/\/www.swissinfo.ch\/eng\/foreign-affairs\/swiss-eu-deal-the-insidious-debate-begins\/89379091\" target=\"_self\" rel=\"noopener\"><\/p>\n<p>            Read more: Swiss-EU deal: the insidious debate begins\u00a0<br \/>\n    <\/a><\/p>\n<p>First will be a public consultation process until the autumn, then the text \u2014 possibly with some amendments \u2014 will be handed to parliament to start debating next year. The government aims to hold the referendum by June 2027, otherwise national elections later that year will push it into 2028.<\/p>\n<p>The \u201cdynamic alignment\u201d \u2014 automatic adoption of changes to EU laws \u2014 are on six key areas: mutual recognition of goods standards, electricity, food safety, air and land transport and freedom of movement. Bern can lobby Brussels and EU members when they work on updates to those rules, but has no say in the final outcome and faces sanctions if it fails to implement the changes.<\/p>\n<p>This will be uncomfortable for many Swiss given their deeply entrenched system of direct democracy. \u201cThe Swiss have always followed these updates anyway. But they want to have the ability to choose. That is the key difference for us,\u201d said one Zurich-based financier.<\/p>\n<p>The agreements include an arbitration clause that ensures disputes are resolved by an independent panel \u2014 rather than unilaterally by EU courts \u2014 to address Swiss concerns over sovereignty and legal autonomy.<\/p>\n<p>\n    More<\/p>\n<p>    <img src=\"https:\/\/www.europesays.com\/uk\/wp-content\/uploads\/2025\/07\/118034227_highres.jpg\" width=\"1300\" height=\"867\" alt=\"The European Union and Switzerland do not have the same currency, but they have close economic ties (illustration).\" loading=\"lazy\" decoding=\"async\"\/><\/p>\n<p>        More    <\/p>\n<p>        Swiss-EU economic relations in eight charts    <\/p>\n<p class=\"teaser-wide-card__excerpt\">\n<p>                        This content was published on                    <\/p>\n<p>                        Mar 27, 2025                    <\/p>\n<p>                Switzerland and the EU have just concluded a new package of bilateral agreements. Here are some key figures on the long-standing economic links between the two partners.            <\/p>\n<p>    <a class=\"teaser-wide-card__link\" href=\"https:\/\/www.swissinfo.ch\/eng\/swiss-position\/swiss-eu-economic-relations-in-eight-charts\/89060688\" target=\"_self\" rel=\"noopener\"><\/p>\n<p>            Read more: Swiss-EU economic relations in eight charts<br \/>\n    <\/a><\/p>\n<p>But when the case involves EU law, the arbitration panel must ask the European Court of Justice, the bloc\u2019s top court, for a binding interpretation.<\/p>\n<p>Carl Baudenbacher, a lawyer and expert on international business law, argued the ECJ would be the true legal authority behind the scenes.<\/p>\n<p>\u201cThe arbitrators are legally obliged to ask the CJEU in the most important cases and the judgment is legally binding on the arbitration panel. It is essentially camouflage,\u201d he said.<\/p>\n<p>Like in the UK, ECJ jurisdiction and the \u201cdynamic\u201d adoption of EU laws are becoming lightning rods for Switzerland\u2019s own Eurosceptic movement.<\/p>\n<p>\u201cThe dynamic takeover of EU law and ECJ rulings ultimately changes the system of direct democracy in Switzerland. It downgrades our competitiveness,\u201d said Kompass\/Europa chief executive Philip Erzinger. The anti-EU group, started by private equity billionaires and other entrepreneurs, is gathering signatures to launch an initiative for the public vote on the matter.<\/p>\n<p>\u201cFor example, you don\u2019t need an agreement on free movement of people to hire people from foreign countries,\u201d Erzinger added.<\/p>\n<p>Switzerland\u2019s right-wing Swiss People\u2019s Party is against the deal though it had found support on the left. The centrist parties such as the Radical-Liberal Party are yet to take a stance.<\/p>\n<p>There is also a question of punishment if Switzerland votes no. In 2021, when Switzerland walked away from talks, the EU retaliated by downgrading Swiss participation in the Horizon Europe. That could happen again if the deal was not ratified by the end of 2028.<\/p>\n<p>\n    More<\/p>\n<p>    <img src=\"https:\/\/www.europesays.com\/uk\/wp-content\/uploads\/2025\/07\/6d8a6b10eefedbfce11cc8966dacd1c24fa9001b-88621247.jpg\" width=\"1400\" height=\"1050\" alt=\"Negotiations between Switzerland and the EU concluded, objectives achieved\" loading=\"lazy\" decoding=\"async\"\/><\/p>\n<p>        More    <\/p>\n<p>        Switzerland and EU reach deal on future bilateral relations    <\/p>\n<p class=\"teaser-wide-card__excerpt\">\n<p>                        This content was published on                    <\/p>\n<p>                        Dec 20, 2024                    <\/p>\n<p>                Switzerland and the European Union have announced a political agreement to update their trading relationship after almost a decade of difficult talks.            <\/p>\n<p>    <a class=\"teaser-wide-card__link\" href=\"https:\/\/www.swissinfo.ch\/eng\/swiss-politics\/negotiations-between-switzerland-and-the-eu-concluded-objectives-achieved\/88621356\" target=\"_self\" rel=\"noopener\"><\/p>\n<p>            Read more: Switzerland and EU reach deal on future bilateral relations<br \/>\n    <\/a><\/p>\n<p>EU trade commissioner Maro\u0161 \u0160ef\u010dovi\u010d has refused to be drawn on possible action. But EU officials told the Financial Times that maintaining the status quo was not an option.<\/p>\n<p>Swiss officials say the erosion of the existing bilateral agreements could have serious long-term ramifications, for example in terms of Swiss export capacity, security and transport between Switzerland and EU countries.<\/p>\n<p>\u201cIf there is a No [vote], the EU feels this needs to be the end of the road for the bilateral way and the special treatment for Switzerland,\u201d said an official familiar with thinking in Brussels.<\/p>\n<p>Others, however, think it is high time to do a deal with Switzerland\u2019s largest trading partner.<\/p>\n<p>\u201cWe have been living with this drama since the 90s. Europe is our biggest trading partner and we need to solve the problem institutionally as opposed to sector by sector,\u201d said Jean Keller, head of Geneva-based fund manager Quaero Capital.<\/p>\n<p>\u201cYes, we need to make sure things like workers\u2019 rights are protected, but finally finding a framework that is durable for us to do business in Europe is imperative.\u201d<\/p>\n<p><strong>Copyright The Financial Times Limited 2025<\/strong><\/p>\n<p>\n    More<\/p>\n<p>    <img src=\"https:\/\/www.europesays.com\/uk\/wp-content\/uploads\/2025\/07\/ch_eu_teaser-eng.jpg\" width=\"1500\" height=\"1000\" alt=\"let's talk teaser\" loading=\"lazy\" decoding=\"async\"\/><\/p>\n<p>        More    <\/p>\n<p>        Swiss-EU ties finally find a sense of stability    <\/p>\n<p class=\"teaser-wide-card__excerpt\">\n<p>                        This content was published on                    <\/p>\n<p>                        Apr 16, 2025                    <\/p>\n<p>                The new agreement between Bern and the EU appears tailormade for Switzerland. But our guests at a Let\u2019s Talk debate warn that the bilateral route is not a long-term solution.            <\/p>\n<p>    <a class=\"teaser-wide-card__link\" href=\"https:\/\/www.swissinfo.ch\/eng\/swiss-politics\/swiss-eu-ties-finally-find-a-sense-of-stability\/89164959\" target=\"_self\" rel=\"noopener\"><\/p>\n<p>            Read more: Swiss-EU ties finally find a sense of stability<br \/>\n    <\/a><\/p>\n<p>        Articles in this story    <\/p>\n","protected":false},"excerpt":{"rendered":"Aerial view of the Swiss capital Bern. Keystone-SDA Listen to the article Listening the article Toggle language selector&hellip;\n","protected":false},"author":2,"featured_media":236022,"comment_status":"","ping_status":"","sticky":false,"template":"","format":"standard","meta":{"footnotes":""},"categories":[5226],"tags":[3907,92203,25481,36655,802,748,2000,299,5187,1699,21530,4884,38432,16,15],"class_list":{"0":"post-236021","1":"post","2":"type-post","3":"status-publish","4":"format-standard","5":"has-post-thumbnail","7":"category-brexit","8":"tag-article","9":"tag-beat-democracy","10":"tag-beat-foreign-affairs","11":"tag-beat-swiss-politics","12":"tag-brexit","13":"tag-britain","14":"tag-eu","15":"tag-europe","16":"tag-european","17":"tag-european-union","18":"tag-give-me-perspective","19":"tag-great-britain","20":"tag-politics-general","21":"tag-uk","22":"tag-united-kingdom"},"share_on_mastodon":{"url":"https:\/\/pubeurope.com\/@uk\/114792046818118239","error":""},"_links":{"self":[{"href":"https:\/\/www.europesays.com\/uk\/wp-json\/wp\/v2\/posts\/236021","targetHints":{"allow":["GET"]}}],"collection":[{"href":"https:\/\/www.europesays.com\/uk\/wp-json\/wp\/v2\/posts"}],"about":[{"href":"https:\/\/www.europesays.com\/uk\/wp-json\/wp\/v2\/types\/post"}],"author":[{"embeddable":true,"href":"https:\/\/www.europesays.com\/uk\/wp-json\/wp\/v2\/users\/2"}],"replies":[{"embeddable":true,"href":"https:\/\/www.europesays.com\/uk\/wp-json\/wp\/v2\/comments?post=236021"}],"version-history":[{"count":0,"href":"https:\/\/www.europesays.com\/uk\/wp-json\/wp\/v2\/posts\/236021\/revisions"}],"wp:featuredmedia":[{"embeddable":true,"href":"https:\/\/www.europesays.com\/uk\/wp-json\/wp\/v2\/media\/236022"}],"wp:attachment":[{"href":"https:\/\/www.europesays.com\/uk\/wp-json\/wp\/v2\/media?parent=236021"}],"wp:term":[{"taxonomy":"category","embeddable":true,"href":"https:\/\/www.europesays.com\/uk\/wp-json\/wp\/v2\/categories?post=236021"},{"taxonomy":"post_tag","embeddable":true,"href":"https:\/\/www.europesays.com\/uk\/wp-json\/wp\/v2\/tags?post=236021"}],"curies":[{"name":"wp","href":"https:\/\/api.w.org\/{rel}","templated":true}]}}