{"id":236074,"date":"2025-07-04T00:33:18","date_gmt":"2025-07-04T00:33:18","guid":{"rendered":"https:\/\/www.europesays.com\/uk\/236074\/"},"modified":"2025-07-04T00:33:18","modified_gmt":"2025-07-04T00:33:18","slug":"the-100-most-influential-people-in-the-photography-industry-blind-magazine","status":"publish","type":"post","link":"https:\/\/www.europesays.com\/uk\/236074\/","title":{"rendered":"The 100 Most Influential People in the Photography Industry \u2014 Blind Magazine"},"content":{"rendered":"<p>Photography has always been more than just a medium\u2014it\u2019s a language, a witness, and a catalyst for change. From the early days of film to today\u2019s digital revolutions, the photographic world has been shaped by visionaries behind the camera, as well as by those who publish, curate, fund, distribute, critique the work or develop tools for photographers. This non-exhaustive list of the 100 most influential figures in the photography industry today celebrates the people redefining the landscape across editorial platforms, museums, festivals, technology, publishing, and advocacy.<\/p>\n<p>At a time when visual culture is more powerful and pervasive than ever, influence is no longer confined to household names or award-winning images. Today\u2019s most impactful figures operate at every level of the field\u2014from directors of prestigious institutions like MoMA and Aperture, to editors behind global outlets like The New York Times and Le Monde, to grassroots organizers uplifting marginalized voices. These individuals shape what we see, how we interpret it, and who gets to participate in the conversation.<\/p>\n<p>Compiled with a global perspective, this selection reflects the ability to challenge conventions, push boundaries, and drive photography forward\u2014whether through innovation, education, inclusion, or fearless storytelling. Together, these 100 people represent the diverse ecosystem that defines the contemporary photography industry.<\/p>\n<p><strong>1. Meaghan Looram \u2013 Director of Photography, The New York Times (USA)<\/strong><\/p>\n<p>Meaghan Looram became Director of Photography at The New York Times in July 2018, after serving eight years as Deputy Director under Michele McNally. She oversees a team of more than 40 photo editors and staff photographers, directing the visual coverage for print and digital platforms. Her leadership has shaped award-winning projects, including \u201cOne in 8 Million\u201d, \u201cA Year at War\u201d, also earning multiple World Press Photo and Pictures of the Year honors.<\/p>\n<p><img fetchpriority=\"high\" decoding=\"async\" width=\"1024\" height=\"1024\" src=\"https:\/\/www.europesays.com\/uk\/wp-content\/uploads\/2025\/07\/looram-tfh-2519-web-0-ba1a790717-1-1024x1024.jpg\" alt=\"\"  \/><\/p>\n<p><img loading=\"lazy\" decoding=\"async\" width=\"718\" height=\"718\" src=\"https:\/\/www.europesays.com\/uk\/wp-content\/uploads\/2025\/07\/steidl-markusjans-e1660124387606-1080x718.jpg.webp.webp\" alt=\"\" class=\"wp-image-21543275 size-full\"  \/><\/p>\n<p><strong>2. Gerhard Steidl \u2013 Founder, Steidl Verlag (Germany)<\/strong><\/p>\n<p>Gerhard Steidl leads Steidl Verlag, one of the world\u2019s most respected photography and art-book publishers. Known for his exacting production quality and close collaboration with top photographers and artists, Steidl Verlag is a global benchmark for photobook craftsmanship.<\/p>\n<p><strong>3. Nicolas Jimenez \u2013 Director of Photography, Le Monde (France)<\/strong><\/p>\n<p>Nicolas Jimenez is the current Director of Photography at Le Monde, the French daily newspaper, including its supplements. He joined the publication in 2005, after working with Visa pour l\u2019Image from 1999\u20132004. Under his leadership, Le Monde has solidified its position as a leading photojournalism force in the Francophone press.<\/p>\n<p><img loading=\"lazy\" decoding=\"async\" width=\"860\" height=\"858\" src=\"https:\/\/www.europesays.com\/uk\/wp-content\/uploads\/2025\/07\/860-n-jimenez-par-bryanthings.jpg\" alt=\"\"  \/><\/p>\n<p><img loading=\"lazy\" decoding=\"async\" width=\"630\" height=\"630\" src=\"https:\/\/www.europesays.com\/uk\/wp-content\/uploads\/2025\/07\/joanna-milter-by-kathy-ryan-1536x1536-1-1200x630-1.jpeg\" alt=\"\"  \/><\/p>\n<p><strong>4. Joanna Milter \u2013 Director of Photography, The New Yorker (USA)<\/strong><\/p>\n<p>Since 2015, Joanna Milter has led photography at The New Yorker, overseeing all print and digital content, including the \u201cPhoto Booth\u201d blog. Formerly Deputy Photo Editor at The New York Times Magazine (2005\u20132011), she significantly raised The New Yorker\u2019s visual narrative, winning recognition from World Press Photo, SPD, American Photography, and the National Magazine Awards. She also serves as a judge for industry programs like \u201cFemale in Focus\u201d.<\/p>\n<p><strong>5. Sarah Meister \u2013 Executive Director, Aperture Foundation (USA)<\/strong><\/p>\n<p>Sarah Meister became Executive Director of Aperture in 2021. Before this, she curated the renowned photography collection at MoMA for more than 20\u00a0years, organizing exhibitions like \u201cPictures by Women: A History of Modern Photography\u201d and \u201cDorothea Lange: Words &amp; Pictures.\u201d She\u2019s also served on numerous award juries and published widely in photography criticism and scholarship.<\/p>\n<p><img loading=\"lazy\" decoding=\"async\" width=\"1024\" height=\"1024\" src=\"https:\/\/www.europesays.com\/uk\/wp-content\/uploads\/2025\/07\/sarah-meister-2021-cropped-1-1024x1024.jpg\" alt=\"\"  \/><\/p>\n<p><img loading=\"lazy\" decoding=\"async\" width=\"984\" height=\"984\" src=\"https:\/\/www.europesays.com\/uk\/wp-content\/uploads\/2025\/07\/michael-mack.jpeg\" alt=\"\"  \/><\/p>\n<p><strong>6. Michael Mack \u2013 Founder, Mack Books (UK)<\/strong><\/p>\n<p>Michael Mack founded the London-based art and photography publishing house MACK in 2010 after working for 15 years at Steidl, including co-founding the SteidlMack imprint. Under his leadership, MACK has produced over 500 photobooks, publishes approximately 40 titles annually, and established the First Book Award to support emerging photographers.<\/p>\n<p><strong>7. Lionel Charrier \u2013 Director of Photography, Lib\u00e9ration (France)<\/strong><\/p>\n<p>Lionel Charrier has served as Director of Photography at Lib\u00e9ration, one of France\u2019s leading daily newspapers, for over a decade. He gained acclaim for editorial decisions that emphasize the power and ethics of photojournalism, such as front-page coverage of the 2017 Syria chemical attack, declaring \u201cOur job\u2026 is to see what we don\u2019t want to see\u201d.<\/p>\n<p><img loading=\"lazy\" decoding=\"async\" width=\"500\" height=\"500\" src=\"https:\/\/www.europesays.com\/uk\/wp-content\/uploads\/2025\/07\/l1030024b.jpg\" alt=\"\"  \/><\/p>\n<p><img loading=\"lazy\" decoding=\"async\" width=\"1024\" height=\"1024\" src=\"https:\/\/www.europesays.com\/uk\/wp-content\/uploads\/2025\/07\/alexpollack-1500xx1921-1921-480-0-1024x1024.jpg\" alt=\"\"  \/><\/p>\n<p><strong>8. Alex Pollack \u2013 Director of Photography, National Geographic (USA)<\/strong><\/p>\n<p>Alex Pollack, formerly Group Photo Director at Bustle Digital Group (overseeing photography across Bustle, Nylon, and others), became Director of Photography at National Geographic in late 2024. She leads photographic commissioning, acquisition, and strategy across print, digital, studio, and editorial storytelling.<\/p>\n<p><strong>9. Benedikt Taschen \u2013 Founder, Taschen (Germany)<\/strong><\/p>\n<p>Benedikt Taschen founded Taschen GmbH in 1980 as a comic and art-book publisher. Under his leadership, the company expanded internationally and became renowned for affordable, well-designed art books, including iconic photography titles, democratizing art publishing across Europe.<\/p>\n<p><img loading=\"lazy\" decoding=\"async\" width=\"674\" height=\"674\" src=\"https:\/\/www.europesays.com\/uk\/wp-content\/uploads\/2025\/07\/56453014-605.jpg\" alt=\"\"  \/><\/p>\n<p><img loading=\"lazy\" decoding=\"async\" width=\"1024\" height=\"1024\" src=\"https:\/\/www.europesays.com\/uk\/wp-content\/uploads\/2025\/07\/fionanew-sq-1-1024x1024.jpg\" alt=\"\"  \/><\/p>\n<p><strong>10. Fiona Shields \u2013 Head of Photography, The Guardian (UK)<\/strong><\/p>\n<p>As Head of Photography at The Guardian since 2019, Fiona Shields oversees editorial imagery across print, digital, and investigations. She has shaped the paper\u2019s strong visual identity, directing award-winning coverage during major events like Brexit, the COVID-19 pandemic, and global climate stories.<\/p>\n<p><strong>11. Olivier\u202fLaurent \u2013 Deputy Director of Photography, The Washington Post (USA)<\/strong><\/p>\n<p>Olivier Laurent was promoted to Deputy Director of Photography in 2025, overseeing photo editors and staff photographers across breaking news, international, climate, science &amp; tech coverage. He joined The Post in 2017, previously editing Time\u2018s LightBox and contributing to the British Journal of Photography. A 2005 graduate of the American University of Paris, Laurent has led visual storytelling for Middle East, Africa, and Asia desks. He won a Pulitzer for the 2019 \u201c2\u00baC: Beyond the Limit\u201d series and the 2021 Innovative Storytelling Award.<\/p>\n<p><img loading=\"lazy\" decoding=\"async\" width=\"1024\" height=\"1024\" src=\"https:\/\/www.europesays.com\/uk\/wp-content\/uploads\/2025\/07\/bd65f600-7461-4199-a869-2766ebfb7359-1024x1024.png\" alt=\"\"  \/><\/p>\n<p><img loading=\"lazy\" decoding=\"async\" width=\"1024\" height=\"1024\" src=\"https:\/\/www.europesays.com\/uk\/wp-content\/uploads\/2025\/07\/20240513-110343-413-dimson-jessica-1024x1024.jpg\" alt=\"\"  \/><\/p>\n<p><strong>12. <\/strong><strong>Jessica\u202fDimson \u2013 Director of Photography, The New York Times Magazine (USA)<\/strong><\/p>\n<p>Jessica Dimson took over as Director of Photography for The New York Times Magazine in 2024, leading commissioning, photo assignment, and visual strategy for feature narratives and thematic storytelling. She is known for high-impact photo essays and conceptual visual direction.<\/p>\n<p><strong>13. Diane Smyth \u2013 Editor in Chief, The British Journal of Photography (UK)<\/strong><\/p>\n<p>Diane Smyth is Editor in Chief of The British Journal of Photography, with over 15 years of experience at the publication. She has written for titles such as The Guardian, Aperture, and FT Weekend, and has curated exhibitions for The Photographers\u2019 Gallery and Lianzhou Foto. Alongside her editorial work, she teaches photography history and theory at London College of Communication.<\/p>\n<p><img loading=\"lazy\" decoding=\"async\" width=\"971\" height=\"971\" src=\"https:\/\/www.europesays.com\/uk\/wp-content\/uploads\/2025\/07\/diane-pic-1020x1024-1.webp.webp\" alt=\"\" class=\"wp-image-21543287 size-full\"  \/><\/p>\n<p><img loading=\"lazy\" decoding=\"async\" width=\"560\" height=\"560\" src=\"https:\/\/www.europesays.com\/uk\/wp-content\/uploads\/2025\/07\/1747842104184.jpeg\" alt=\"\"  \/><\/p>\n<p><strong>14. Michaela\u202fPerau, Visuals Director, Vogue (Italy\/France)<\/strong><\/p>\n<p>Michaela\u202fPerau is Visuals Director at Vogue France, in Paris. Trained at the University of Southern California, she brings a rich background in photography, filmmaking, and production to one of the world\u2019s most influential fashion magazines. She guides the magazine\u2019s visual strategy\u2014overseeing commissioning, art direction, and multimedia storytelling\u2014and recently led the imagery for her first Vogue France cover.<\/p>\n<p><strong>15. Rachel\u202fBarker \u2013 Co-founder, Stanley\u202fBarker (UK)<\/strong><\/p>\n<p>Co-founder of Stanley Barker in 2016, Rachel Barker publishes cultural books and photobooks that focus on representation, diversity, and design-led production. The independent imprint blends publishing, curation, and community, and supports numerous emerging UK photographers and artists.<\/p>\n<p><img loading=\"lazy\" decoding=\"async\" width=\"640\" height=\"640\" src=\"https:\/\/www.europesays.com\/uk\/wp-content\/uploads\/2025\/07\/350554.jpg\" alt=\"\"  \/><\/p>\n<p><img loading=\"lazy\" decoding=\"async\" width=\"478\" height=\"478\" src=\"https:\/\/www.europesays.com\/uk\/wp-content\/uploads\/2025\/07\/enkue03xyaakeed.jpg\" alt=\"\"  \/><\/p>\n<p><strong>16. Katy Hundertmark \u2013 Editor-in-Chief, FOAM Magazine (Netherlands)<\/strong><\/p>\n<p>Katy Hundertmark<strong> <\/strong>is a Scottish-German editor, curator, and artist working as Managing Editor of Foam Magazine since 2022. She leads the publication\u2019s editorial vision: shaping each issue\u2019s conceptual framework, commissioning contributors, and crafting essays that explore urgent themes through the lens of photography. Drawing on her background in photography and performance, she positions Foam as a platform for thoughtful, visually compelling engagement with contemporary issues.<\/p>\n<p><strong>17. Andreas Kronawitt \u2013 Director of Photography, Stern Magazine (Germany)<\/strong><\/p>\n<p>Andreas Kronawitt trained as a communications-design graduate and began his career as a freelance photo assistant and journalist. He joined Stern in 1996, eventually becoming Director of Photography before being appointed Senior Picture Editor in 2019. He is a founding member of the Hamburg Portfolio Review and leads the annual \u201cStern Young Photography\u201d program.<\/p>\n<p><img loading=\"lazy\" decoding=\"async\" width=\"350\" height=\"350\" src=\"https:\/\/www.europesays.com\/uk\/wp-content\/uploads\/2025\/07\/5c70e3357226f9f7fa651699885d40dff1114f13.jpg\" alt=\"\"  \/><\/p>\n<p><img loading=\"lazy\" decoding=\"async\" width=\"800\" height=\"800\" src=\"https:\/\/www.europesays.com\/uk\/wp-content\/uploads\/2025\/07\/stf2303110332.jpg\" alt=\"\"  \/><\/p>\n<p><strong>18. Cyril Drouhet \u2013 Director of Reporting &amp; Photography, Le Figaro Magazine (France)<\/strong><\/p>\n<p>Cyril Drouhet joined Le\u202fFigaro in 2004 and now serves as Director of Photography. A trained historian and former Gamma news agency director, he curates the La Gacilly Photo Festival\u2014the largest outdoor photo festival in Europe\u2014attracting over 350,000 visitors yearly.<\/p>\n<p><strong>19. Yseult Chehata \u2013 Editor, Atelier EXB (France)<\/strong><\/p>\n<p>Yseult Chehata is a photo editor and curator working primarily with Atelier EXB in Paris. She specializes in contemporary French and North African photography, curating exhibitions and publishing critical monographs.<\/p>\n<p><img loading=\"lazy\" decoding=\"async\" width=\"542\" height=\"542\" src=\"https:\/\/www.europesays.com\/uk\/wp-content\/uploads\/2025\/07\/capture-decran-2025-07-01-a-18.13.28.png\" alt=\"\"  \/><\/p>\n<p><img loading=\"lazy\" decoding=\"async\" width=\"1004\" height=\"1004\" src=\"https:\/\/www.europesays.com\/uk\/wp-content\/uploads\/2025\/07\/nicole-neumann.1024x1024.jpg\" alt=\"\"  \/><\/p>\n<p><strong>20. Nicole Neumann, Leader of Photo Department, Der Spiegel (Germany)<\/strong><\/p>\n<p>Nicole Neumann has been Team Leader of the Photo Department at Der Spiegel since May 1, 2025, after working as a photo editor at the magazine since December 2020. A former freelance photographer and picture editor for titles like Die Zeit, she oversees national and international image selection, commissions photographers, manages budgets and usage rights, and mentors junior editors.<\/p>\n<p><strong>21. Emmanuelle Kouchner \u2013 Editorial Director, Delpire &amp; Co (France)<\/strong><\/p>\n<p>Emmanuelle Kouchner has led Delpire &amp; Co as Editorial Director since the early 2020s. With over 100 photographic books edited to her name, she previously worked with Atelier EXB. At Paris Photo she emphasized the importance of photo books in France\u2019s cultural landscape.<\/p>\n<p><img loading=\"lazy\" decoding=\"async\" width=\"1016\" height=\"1024\" src=\"https:\/\/www.blind-magazine.com\/wp-content\/uploads\/2025\/07\/472d3e5e2fd69cbbe47d01f68f361cbdf1763f91-842x1052-1-1016x1024.avif\" alt=\"\" class=\"wp-image-21543294 size-full\"  \/><\/p>\n<p><img loading=\"lazy\" decoding=\"async\" width=\"400\" height=\"400\" src=\"https:\/\/www.europesays.com\/uk\/wp-content\/uploads\/2025\/07\/ynfjemtf-400x400-1.jpg\" alt=\"\"  \/><\/p>\n<p><strong>22. Jaron Schneider \u2013 Editor\u2011in\u2011Chief, PetaPixel (USA)<\/strong><\/p>\n<p>Jaron Schneider is the Editor\u2011in\u2011Chief of PetaPixel, a preeminent independent online photography and imaging publication since 2009. An award\u2011winning journalist and filmmaker, he was previously A\/V Editor at Digital Trends and Features Editor at Imaging Resource. He also hosts the PetaPixel Podcast.<\/p>\n<p><strong>23. Emma Bowkett \u2013 Director of Photography, Financial Times (England)<\/strong><\/p>\n<p>Emma Bowkett has been Director of Photography at FT Weekend Magazine since 2009. An influential figure in British photography publishing, she champions contemporary, committed photography. She regularly curates, judges (Prix Pictet, Foam, Unseen), and teaches, helping to establish the Financial Times as a compelling space for visual storytelling.<\/p>\n<p><img loading=\"lazy\" decoding=\"async\" width=\"1001\" height=\"1001\" src=\"https:\/\/www.europesays.com\/uk\/wp-content\/uploads\/2025\/07\/emma-bowkett-photo-laima-vainina-1.jpg\" alt=\"\"  \/><\/p>\n<p><img loading=\"lazy\" decoding=\"async\" width=\"1024\" height=\"1024\" src=\"https:\/\/www.europesays.com\/uk\/wp-content\/uploads\/2025\/07\/idg-1024x1024.jpg\" alt=\"\"  \/><\/p>\n<p><strong>24. Isabelle de Lagasnerie \u2013 Director of Photography, La Croix (France)<\/strong><\/p>\n<p>Isabelle de Lagasnerie leads the photography department at La Croix, a national daily in France. She has overseen the paper\u2019s photo coverage of major national and international stories since the late 2010s.<\/p>\n<p><strong>25. Polly Irungu \u2013 Founder, Black Women Photographers (USA\/Kenya)<\/strong><\/p>\n<p>Kenyan-American multimedia journalist Polly Irungu founded Black Women Photographers, now a 1,200+ member global directory launched in 2020. She became the first official photo editor for U.S. Vice President Kamala Harris in 2022.<\/p>\n<p><img loading=\"lazy\" decoding=\"async\" width=\"1024\" height=\"1024\" src=\"https:\/\/www.europesays.com\/uk\/wp-content\/uploads\/2025\/07\/pollyirungu2-e1644267405693-1024x1024.jpg\" alt=\"\"  \/><\/p>\n<p><img loading=\"lazy\" decoding=\"async\" width=\"1024\" height=\"1024\" src=\"https:\/\/www.europesays.com\/uk\/wp-content\/uploads\/2025\/07\/marcoci-9294-1024x1024.png\" alt=\"\"  \/><\/p>\n<p><strong>26. Roxana Marcoci \u2013 Senior Curator of Photography &amp; Acting Chief Curator, MoMA (USA)<\/strong><\/p>\n<p>Roxana Marcoci earned her PhD in Art History, Theory, and Criticism from NYU\u2019s Institute of Fine Arts. As David Dechman Senior Curator and Acting Chief Curator of Photography at MoMA, she leads exhibitions such as \u201cOur Selves: Photographs by Women.\u201d She is the inaugural Chair of MoMA\u2019s C-MAP West Asia program and was a 2011 Center for Curatorial Leadership Fellow.<\/p>\n<p><strong>27. Christoph Wiesner \u2013 Director, Les Rencontres d\u2019Arles (France)<\/strong><\/p>\n<p>Christoph Wiesner became Director of Les Rencontres d\u2019Arles in 2020 after co-directing Paris Photo from 2015 to 2020. He previously led the Esther Schipper Gallery in Berlin. At Arles, he has reshaped the festival with a focus on identity, gender, and contemporary sociopolitical issues.<\/p>\n<p><img loading=\"lazy\" decoding=\"async\" width=\"664\" height=\"664\" src=\"https:\/\/www.blind-magazine.com\/wp-content\/uploads\/2025\/07\/a097b93--nv-h46llfotks3bfnbqnjtv.avif\" alt=\"\" class=\"wp-image-21543375 size-full\"  \/><\/p>\n<p><img loading=\"lazy\" decoding=\"async\" width=\"517\" height=\"517\" src=\"https:\/\/www.europesays.com\/uk\/wp-content\/uploads\/2025\/07\/simon-baker-photo-emmanuel-bacquet-maison-europeenne-de-la-photographie-2018-1-tt-width-517-height-6.jpeg\" alt=\"\"  \/><\/p>\n<p><strong>28. Simon Baker \u2013 Director, Maison Europ\u00e9enne de la Photographie (France)<\/strong><\/p>\n<p>Simon Baker has served as Director of the Maison Europ\u00e9enne de la Photographie (MEP) in Paris since 2018. Previously, he was the first Curator of Photography at Tate Modern, where he organized major shows like \u201cShape of Light\u201d and \u201cConflict, Time, Photography.\u201d He also taught art history at the University of Nottingham.<\/p>\n<p><strong>29. Alessia Glaviano \u2013 Head of Global PhotoVogue &amp; Director, Photo Vogue Festival (Italy)<\/strong><\/p>\n<p>Alessia Glaviano launched PhotoVogue in 2011 and founded the Photo Vogue Festival in 2016. Based at Vogue Italia, she has positioned herself as a leading curator of emerging photographic talent globally, and she frequently speaks on AI, ethics, and visual storytelling at international festivals.<\/p>\n<p><img loading=\"lazy\" decoding=\"async\" width=\"1024\" height=\"1024\" src=\"https:\/\/www.europesays.com\/uk\/wp-content\/uploads\/2025\/07\/alessia-5869-b20copia20copy202-1024x1024.webp.webp\" alt=\"\" class=\"wp-image-21543378 size-full\"  \/><\/p>\n<p><img loading=\"lazy\" decoding=\"async\" width=\"1024\" height=\"1024\" src=\"https:\/\/www.europesays.com\/uk\/wp-content\/uploads\/2025\/07\/david-campany.jpg-1024x1024.webp.webp\" alt=\"\" class=\"wp-image-21543379 size-full\"  \/><\/p>\n<p><strong>30. David Campany \u2013 Creative Director, International Center of Photography (USA\/UK)<\/strong><\/p>\n<p>David Campany is a British curator, writer, and educator currently serving as Creative Director at the International Center of Photography (ICP). He is known for his exhibitions and publications on documentary and conceptual photography, and he has received the ICP Infinity Award for his critical writing on the medium.<\/p>\n<p><strong>31. Quentin Bajac \u2013 Director, Jeu de Paume (France)<\/strong><\/p>\n<p>Quentin Bajac has been Director of the Jeu de Paume in Paris since 2019. Prior to this, he served as Chief Curator of Photography at the Museum of Modern Art (MoMA) in New York and held curatorial roles at the Centre Pompidou and Mus\u00e9e d\u2019Orsay. He is recognized as one of France\u2019s foremost historians of photography and has authored several key publications in the field.<\/p>\n<p><img loading=\"lazy\" decoding=\"async\" width=\"368\" height=\"368\" src=\"https:\/\/www.europesays.com\/uk\/wp-content\/uploads\/2025\/07\/quentin-bajac-jeu-de-paume-tt-width-653-height-630-fill-0-crop-1-bgcolor-ffffff.jpg\" alt=\"\"  \/><\/p>\n<p><img loading=\"lazy\" decoding=\"async\" width=\"640\" height=\"640\" src=\"https:\/\/www.europesays.com\/uk\/wp-content\/uploads\/2025\/07\/cotton.width-640-1k9jh6rdcymxskwd.jpg\" alt=\"\"  \/><\/p>\n<p><strong>32. Charlotte Cotton \u2013 Independent Curator, Writer, and Consultant (UK\/USA)<\/strong><\/p>\n<p>Charlotte Cotton is a globally recognized independent curator and author of influential books such as \u201cThe Photograph as Contemporary Art.\u201d She previously held senior curatorial positions at the Victoria &amp; Albert Museum, the Wallis Annenberg Photography Department at LACMA, and the International Center of Photography. Her work focuses on visual culture and emerging photographic practices.<\/p>\n<p><strong>33. Yasufumi Nakamori \u2013 Senior Curator of Photography, Tate Modern (UK)<\/strong><\/p>\n<p>Yasufumi Nakamori joined Tate Modern as Senior Curator in 2018, where he leads the photography program. He was previously Curator of Photography and New Media at the Minneapolis Institute of Art and has also worked at the Museum of Fine Arts, Houston. Trained as both an art historian and a lawyer, he is known for championing Asian and postwar photography.<\/p>\n<p><img loading=\"lazy\" decoding=\"async\" width=\"1024\" height=\"1024\" src=\"https:\/\/www.europesays.com\/uk\/wp-content\/uploads\/2025\/07\/yasufumi-nakamori-scaled-e1630422578416-1024x1024.jpg\" alt=\"\"  \/><\/p>\n<p><img loading=\"lazy\" decoding=\"async\" width=\"434\" height=\"434\" src=\"https:\/\/www.europesays.com\/uk\/wp-content\/uploads\/2025\/07\/126506.jpg\" alt=\"\"  \/><\/p>\n<p><strong>34. Cl\u00e9ment Ch\u00e9roux \u2013 Director, Fondation Henri Cartier-Bresson (France)<\/strong><\/p>\n<p>Cl\u00e9ment Ch\u00e9roux became Director of the Fondation Henri Cartier-Bresson in 2023 after serving as Chief Curator of Photography at MoMA. He has also worked at the Centre Pompidou and SFMOMA. A widely published photography scholar, he is especially known for examining the boundaries between documentary and art photography.<\/p>\n<p><strong>35. Florence Bourgeois \u2013 Director, Paris Photo (France)<\/strong><\/p>\n<p>Florence Bourgeois has been Director of Paris Photo since 2015, where she has expanded the fair\u2019s international reach and established its position as the leading photography fair worldwide. She previously served as Head of Development at the Grand Palais and worked in programming roles across French cultural institutions.<\/p>\n<p><img loading=\"lazy\" decoding=\"async\" width=\"1024\" height=\"1024\" src=\"https:\/\/www.blind-magazine.com\/wp-content\/uploads\/2025\/07\/c6c1bb8b6b3ace672cf8e54d4e206a160447cee1-960x960-1-1024x1024.avif\" alt=\"\" class=\"wp-image-21543384 size-full\"  \/><\/p>\n<p><img loading=\"lazy\" decoding=\"async\" width=\"400\" height=\"400\" src=\"https:\/\/www.europesays.com\/uk\/wp-content\/uploads\/2025\/07\/1605790705186.jpeg\" alt=\"\"  \/><\/p>\n<p><strong>36. Pauline Benthede \u2013 Global Vice President, Artistic Direction and Exhibitions, Fotografiska (Sweden\/Global)<\/strong><\/p>\n<p>Pauline Benthede is a leading figure at Fotografiska, overseeing artistic direction and exhibitions across its international locations, including Stockholm, New York, Tallinn, and Berlin. She has been instrumental in expanding Fotografiska\u2019s curatorial programming, often working across photography, contemporary art, and social commentary.<\/p>\n<p><strong>37. Sam Stourdz\u00e9 \u2013 Director, Villa Medici (Italy)<\/strong><\/p>\n<p>Sam Stourdz\u00e9 is Director of the Villa Medici in Rome and former Director of Les Rencontres d\u2019Arles (2014\u20132020). He also previously led the Mus\u00e9e de l\u2019\u00c9lys\u00e9e in Lausanne. His curatorial work focuses on photography, cinema, and visual culture, and he is known for transforming Arles into a platform for both emerging and established voices in photography.<\/p>\n<p><img loading=\"lazy\" decoding=\"async\" width=\"588\" height=\"588\" src=\"https:\/\/www.europesays.com\/uk\/wp-content\/uploads\/2025\/07\/sam-stourdze-villa-medicis-copyright-photo-alessia-calzecchi-2023.jpg\" alt=\"\"  \/><\/p>\n<p><img loading=\"lazy\" decoding=\"async\" width=\"568\" height=\"568\" src=\"https:\/\/www.europesays.com\/uk\/wp-content\/uploads\/2025\/07\/sciencespo-portrait-pauline-vermare-6e8bdff3d4.webp.webp\" alt=\"\" class=\"wp-image-21543387 size-full\"  \/><\/p>\n<p><strong>38. Pauline Vermare \u2013 Curator, Brooklyn Museum (USA)<\/strong><\/p>\n<p>Pauline Vermare is a French photography curator based in New York. She currently works at the Brooklyn Museum and is a former Cultural Director at Magnum Photos and curator at the International Center of Photography. She has curated major exhibitions on Henri Cartier-Bresson, Susan Meiselas, and Japanese postwar photography, and contributes actively to public programming and panels worldwide.<\/p>\n<p><strong>39. Diane Dufour \u2013 Director, Le Bal (France)<\/strong><\/p>\n<p>Diane Dufour is the founder and Director of Le Bal, a Paris-based independent venue dedicated to the image-document in all its forms. A former Director of Magnum Photos Europe, she has curated acclaimed exhibitions such as \u201cTopographies de la Guerre\u201d and \u201cA Handful of Dust.\u201d Under her leadership, Le Bal has become a hub for critical discourse in contemporary visual culture.<\/p>\n<p><img loading=\"lazy\" decoding=\"async\" width=\"664\" height=\"664\" src=\"https:\/\/www.europesays.com\/uk\/wp-content\/uploads\/2025\/07\/diane-dufour.jpg\" alt=\"\"  \/><\/p>\n<p><img loading=\"lazy\" decoding=\"async\" width=\"800\" height=\"800\" src=\"https:\/\/www.europesays.com\/uk\/wp-content\/uploads\/2025\/07\/1678294822158.jpeg\" alt=\"\"  \/><\/p>\n<p><strong>40. Fiona Rogers \u2013 V&amp;A Parasol Foundation Curator of Women in Photography, Victoria and Albert Museum (UK)<\/strong><\/p>\n<p>Fiona Rogers is the inaugural curator for the Parasol Foundation Women in Photography initiative at the V&amp;A. She is also founder of the Firecracker platform supporting women and non-binary photographers. Previously, she held leadership roles at Magnum Photos and is widely recognized for her advocacy and mentorship within the photography community.<\/p>\n<p><strong>41. Michel Poivert \u2013 Critic, Curator, and Professor of History of Photography, Panth\u00e9on-Sorbonne University (France)<\/strong><\/p>\n<p>Michel Poivert is one of France\u2019s most prominent photography historians and theorists. A professor at Panth\u00e9on-Sorbonne University, he has published extensively on pictorialism, surrealism, and contemporary photography. He also curates major exhibitions and is the founder of the Observatory of Contemporary Photography, promoting photographic education and research.<\/p>\n<p><img loading=\"lazy\" decoding=\"async\" width=\"799\" height=\"799\" src=\"https:\/\/www.europesays.com\/uk\/wp-content\/uploads\/2025\/07\/curator-thumbnail-191.webp.webp\" alt=\"\" class=\"wp-image-21543390 size-full\"  \/><\/p>\n<p><img loading=\"lazy\" decoding=\"async\" width=\"1024\" height=\"1024\" src=\"https:\/\/www.europesays.com\/uk\/wp-content\/uploads\/2025\/07\/nathalie-herschdorfer-c-scaled-1-1024x1024.jpeg\" alt=\"\"  \/><\/p>\n<p><strong>42. Nathalie Herschdorfer \u2013 Director, Photo Elys\u00e9e (Switzerland)<\/strong><\/p>\n<p>Nathalie Herschdorfer is Director of Photo Elys\u00e9e in Lausanne, one of Europe\u2019s leading photography museums. Formerly curator at the Mus\u00e9e de l\u2019\u00c9lys\u00e9e and art director of the Alt.+1000 festival, she is also a prolific author of books on photography including Body: The Photography Book and Mountains by Magnum Photographers.<\/p>\n<p><strong>43. Federica Chiocchetti \u2013 Director, Mus\u00e9e des Beaux-Arts in Le Locle (Switzerland)<\/strong><\/p>\n<p>Federica Chiocchetti is a curator, editor, and writer working at the intersection of photography and literature. In 2023, she was appointed Director of the Mus\u00e9e des Beaux-Arts in Le Locle. She is also the founding director of The Photocaptionist, a platform for photo-literary curating, and has collaborated with institutions including Foam, V&amp;A, and Photo Elys\u00e9e.<\/p>\n<p><img loading=\"lazy\" decoding=\"async\" width=\"1024\" height=\"1024\" src=\"https:\/\/www.europesays.com\/uk\/wp-content\/uploads\/2025\/07\/federica-chiocchetti-1160x-ins-1024x1024.jpg\" alt=\"\"  \/><\/p>\n<p><img loading=\"lazy\" decoding=\"async\" width=\"808\" height=\"808\" src=\"https:\/\/www.europesays.com\/uk\/wp-content\/uploads\/2025\/07\/photomarcellalistagaresaintsauveurlille2017creditmaximedufour.jpg\" alt=\"\"  \/><\/p>\n<p><strong>44. Marcella Lista \u2013 Chief Curator of New Media, Centre Pompidou (France)<\/strong><\/p>\n<p>Marcella Lista is the Chief Curator of New Media at the Centre Pompidou, where she has organized major exhibitions addressing the intersection of photography, video, and installation. Her curatorial practice explores sound, archives, and digital image cultures, and she contributes regularly to contemporary art discourse in France and internationally.<\/p>\n<p><strong>45. Maria Santoyo \u2013 Director, PHotoESPA\u00d1A (Spain)<\/strong><\/p>\n<p>Maria Santoyo is the Artistic Director of PHotoESPA\u00d1A, Spain\u2019s premier international photography festival. She previously worked as a teacher, curator, and cultural programmer, and has developed wide-reaching exhibitions on documentary photography, historical archives, and Spanish visual culture. Under her leadership, the festival continues to highlight both national and global talents.<\/p>\n<p><img loading=\"lazy\" decoding=\"async\" width=\"871\" height=\"871\" src=\"https:\/\/www.europesays.com\/uk\/wp-content\/uploads\/2025\/07\/santoyod-871x1024-1.jpg\" alt=\"\"  \/><\/p>\n<p><img loading=\"lazy\" decoding=\"async\" width=\"783\" height=\"783\" src=\"https:\/\/www.europesays.com\/uk\/wp-content\/uploads\/2025\/07\/curator-thumbnail-62.webp.webp\" alt=\"\" class=\"wp-image-21543395 size-full\"  \/><\/p>\n<p><strong>46. H\u00e9lo\u00efse Conesa \u2013 Curator of Contemporary Photography, Biblioth\u00e8que nationale de France (BnF) (France)<\/strong><\/p>\n<p>H\u00e9lo\u00efse Con\u00e9sa is a specialist in contemporary photography and leads acquisitions and exhibitions at the Biblioth\u00e8que nationale de France (BnF). She curates exhibitions on both established and emerging photographers, with a focus on the French and European photographic landscape, and contributes scholarly essays and public programming across institutions.<\/p>\n<p><strong>47. Mike Kamber \u2013 Co-founder and Director, Bronx Documentary Center (USA)<\/strong><\/p>\n<p>Mike Kamber is a photojournalist and founder of the Bronx Documentary Center (BDC), a community-based organization focused on visual education and social justice. Formerly a conflict photographer for The New York Times, he launched BDC in 2011 to support underserved voices and democratize access to visual literacy.<\/p>\n<p><img loading=\"lazy\" decoding=\"async\" width=\"680\" height=\"682\" src=\"https:\/\/www.europesays.com\/uk\/wp-content\/uploads\/2025\/07\/mikekamber.jpg\" alt=\"\"  \/><\/p>\n<p><img loading=\"lazy\" decoding=\"async\" width=\"996\" height=\"996\" src=\"https:\/\/www.europesays.com\/uk\/wp-content\/uploads\/2025\/07\/montgomery-kathyryan-001.jpeg\" alt=\"\"  \/><\/p>\n<p><strong>48. Kathy Ryan \u2013 Independent Curator, formerly Director of Photography, The New York Times Magazine (USA)<\/strong><\/p>\n<p>Kathy Ryan served as Director of Photography at The New York Times Magazine for over 30 years, where she developed its award-winning visual identity. Since transitioning to independent work, she has curated exhibitions, books, and mentorship programs while remaining an influential figure in editorial and documentary photography worldwide.<\/p>\n<p><strong>49. Howard Greenberg \u2013 Founder and Director, Howard Greenberg Gallery (USA)<\/strong><\/p>\n<p>Howard Greenberg is one of the most influential photography dealers in the world. Since founding the Howard Greenberg Gallery in New York in 1981, he has played a major role in establishing photography as a collectible art form, representing iconic 20th-century photographers and contributing to museum acquisitions worldwide.<\/p>\n<p><img loading=\"lazy\" decoding=\"async\" width=\"815\" height=\"815\" src=\"https:\/\/www.europesays.com\/uk\/wp-content\/uploads\/2025\/07\/1c-1000x815-1.jpg\" alt=\"\"  \/><\/p>\n<p><img loading=\"lazy\" decoding=\"async\" width=\"1024\" height=\"1024\" src=\"https:\/\/www.europesays.com\/uk\/wp-content\/uploads\/2025\/07\/joshua-chuang-gagosian-1024x1024.jpg\" alt=\"\"  \/><\/p>\n<p><strong>50. Joshua Chuang \u2013 Director of Photography, Gagosian Gallery (USA)<\/strong><\/p>\n<p>Joshua Chuang is Director of Photography at Gagosian and former curator at institutions including the Yale University Art Gallery and the New York Public Library. He is known for producing significant exhibitions and publications on figures such as Robert Adams, Lee Friedlander, and Judith Joy Ross, and serves as a bridge between curating and publishing.<\/p>\n<p><strong>51. Jeffrey Fraenkel \u2013 Founder and Director, Fraenkel Gallery (USA)<\/strong><\/p>\n<p>Jeffrey Fraenkel founded Fraenkel Gallery in San Francisco in 1979. The gallery has since become one of the most respected venues for photography in the United States, representing artists like Diane Arbus, Garry Winogrand, and Hiroshi Sugimoto. Fraenkel is known for championing both historical and conceptual work through thoughtful exhibitions and publications.<\/p>\n<p><img loading=\"lazy\" decoding=\"async\" width=\"1024\" height=\"1024\" src=\"https:\/\/www.europesays.com\/uk\/wp-content\/uploads\/2025\/07\/rawimage-1024x1024.jpg\" alt=\"\"  \/><\/p>\n<p><img loading=\"lazy\" decoding=\"async\" width=\"1024\" height=\"1024\" src=\"https:\/\/www.europesays.com\/uk\/wp-content\/uploads\/2025\/07\/nadine-wietlisbach-1160x-ins-1024x1024.jpg\" alt=\"\"  \/><\/p>\n<p><strong>52. Nadine Wietlisbach \u2013 Director, Fotomuseum Winterthur (Switzerland)<\/strong><\/p>\n<p>Nadine Wietlisbach has directed Fotomuseum Winterthur since 2018. With a background in curating, publishing, and education, she is known for bridging contemporary photography with experimental practices and critical discourses. She is also a co-founder of the independent photography magazine Der Greif and often contributes to exhibitions at C\/O Berlin.<\/p>\n<p><strong>53. Anne Lacoste \u2013 Director, Institut pour la Photographie (France)<\/strong><\/p>\n<p>Anne Lacoste is the Director of the Institut pour la Photographie in Lille, a major institution dedicated to the photographic medium in northern France. Previously, she held curatorial positions at the Mus\u00e9e de l\u2019\u00c9lys\u00e9e and the Getty Research Institute. Her expertise spans from 19th-century processes to contemporary documentary work.<\/p>\n<p><img loading=\"lazy\" decoding=\"async\" width=\"600\" height=\"600\" src=\"https:\/\/www.europesays.com\/uk\/wp-content\/uploads\/2025\/07\/dscf2962-copie-600x600-1.jpg\" alt=\"\"  \/><\/p>\n<p><img loading=\"lazy\" decoding=\"async\" width=\"690\" height=\"690\" src=\"https:\/\/www.europesays.com\/uk\/wp-content\/uploads\/2025\/07\/bc54d7603d709d3d249295bc415efb3e.jpeg\" alt=\"\"  \/><\/p>\n<p><strong>54. Bruce Silverstein \u2013 Founder and Director, Bruce Silverstein Gallery (USA)<\/strong><\/p>\n<p>Bruce Silverstein founded his New York gallery in 2001 and has become a key dealer in both classic and contemporary photography. The gallery represents the estates of figures such as Lisette Model and Andr\u00e9 Kert\u00e9sz and regularly exhibits conceptual and process-based work from living artists.<\/p>\n<p><strong>55. Gabriele Schor \u2013 Founder and Director, Verbund Collection (Austria)<\/strong><\/p>\n<p>Gabriele Schor is the founding director of the Verbund Collection in Vienna, which focuses on feminist avant-garde photography from the 1970s to the present. She has curated influential exhibitions across Europe and published extensively on gender, identity, and performance in contemporary art photography.<\/p>\n<p><img loading=\"lazy\" decoding=\"async\" width=\"1024\" height=\"1024\" src=\"https:\/\/www.europesays.com\/uk\/wp-content\/uploads\/2025\/07\/gabrieleschor1-katharinagossow-0-scaled-1-1024x1024.webp.webp\" alt=\"\" class=\"wp-image-21543403 size-full\"  \/><\/p>\n<p><img loading=\"lazy\" decoding=\"async\" width=\"768\" height=\"768\" src=\"https:\/\/www.europesays.com\/uk\/wp-content\/uploads\/2025\/07\/expert-thumbnail-1818.png\" alt=\"\"  \/><\/p>\n<p><strong>56. Delphine Dumont \u2013 Director, Le Hangar (Belgium)<\/strong><\/p>\n<p>Delphine Dumont is the Director of Le Hangar, a photography center in Brussels known for showcasing emerging and established photographers from Europe and beyond. She oversees its annual programming of exhibitions, talks, and educational initiatives, fostering a dialogue between artistic vision and social issues.<\/p>\n<p><strong>57. Peter Fetterman \u2013 Founder and Director, Peter Fetterman Gallery (USA)<\/strong><\/p>\n<p>Peter Fetterman has been a respected figure in fine art photography since the 1980s. Based in Santa Monica, his gallery represents many of the world\u2019s most influential humanist and documentary photographers, including Sebasti\u00e3o Salgado and Willy Ronis. He is also known for his inspirational social media series \u201cThe Power of Photography.\u201d<\/p>\n<p><img loading=\"lazy\" decoding=\"async\" width=\"1024\" height=\"1024\" src=\"https:\/\/www.europesays.com\/uk\/wp-content\/uploads\/2025\/07\/peter-fetterman--1024x1024.png\" alt=\"\"  \/><\/p>\n<p><img loading=\"lazy\" decoding=\"async\" width=\"758\" height=\"758\" src=\"https:\/\/www.europesays.com\/uk\/wp-content\/uploads\/2025\/07\/expert-thumbnail-32.jpg\" alt=\"\"  \/><\/p>\n<p><strong>58. Cl\u00e9mentine de la F\u00e9ronni\u00e8re \u2013 Founder and Director, Cl\u00e9mentine de la F\u00e9ronni\u00e8re Gallery (France)<\/strong><\/p>\n<p>Cl\u00e9mentine de la F\u00e9ronni\u00e8re runs her namesake gallery in Paris, located on Ile Saint Louis and focuses on both historical and contemporary photography, while having a great influence in the gallery business. She has published books under her own imprint and collaborated with institutions such as the Biblioth\u00e8que nationale de France and Luma et Detroit Institut of Art.<\/p>\n<p><strong>59. Ad\u00e9lie Genestar <strong>de Ipanema<\/strong> \u2013 Director, Polka Gallery and Polka Magazine (France)<\/strong><\/p>\n<p>Ad\u00e9lie Genestar leads Polka Gallery and Polka Magazine, two complementary platforms based in Paris dedicated to storytelling through photography. The gallery represents a wide range of photojournalists and documentary photographers, while the magazine explores current events, culture, and visual reportage.<\/p>\n<p><img loading=\"lazy\" decoding=\"async\" width=\"700\" height=\"700\" src=\"https:\/\/www.europesays.com\/uk\/wp-content\/uploads\/2025\/07\/img-1251.jpeg\" alt=\"\"  \/><\/p>\n<p><img loading=\"lazy\" decoding=\"async\" width=\"1000\" height=\"1000\" src=\"https:\/\/www.europesays.com\/uk\/wp-content\/uploads\/2025\/07\/perrotin-emmanuel@2x.jpg\" alt=\"\"  \/><\/p>\n<p><strong>60. Emmanuel Perrotin \u2013 Founder and Director, Perrotin Gallery (France\/International)<\/strong><\/p>\n<p>Emmanuel Perrotin is one of the most prominent international gallerists, having founded Galerie Perrotin in Paris in 1990. With branches across Asia, Europe, and North America, the gallery represents leading contemporary artists and photographers. While known for broader contemporary art, Perrotin has increasingly integrated photography into his roster.<\/p>\n<p><strong>61.\u00a0 Jean-Fran\u00e7ois Leroy \u2013 Director, Visa pour l\u2019Image (France)<\/strong><\/p>\n<p>Jean-Fran\u00e7ois Leroy is a former Sipa-Press photographer and editor-in-chief of Photo Magazine. He co-founded and has directed the prestigious Visa pour l\u2019Image international photojournalism festival in Perpignan since 1989. He is renowned for his editorial rigor and commitment to journalistic integrity. A Chevalier des Arts et Lettres and Chevalier de l\u2019Ordre du M\u00e9rite, Leroy continues to fuel international debates around photojournalism through exhibitions, screenings, and public programs.<\/p>\n<p><img loading=\"lazy\" decoding=\"async\" width=\"340\" height=\"340\" src=\"https:\/\/www.europesays.com\/uk\/wp-content\/uploads\/2025\/07\/640x340-portrait-jeanfrancois-leroy.jpg\" alt=\"\"  \/><\/p>\n<p><img loading=\"lazy\" decoding=\"async\" width=\"560\" height=\"560\" src=\"https:\/\/www.blind-magazine.com\/wp-content\/uploads\/2025\/07\/holly-roussell-509.avif\" alt=\"\" class=\"wp-image-21543410 size-full\"  \/><\/p>\n<p><strong>62. Holly Roussell \u2013 Independent Curator and Art Historian (Switzerland\/China)<\/strong><\/p>\n<p>Holly Roussell is a curator, writer, and art historian specializing in Asian photography and contemporary image culture. She has worked with institutions such as the Mus\u00e9e de l\u2019\u00c9lys\u00e9e and UCCA Beijing, and co-curated the Jimei x Arles International Photo Festival. Her curatorial projects explore global dialogue through emerging photographic voices.<\/p>\n<p><strong>63. Erik Kessels \u2013 Creative Director, KesselsKramer (Netherlands)<\/strong><\/p>\n<p>Erik Kessels is a Dutch artist, curator, and co-founder of the communications agency KesselsKramer. Known for his irreverent and conceptual approach to vernacular photography, he has curated major exhibitions including \u201cAlbum Beauty\u201d and \u201cUnfinished Father.\u201d He lectures internationally and promotes visual literacy through books and installations.<\/p>\n<p><img loading=\"lazy\" decoding=\"async\" width=\"901\" height=\"901\" src=\"https:\/\/www.europesays.com\/uk\/wp-content\/uploads\/2025\/07\/curator-thumbnail-25.webp.webp\" alt=\"\" class=\"wp-image-21543411 size-full\"  \/><\/p>\n<p><img loading=\"lazy\" decoding=\"async\" width=\"1024\" height=\"1024\" src=\"https:\/\/www.europesays.com\/uk\/wp-content\/uploads\/2025\/07\/gaelle-1024x1024.jpg\" alt=\"\"  \/><\/p>\n<p><strong>64. Gaelle Gouinegen\u00e9 \u2013 Director of Exhibitions, Leica France (France)<\/strong><\/p>\n<p>Gaelle Gouinegen\u00e9 is responsible for curating and coordinating Leica France\u2019s exhibition programming, which includes both traveling and in-house shows. She works closely with photographers, institutions, and Leica ambassadors to develop narratives around documentary, street, and fine art photography tied to the Leica legacy.<\/p>\n<p><strong>65. David Fahey \u2013 Co-founder and Director, Fahey\/Klein Gallery (USA)<\/strong><\/p>\n<p>David Fahey co-founded Fahey\/Klein Gallery in Los Angeles in 1986. The gallery has become a major force in American photography, representing classic and contemporary artists such as Herb Ritts, Irving Penn, and Joel-Peter Witkin. Fahey is also known for championing celebrity portraiture and editorial-style work in the fine art market.<\/p>\n<p><img loading=\"lazy\" decoding=\"async\" width=\"730\" height=\"730\" src=\"https:\/\/www.europesays.com\/uk\/wp-content\/uploads\/2025\/07\/original-david-l-a-times-mag-2-a-april-2003-jpg.jpg\" alt=\"\"  \/><\/p>\n<p><img loading=\"lazy\" decoding=\"async\" width=\"683\" height=\"683\" src=\"https:\/\/www.europesays.com\/uk\/wp-content\/uploads\/2025\/07\/portrait-emmanuelle-de-lecotais-marjolijn-de-groot.jpg\" alt=\"\"  \/><\/p>\n<p><strong>66. Emmanuelle de l\u2019Ecotais \u2013 Director, Photo Days Festival (France)<\/strong><\/p>\n<p>Emmanuelle de l\u2019Ecotais is Director of the Paris-based Photo Days Festival, which connects galleries, museums, and cultural spaces throughout the city. A former curator at the Mus\u00e9e d\u2019Art Moderne de la Ville de Paris and expert on Man Ray, she has positioned Photo Days as a vibrant platform for collectors and institutions.<\/p>\n<p><strong>67. Thierry Bigaignon \u2013 Founder and Director, Galerie Thierry Bigaignon (France)<\/strong><\/p>\n<p>Thierry Bigaignon runs a contemporary photography gallery in Paris with a strong emphasis on black-and-white and architecture-focused photography. He represents artists like Bastiaan Woudt and engages actively in editorial and curatorial projects, positioning his space as a bold voice in the Paris art scene.<\/p>\n<p><img loading=\"lazy\" decoding=\"async\" width=\"854\" height=\"854\" src=\"https:\/\/www.europesays.com\/uk\/wp-content\/uploads\/2025\/07\/gtb-photo-thierry-bigaignon-portrait-hr.jpeg\" alt=\"\"  \/><\/p>\n<p><img loading=\"lazy\" decoding=\"async\" width=\"800\" height=\"800\" src=\"https:\/\/www.europesays.com\/uk\/wp-content\/uploads\/2025\/07\/curator-thumbnail-256.webp.webp\" alt=\"\" class=\"wp-image-21543416 size-full\"  \/><\/p>\n<p><strong>68. Federica Angelucci \u2013 Independent Curator and Co-director, Stevenson Gallery (South Africa)<\/strong><\/p>\n<p>Federica Angelucci is a curator and co-director of Stevenson, a leading contemporary art gallery with locations in Cape Town, Johannesburg, and Amsterdam. She plays a central role in shaping the gallery\u2019s photographic program, curating solo and group exhibitions for artists including Zanele Muholi, Guy Tillim, and Viviane Sassen. Her work often explores themes of identity, representation, and postcolonial narratives within the African context. A regular speaker at international conferences and portfolio reviews, Angelucci contributes to critical discourse around photography on the continent and supports emerging voices through curatorial mentorship and publishing initiatives.<\/p>\n<p><strong>69. Kathrin Sch\u00f6negg \u2013 Head of the Photography Department, M\u00fcnchner Stadtmuseum (Germany)<\/strong><\/p>\n<p>Kathrin Sch\u00f6negg is Head of the Photography Department at the M\u00fcnchner Stadtmuseum, one of Germany\u2019s most significant institutions for photographic heritage and contemporary practice. A curator and scholar, she also serves as curator at C\/O Berlin, where she developed exhibitions focusing on critical image culture, visual politics, and digital photography. Known for bridging archival research with emerging visual narratives, she also serves on juries and advisory boards, and plays a key role in fostering critical engagement with photography in Germany and beyond.<\/p>\n<p><img loading=\"lazy\" decoding=\"async\" width=\"562\" height=\"562\" src=\"https:\/\/www.europesays.com\/uk\/wp-content\/uploads\/2025\/07\/cb7fc793-2021-43a3-a32b-3e59ab680265.jpeg\" alt=\"\"  \/><\/p>\n<p><img loading=\"lazy\" decoding=\"async\" width=\"1024\" height=\"1024\" src=\"https:\/\/www.europesays.com\/uk\/wp-content\/uploads\/2025\/07\/nn11520070-1024x1024.jpg\" alt=\"\"  \/><\/p>\n<p><strong>70. Cristina de Middel \u2013 President, Magnum Photos (Spain)<\/strong><\/p>\n<p>Cristina de Middel is a Spanish documentary photographer and current President of Magnum Photos, elected in 2022. Known for her boundary-pushing visual storytelling, she gained international acclaim with her self-published project The Afronauts. As both a photographer and organizational leader, she represents a new generation guiding Magnum into more diverse and experimental narratives.<\/p>\n<p><strong>71. Gary Knight \u2013 Executive Director, The VII Foundation (UK)<\/strong><\/p>\n<p>Gary Knight is a British photojournalist and co-founder of the VII Photo Agency, now transitioned into The VII Foundation. He serves as its Executive Director, spearheading education, documentary, and investigative initiatives. A former chair of the World Press Photo contest jury, Knight is known for combining frontline experience with institutional leadership in visual journalism.<\/p>\n<p><img loading=\"lazy\" decoding=\"async\" width=\"892\" height=\"892\" src=\"https:\/\/www.europesays.com\/uk\/wp-content\/uploads\/2025\/07\/gary-knight.jpeg\" alt=\"\"  \/><\/p>\n<p><img loading=\"lazy\" decoding=\"async\" width=\"1024\" height=\"1024\" src=\"https:\/\/www.europesays.com\/uk\/wp-content\/uploads\/2025\/07\/daniella-zalcman-headshot----taylormickal--1024x1024.jpg\" alt=\"\"  \/><\/p>\n<p><strong>72. Daniella Zalcman \u2013 Founder &amp; Executive Director, Women Photograph (USA\/Canada)<\/strong><\/p>\n<p>Daniella Zalcman is a photojournalist and founder of Women Photograph, a nonprofit that promotes the work of women and nonbinary photographers worldwide. Since its launch in 2017, the initiative has built a global directory, grants, and mentorship programs. Zalcman\u2019s own award-winning work often explores the legacy of colonialism and indigenous rights.<\/p>\n<p><strong>73. Chase Jarvis \u2013 Co-founder, CreativeLive (USA)<\/strong><\/p>\n<p>Chase Jarvis is a photographer, entrepreneur, and co-founder of CreativeLive, a major online learning platform for creative professionals. The platform has educated millions in photography, design, and entrepreneurship. Jarvis is also an influential speaker and author, advocating for creativity as a core life skill in both artistic and business contexts.<\/p>\n<p><img loading=\"lazy\" decoding=\"async\" width=\"1024\" height=\"1024\" src=\"https:\/\/www.europesays.com\/uk\/wp-content\/uploads\/2025\/07\/chase-1024x1024.jpg\" alt=\"\"  \/><\/p>\n<p><img loading=\"lazy\" decoding=\"async\" width=\"1024\" height=\"1024\" src=\"https:\/\/www.europesays.com\/uk\/wp-content\/uploads\/2025\/07\/elodie6658411-7-19-1024x1024.jpg\" alt=\"\"  \/><\/p>\n<p><strong>74. Elodie Mailliet Storm \u2013 CEO, CatchLight (USA)<\/strong><\/p>\n<p>Elodie Mailliet Storm leads CatchLight, a nonprofit that connects visual storytellers with newsrooms, communities, and funders to support social impact through photography. She has a background at Getty Images. Her work centers on photography as a driver for civic engagement and systemic change, with major grants for photographers.<\/p>\n<p><strong>75. Marcel Saba \u2013 Director, Redux Pictures (USA)<\/strong><\/p>\n<p>Marcel Saba is the founder and director of Redux Pictures, a New York-based photo agency known for representing top-tier photojournalists and documentary photographers. Prior to founding Redux, he held leadership roles at Saba Press Photos and Corbis. He has been a key figure in shaping editorial photography in the digital age and remains active in mentoring emerging talent.<\/p>\n<p><img loading=\"lazy\" decoding=\"async\" width=\"512\" height=\"512\" src=\"https:\/\/www.europesays.com\/uk\/wp-content\/uploads\/2025\/07\/marcel-portrait-512x512-1.jpg\" alt=\"\"  \/><\/p>\n<p><img loading=\"lazy\" decoding=\"async\" width=\"1024\" height=\"1024\" src=\"https:\/\/www.europesays.com\/uk\/wp-content\/uploads\/2025\/07\/img-6030-1-1-scaled-1-1024x1024.jpg\" alt=\"\"  \/><\/p>\n<p><strong>76. Giulietta Palumbo \u2013 Editorial Director, Magnum Photos (France)<\/strong><\/p>\n<p>Giulietta Palumbo is Editorial Director at Magnum Photos, where she has worked for over a decade in various senior roles. She oversees global editorial operations and plays a central role in shaping how Magnum\u2019s archive and contemporary work are distributed and commissioned across platforms. She is a vital link between the agency\u2019s photographers and its institutional and media partners.<\/p>\n<p><strong>77. Yvan Kutanin \u2013 CEO, Skylum (Ukraine)<\/strong><\/p>\n<p>Yvan Kutanin is CEO of Skylum, the Ukrainian software company behind the award-winning photo editing software Luminar. Under his leadership, Skylum has introduced AI-driven tools that have reshaped how photographers approach post-production. He advocates for ethical AI development and supports Ukraine\u2019s tech and creative sectors amid ongoing conflict.<\/p>\n<p><img loading=\"lazy\" decoding=\"async\" width=\"667\" height=\"667\" src=\"https:\/\/www.europesays.com\/uk\/wp-content\/uploads\/2025\/07\/skylum-ceo-ivan-kutanin-.webp.webp\" alt=\"\" class=\"wp-image-21543425 size-full\"  \/><\/p>\n<p><img loading=\"lazy\" decoding=\"async\" width=\"448\" height=\"446\" src=\"https:\/\/www.europesays.com\/uk\/wp-content\/uploads\/2025\/07\/florence-portrait-e1594472695791.jpeg\" alt=\"\"  \/><\/p>\n<p><strong>78. Florence Moll \u2013 Director, FMA Le Bureau (France)<\/strong><\/p>\n<p>Florence Moll is the director of FMA Le Bureau, a Paris-based agency focused on photography, art, and creative direction and the founder of Les filles de la photo, an important voice for women photographers in France. With a curatorial eye and a strategic mindset, she bridges the worlds of art photography and brand partnerships, guiding her roster of photographers through high-profile campaigns, exhibitions, and books.er agency is known for its strong visual identity and curated approach.<\/p>\n<p><strong>79. Shantanu Narayen \u2013 CEO, Adobe (USA)<\/strong><\/p>\n<p>Shantanu Narayen is the Chairman and CEO of Adobe, one of the most influential companies in creative software. Under his leadership, Adobe expanded from desktop software to a cloud-based platform serving millions of photographers, designers, and content creators worldwide. Products like Photoshop, Lightroom or Firefly remain foundational tools in the photography industry.<\/p>\n<p><img loading=\"lazy\" decoding=\"async\" width=\"587\" height=\"587\" src=\"https:\/\/www.europesays.com\/uk\/wp-content\/uploads\/2025\/07\/121180352.jpg\" alt=\"\"  \/><\/p>\n<p><img loading=\"lazy\" decoding=\"async\" width=\"667\" height=\"667\" src=\"https:\/\/www.europesays.com\/uk\/wp-content\/uploads\/2025\/07\/laurence.jpg\" alt=\"\"  \/><\/p>\n<p><strong>80. Laurence Cornet \u2013 Deputy Director of Photography, Le Monde &amp; Dysturb (France)<\/strong><\/p>\n<p>Laurence Cornet is a French journalist, curator, and editor whose work bridges documentary photography, environmental reporting, and visual storytelling. She is a full-time editor at Le Monde and collaborates with the collective Dysturb, where she helps develop impactful public-space exhibitions and educational projects. With a background in political science and art history, Cornet curates photography programs focused on ecology, migration, and social justice. Her editorial vision emphasizes narrative depth and accessibility, and she actively supports emerging photographers through workshops, mentorship, and international programming partnerships.<\/p>\n<p><strong>81. Craig Peters \u2013 CEO, Getty Images (USA)<\/strong><\/p>\n<p>Craig Peters is the CEO of Getty Images, leading the company since 2019. A longtime executive at Getty, he has held roles across product, content, and technology since joining in 2007. Under his leadership, the company has focused on innovation in AI, visual storytelling, and content licensing.<\/p>\n<p><img loading=\"lazy\" decoding=\"async\" width=\"596\" height=\"596\" src=\"https:\/\/www.europesays.com\/uk\/wp-content\/uploads\/2025\/07\/craig-petersjpeg.jpg\" alt=\"\"  \/><\/p>\n<p><img loading=\"lazy\" decoding=\"async\" width=\"1024\" height=\"1024\" src=\"https:\/\/www.europesays.com\/uk\/wp-content\/uploads\/2025\/07\/matthias-harsch-ceo-leica-camera-ag-scaled-e1625046310857-1024x1024.jpg\" alt=\"\"  \/><\/p>\n<p><strong>82. Mathias Harsch \u2013 CEO, Leica Camera AG (Germany)<\/strong><\/p>\n<p>Mathias Harsch is the CEO of Leica, the legendary German camera manufacturer. Since taking over in 2017, he has overseen Leica\u2019s expansion into retail, partnerships with Huawei and others, and continued development of both analog and digital photography tools. He is credited with maintaining Leica\u2019s status as a premium brand rooted in heritage and innovation.<\/p>\n<p><strong>83. Benjamin Petit &amp; Pierre Terdjman \u2013 Co-Founders, Dysturb (France)<\/strong><\/p>\n<p>Photojournalists Benjamin Petit and Pierre Terdjman co-founded Dysturb, a visual education and awareness project that brings large-scale photographic prints into urban spaces. Their initiative aims to reconnect communities with current events and visual journalism by making photo stories accessible in the public sphere, especially for youth and schools.<\/p>\n<p><img loading=\"lazy\" decoding=\"async\" width=\"777\" height=\"777\" src=\"https:\/\/www.europesays.com\/uk\/wp-content\/uploads\/2025\/07\/whatsapp-image-2025-07-03-at-14.22.40.jpeg\" alt=\"\"  \/><\/p>\n<p><img loading=\"lazy\" decoding=\"async\" width=\"750\" height=\"750\" src=\"https:\/\/www.europesays.com\/uk\/wp-content\/uploads\/2025\/07\/88b272bd-70b8-42df-8fb6-f892c3da0682-medium.jpg\" alt=\"\"  \/><\/p>\n<p><strong>84. Simon Lovermann \u2013 Co-Founder, Picter (Germany)<\/strong><\/p>\n<p>Simon Lovermann is a co-founder of Picter, a collaborative platform built for creative teams, competitions, and institutions working with photography and visual media. He also co-founded Der Greif, a renowned magazine and platform for contemporary photography. His work focuses on streamlining creative workflows and expanding visibility for emerging photographers.<\/p>\n<p><strong>85. <strong>Patricia Morvan \u2013 Co-Director, Agence VU (France)<\/strong><\/strong><\/p>\n<p>Patricia Morvan is a Co-Director at Agence VU, one of Europe\u2019s most prestigious photo agencies. VU has long been a hub for visual storytelling, representing a diverse roster of documentary and art photographers. Under their leadership, the agency continues to evolve with new multimedia formats, exhibitions, and publishing initiatives while preserving its strong editorial legacy.<\/p>\n<p><img loading=\"lazy\" decoding=\"async\" width=\"750\" height=\"750\" src=\"https:\/\/www.europesays.com\/uk\/wp-content\/uploads\/2025\/07\/portrait-patriciamorvan-copie.jpg\" alt=\"\"  \/><\/p>\n<p><img loading=\"lazy\" decoding=\"async\" width=\"592\" height=\"592\" src=\"https:\/\/www.europesays.com\/uk\/wp-content\/uploads\/2025\/07\/1733953253257.jpeg\" alt=\"\"  \/><\/p>\n<p><strong>86. Antoine Kimmerlin \u2013 Editorial Director, MYOP (France)<\/strong><\/p>\n<p>Antoine Kimmerlin is Editorial Director of MYOP, a Paris-based cooperative agency of photographers. With a strong background in journalism and editing, he plays a key role in shaping visual narratives that span news, long-form reportage, and personal storytelling. MYOP is known for its author-driven and socially engaged approach to photography.<\/p>\n<p><strong>87. Veronica Sanchis \u2013 Founder, Foto F\u00e9minas (US)<\/strong><\/p>\n<p>Veronica Sanchis is a Venezuelan photo editor and curator based in the US, best known as the founder of Foto F\u00e9minas, a platform that promotes the work of Latin American women photographers. Through online features, exhibitions, and talks, she has created a vital space for underrepresented voices and has become a respected advocate for diversity in the visual arts.<\/p>\n<p><img loading=\"lazy\" decoding=\"async\" width=\"828\" height=\"828\" src=\"https:\/\/www.europesays.com\/uk\/wp-content\/uploads\/2025\/07\/345284294-1244254512900497-7135453957656630711-n.jpg\" alt=\"\"  \/><\/p>\n<p><img loading=\"lazy\" decoding=\"async\" width=\"1024\" height=\"1024\" src=\"https:\/\/www.europesays.com\/uk\/wp-content\/uploads\/2025\/07\/vincealetti-metalmagazine-6-1024x1024.jpeg\" alt=\"\"  \/><\/p>\n<p><strong>88. Vince Aletti \u2013 Independent Photography Critic, The New Yorker (USA)<\/strong><\/p>\n<p>Vince Aletti is one of the most influential voices in photography criticism. He was the first photography critic for The Village Voice and a long-time contributor to The New Yorker, where he wrote about photography, fashion, and culture. Known for his deep historical knowledge and discerning eye, Aletti is also the author of Issues: A History of Photography in Fashion Magazines and curates exhibitions and books internationally.<\/p>\n<p><strong>89. Claire Guillot \u2013 Deputy Director of Cultural Section, Le Monde (France)<\/strong><\/p>\n<p>Claire Guillot is a leading French journalist and photography critic, currently heading the culture section at Le Monde. A former editor of the paper\u2019s photography secton, she has shaped mainstream coverage of photography in France and regularly writes essays, exhibition reviews, and curatorial texts. Guillot is widely respected for her critical voice and support for both emerging and established photographers.<\/p>\n<p><img loading=\"lazy\" decoding=\"async\" width=\"575\" height=\"575\" src=\"https:\/\/www.europesays.com\/uk\/wp-content\/uploads\/2025\/07\/860-photo-2-1.jpg\" alt=\"\"  \/><\/p>\n<p><img loading=\"lazy\" decoding=\"async\" width=\"450\" height=\"450\" src=\"https:\/\/www.europesays.com\/uk\/wp-content\/uploads\/2025\/07\/b1dye41dd-s.-sy450-cr1120450450-.jpg\" alt=\"\"  \/><\/p>\n<p><strong>90. Bill Shapiro \u2013 Independent Photography Critic (USA)<\/strong><\/p>\n<p>Bill Shapiro is the former Editor-in-Chief of LIFE magazine and a widely published writer on photography. He contributes to The New York Times, The Atlantic, Blind Magazine and other major outlets, where he explores themes of memory, the life of great photographers, and personal archives. Shapiro is one of the most influential voices in photography, responsible for publishing some of the most iconic images of our time.<\/p>\n<p><strong>91. Arthur Lubow \u2013 Independent Journalist Specializing in Photography (USA)<\/strong><\/p>\n<p>Arthur Lubow is an American journalist who frequently writes about photography for The New York Times Magazine, Smithsonian, and other publications. He has profiled iconic photographers including Diane Arbus, James Nachtwey, and Peter Hujar, blending journalistic depth with an art critic\u2019s sensibility. His work brings mainstream visibility to important photographic practices.<\/p>\n<p><img loading=\"lazy\" decoding=\"async\" width=\"600\" height=\"594\" src=\"https:\/\/www.europesays.com\/uk\/wp-content\/uploads\/2025\/07\/03book2-articlelarge.webp.webp\" alt=\"\" class=\"wp-image-21543440 size-full\"  \/><\/p>\n<p><img loading=\"lazy\" decoding=\"async\" width=\"400\" height=\"400\" src=\"https:\/\/www.europesays.com\/uk\/wp-content\/uploads\/2025\/07\/154048.jpg\" alt=\"\"  \/><\/p>\n<p><strong>92. Val\u00e9rie Duponchelle \u2013 Journalist Specializing in Photography, Le Figaro (France)<\/strong><\/p>\n<p>Val\u00e9rie Duponchelle is a senior cultural journalist at Le Figaro, where she covers photography, visual arts, and major exhibitions. With decades of experience reporting on French and international artists, she is recognized for her eloquent writing and institutional knowledge. Duponchelle\u2019s journalism often bridges public opinion with insider art world discourse.<\/p>\n<p><strong>93. Ken Miller \u2013 Editor, The New York Times Style Magazine (USA)<\/strong><\/p>\n<p>Ken Miller is a New York-based editor and curator with deep ties to the photography and fashion worlds. He serves as an editor at The New York Times Style Magazine and has worked with numerous other publications and brands. Miller is known for his ability to bring photographic work into new editorial and cultural contexts, blending documentary and conceptual aesthetics.<\/p>\n<p><img loading=\"lazy\" decoding=\"async\" width=\"365\" height=\"365\" src=\"https:\/\/www.europesays.com\/uk\/wp-content\/uploads\/2025\/07\/1516303961913.jpeg\" alt=\"\"  \/><\/p>\n<p><img loading=\"lazy\" decoding=\"async\" width=\"1024\" height=\"1024\" src=\"https:\/\/www.europesays.com\/uk\/wp-content\/uploads\/2025\/07\/1768929787449393886-1-1024x1024.jpg\" alt=\"\"  \/><\/p>\n<p><strong>94. Mich\u00e8le Warnet \u2013 Journalist Specializing in Photography, Les \u00c9chos (France)<\/strong><\/p>\n<p>Mich\u00e8le Warnet is a cultural journalist at Les \u00c9chos, one of France\u2019s leading business newspapers. Her columns regularly cover photography exhibitions, books, and festivals, offering sharp and accessible insights for a wide readership. She plays a key role in maintaining visibility for photography within French mainstream media.<\/p>\n<p><strong>95. William Meyers \u2013 Independent Journalist, formerly The Wall Street Journal (USA)<\/strong><\/p>\n<p>William Meyers is an American writer who contributed photography criticism to The Wall Street Journal for over two decades. His columns highlighted museum and gallery exhibitions across the United States, often emphasizing historical context and photographic technique. He is known for advocating the appreciation of photography as a fine art.<\/p>\n<p><img loading=\"lazy\" decoding=\"async\" width=\"960\" height=\"960\" src=\"https:\/\/www.europesays.com\/uk\/wp-content\/uploads\/2025\/07\/467398650-10234394006969151-4144396788070188991-n.jpg\" alt=\"\"  \/><\/p>\n<p><img loading=\"lazy\" decoding=\"async\" width=\"1024\" height=\"1024\" src=\"https:\/\/www.europesays.com\/uk\/wp-content\/uploads\/2025\/07\/1200x1600x1-1024x1024.jpg\" alt=\"\"  \/><\/p>\n<p><strong>96. Gabriele Perlo \u2013 Founder, Catastrophe Off (Italy)<\/strong><\/p>\n<p>Gabriele Perlo is the founder of Catastrophe Off, an Italian editorial platform focused on contemporary photography and critical writing, with almost one million followers on Instagram. Through publishing and curating, he promotes experimental formats and underrepresented voices. His work is grounded in theory, activism, and visual literacy, engaging both emerging photographers and critical audiences.<\/p>\n<p><strong>97. Myrtille Beauvert \u2013 Founder, Sister Communications (USA\/France)<\/strong><\/p>\n<p>Myrtille Beauvert is the founder of Sister Communications, a New York-based PR and consulting agency that specializes in photography, art, and culture. She has worked on major campaigns and festival communications across the United States and Europe, and supports institutions, galleries, and artists in building visibility and influence through thoughtful storytelling.<\/p>\n<p><img loading=\"lazy\" decoding=\"async\" width=\"888\" height=\"888\" src=\"https:\/\/www.europesays.com\/uk\/wp-content\/uploads\/2025\/07\/image-asset.jpeg\" alt=\"\"  \/><\/p>\n<p><img loading=\"lazy\" decoding=\"async\" width=\"480\" height=\"480\" src=\"https:\/\/www.europesays.com\/uk\/wp-content\/uploads\/2025\/07\/img-4367-copie-2.jpg\" alt=\"\"  \/><\/p>\n<p><strong>98. Catherine Philippot \u2013 Independent Press Relations (France)<\/strong><\/p>\n<p>Catherine Philippot is a highly-recognized press officer and consultant based in Paris, specializing in photography and contemporary art. She has worked with numerous photographers, galleries, and institutions over several decades, helping to shape the public narrative around photography in France. Her discretion and experience have made her a trusted figure in the industry.<\/p>\n<p><strong>99. <\/strong><strong>\u00a0Brigitte Ollier \u2013 Independent Journalist and Photography Critic (France)<\/strong><\/p>\n<p>Brigitte Ollier is a French journalist and photography critic known for her insightful and poetic writing on visual culture. A long-time contributor to Lib\u00e9ration, a contributor to Blind Magazine today, she has chronicled the evolution of French and international photography for over three decades, covering major figures, emerging talents, and landmark exhibitions. Ollier is also the author of several monographs and essays on photographers such as Robert Doisneau and Malick Sidib\u00e9. With a deep sensitivity to both image and language, she has become a vital voice in shaping public appreciation of photography in France and remains an influential figure in the critical landscape.<\/p>\n<p><img loading=\"lazy\" decoding=\"async\" width=\"295\" height=\"295\" src=\"https:\/\/www.europesays.com\/uk\/wp-content\/uploads\/2025\/07\/maxresdefault-1.jpg\" alt=\"\"  \/><\/p>\n<p><img loading=\"lazy\" decoding=\"async\" width=\"1024\" height=\"1024\" src=\"https:\/\/www.europesays.com\/uk\/wp-content\/uploads\/2025\/07\/img-9711-1024x1024.jpg\" alt=\"\"  \/><\/p>\n<p><strong>100. Jonas Cu\u00e9nin \u2013 Director, Blind Magazine (France)<\/strong><\/p>\n<p>Jonas Cu\u00e9nin is a French journalist and editor who currently directs Blind Magazine, an international platform dedicated to photography and visual culture. Formerly editor-in-chief of L\u2019Oeil de la Photographie and managing editor of Camera, he is known for covering both established photographers and emerging voices with critical insight and global perspective.<\/p>\n","protected":false},"excerpt":{"rendered":"Photography has always been more than just a medium\u2014it\u2019s a language, a witness, and a catalyst for change.&hellip;\n","protected":false},"author":2,"featured_media":236075,"comment_status":"","ping_status":"","sticky":false,"template":"","format":"standard","meta":{"footnotes":""},"categories":[3939],"tags":[4021,4020,4022,77,92216,16,15],"class_list":{"0":"post-236074","1":"post","2":"type-post","3":"status-publish","4":"format-standard","5":"has-post-thumbnail","7":"category-arts-and-design","8":"tag-arts","9":"tag-arts-and-design","10":"tag-design","11":"tag-entertainment","12":"tag-template-cover-simple","13":"tag-uk","14":"tag-united-kingdom"},"share_on_mastodon":{"url":"https:\/\/pubeurope.com\/@uk\/114792160178296056","error":""},"_links":{"self":[{"href":"https:\/\/www.europesays.com\/uk\/wp-json\/wp\/v2\/posts\/236074","targetHints":{"allow":["GET"]}}],"collection":[{"href":"https:\/\/www.europesays.com\/uk\/wp-json\/wp\/v2\/posts"}],"about":[{"href":"https:\/\/www.europesays.com\/uk\/wp-json\/wp\/v2\/types\/post"}],"author":[{"embeddable":true,"href":"https:\/\/www.europesays.com\/uk\/wp-json\/wp\/v2\/users\/2"}],"replies":[{"embeddable":true,"href":"https:\/\/www.europesays.com\/uk\/wp-json\/wp\/v2\/comments?post=236074"}],"version-history":[{"count":0,"href":"https:\/\/www.europesays.com\/uk\/wp-json\/wp\/v2\/posts\/236074\/revisions"}],"wp:featuredmedia":[{"embeddable":true,"href":"https:\/\/www.europesays.com\/uk\/wp-json\/wp\/v2\/media\/236075"}],"wp:attachment":[{"href":"https:\/\/www.europesays.com\/uk\/wp-json\/wp\/v2\/media?parent=236074"}],"wp:term":[{"taxonomy":"category","embeddable":true,"href":"https:\/\/www.europesays.com\/uk\/wp-json\/wp\/v2\/categories?post=236074"},{"taxonomy":"post_tag","embeddable":true,"href":"https:\/\/www.europesays.com\/uk\/wp-json\/wp\/v2\/tags?post=236074"}],"curies":[{"name":"wp","href":"https:\/\/api.w.org\/{rel}","templated":true}]}}