{"id":236668,"date":"2025-07-04T06:00:11","date_gmt":"2025-07-04T06:00:11","guid":{"rendered":"https:\/\/www.europesays.com\/uk\/236668\/"},"modified":"2025-07-04T06:00:11","modified_gmt":"2025-07-04T06:00:11","slug":"charity-urges-irish-ukraine-veterans-to-avail-of-support","status":"publish","type":"post","link":"https:\/\/www.europesays.com\/uk\/236668\/","title":{"rendered":"Charity urges Irish Ukraine veterans to avail of support"},"content":{"rendered":"<p>An Irish veterans charity is calling on former Defence Forces members who fought in Ukraine to come forward for support.<\/p>\n<p>\u00d3glaigh N\u00e1isi\u00fanta na h\u00c9ireann (ONE) said its helping seven former Irish soldiers who fought in Ukraine.<\/p>\n<p>The charity believes there are more veterans out there who may need support.<\/p>\n<p>&#8220;What we have found is pride is a huge inhibitor of individuals looking for help. In an awful lot of cases, through second to third hand, we&#8217;re made aware of an individual who is suffering,&#8221; said Cormac Kirwan, CEO of ONE.<\/p>\n<p>He said he would encourage any individual, who is aware of a veteran of the Defence Forces who is struggling, to reach out.<\/p>\n<p>&#8220;We&#8217;ve six professional veteran support officers that are full-time counsellors and psychotherapists,&#8221; he said.<\/p>\n<p><img decoding=\"async\" alt=\"\" src=\"https:\/\/www.europesays.com\/uk\/wp-content\/uploads\/2025\/07\/00201e39-614.jpg\"\/><br \/>\nSoldiers from Ukraine&#8217;s military pictured firing an artillery gun at Russian army positions<\/p>\n<p><a href=\"https:\/\/www.rte.ie\/news\/ireland\/2025\/0704\/1521742-ukraine-irish-soldier\/\" target=\"_blank\" rel=\"noopener\">One Irish man who fought in Ukraine said he has noticed a huge difference in his mental health since engaging with ONE.<\/a><\/p>\n<p>Peter (not his real name) was a special forces operative with the Ukrainian Army from February 2022 to January 2023.<\/p>\n<p>&#8220;I went into the situation knowing the full risks involved. I didn&#8217;t go over there naively,&#8221; he told RT\u00c9 News.<\/p>\n<p>He added: &#8220;I knew when I left Ireland, I knew there was a very good chance I was not going to come back alive. I made sure I was aware of that decision before I left Ireland.&#8221;<\/p>\n<p>While escaping major physical injuries, Peter struggled internally when he got home two years ago.<\/p>\n<p>&#8220;[I] had to come home at some stage \u2026 preferably not in a box. One of the weirdest things when I came home was like &#8216;I\u2019m safe. I\u2019m safe. I know I\u2019m not going to be targeted today\u2019,&#8221; he said.<\/p>\n<p>Even though his GP said they believed he was suffering from post-traumatic stress disorder, he refused help.<\/p>\n<p><b><a href=\"https:\/\/www.rte.ie\/news\/ukraine\/\" target=\"_blank\" rel=\"noopener\">Latest Ukraine stories<\/a><\/b><\/p>\n<p>&#8220;So, what did I do? I was still in combat mode. I avoided everyone. Didn\u2019t go out. Didn\u2019t socialise,&#8221; he said.<\/p>\n<p>A friend put him in contact with ONE.<\/p>\n<p>He eventually decided to reach out to them for help, which he said has been transformative for him.<\/p>\n<p>&#8220;One of the biggest disconnects you have when you come back is that everyone is a civilian.<\/p>\n<p>&#8220;They haven\u2019t been to war. They haven\u2019t seen what you\u2019ve seen. They haven\u2019t done what you\u2019ve done. Once you start talking to ex-military, you are able to connect and resonate with each other,&#8221; he said.<\/p>\n<p>&#8220;When you come back, you try and find purpose in life. You come back to Ireland, you try and work a job, you\u2019re socialising at the weekends and doing all the simple things that people take for granted,&#8221; he added.<\/p>\n<p>&#8220;But you\u2019re not going in, doing missions, going into combat or liberating towns, saving comrades, retrieving bodies, as grim as it might be.<\/p>\n<p>&#8220;At least you are doing something pretty important and making a significant difference. When you come home you realise that\u2019s lacking,&#8221; the former Defence Forces member said.<\/p>\n<p><img decoding=\"async\" alt=\"\" src=\"https:\/\/www.europesays.com\/uk\/wp-content\/uploads\/2025\/07\/0022d2dc-614.jpg\"\/><br \/>\nONE support officer Audra Larkin said soldiers find it difficult to adjust to normal life post-war<\/p>\n<p>&#8220;It was the greatest sense of purpose I had while I was over there,&#8221; Peter said.<\/p>\n<p>ONE support officer Audra Larkin said it is common for someone to find re-integration difficult when re-entering communities and families after war.<\/p>\n<p>&#8220;We see things like disrupted sleep patterns, PTSD, isolation, disconnection from friends, families, communities,&#8221; she said.<\/p>\n<p><b>Watch: Charity calls on Defence Forces members who fought in Ukraine to seek support<\/b><\/p>\n<p alt=\"Charity calls on Defence Forces members who fought in Ukraine to seek support\" data-embed=\"comcast-player\" data-guid=\"epic-mpx-manual-26270\" data-id=\"fLmlcuXxX9vV\">\n<p>Ms Larkin said that ONE can offer veterans a shared language and that can help them adapt.<\/p>\n<p>&#8220;The ONE is a veterans organisation and they are veterans of the Defence Forces as well as the Ukrainian army, so the language is very similar.<\/p>\n<p>&#8220;We can engage them in that language that they find difficult to be understood in the civilian world,&#8221; Ms Larkin said.<\/p>\n<p>&#8220;So just for them to reach out, they will be treated without any judgement in a confidential manner and it&#8217;s a professional service,&#8221; she added.<\/p>\n","protected":false},"excerpt":{"rendered":"An Irish veterans charity is calling on former Defence Forces members who fought in Ukraine to come forward&hellip;\n","protected":false},"author":2,"featured_media":236669,"comment_status":"","ping_status":"","sticky":false,"template":"","format":"standard","meta":{"footnotes":""},"categories":[7654],"tags":[2000,299,657],"class_list":{"0":"post-236668","1":"post","2":"type-post","3":"status-publish","4":"format-standard","5":"has-post-thumbnail","7":"category-ukraine","8":"tag-eu","9":"tag-europe","10":"tag-ukraine"},"share_on_mastodon":{"url":"","error":""},"_links":{"self":[{"href":"https:\/\/www.europesays.com\/uk\/wp-json\/wp\/v2\/posts\/236668","targetHints":{"allow":["GET"]}}],"collection":[{"href":"https:\/\/www.europesays.com\/uk\/wp-json\/wp\/v2\/posts"}],"about":[{"href":"https:\/\/www.europesays.com\/uk\/wp-json\/wp\/v2\/types\/post"}],"author":[{"embeddable":true,"href":"https:\/\/www.europesays.com\/uk\/wp-json\/wp\/v2\/users\/2"}],"replies":[{"embeddable":true,"href":"https:\/\/www.europesays.com\/uk\/wp-json\/wp\/v2\/comments?post=236668"}],"version-history":[{"count":0,"href":"https:\/\/www.europesays.com\/uk\/wp-json\/wp\/v2\/posts\/236668\/revisions"}],"wp:featuredmedia":[{"embeddable":true,"href":"https:\/\/www.europesays.com\/uk\/wp-json\/wp\/v2\/media\/236669"}],"wp:attachment":[{"href":"https:\/\/www.europesays.com\/uk\/wp-json\/wp\/v2\/media?parent=236668"}],"wp:term":[{"taxonomy":"category","embeddable":true,"href":"https:\/\/www.europesays.com\/uk\/wp-json\/wp\/v2\/categories?post=236668"},{"taxonomy":"post_tag","embeddable":true,"href":"https:\/\/www.europesays.com\/uk\/wp-json\/wp\/v2\/tags?post=236668"}],"curies":[{"name":"wp","href":"https:\/\/api.w.org\/{rel}","templated":true}]}}