{"id":241466,"date":"2025-07-06T01:11:10","date_gmt":"2025-07-06T01:11:10","guid":{"rendered":"https:\/\/www.europesays.com\/uk\/241466\/"},"modified":"2025-07-06T01:11:10","modified_gmt":"2025-07-06T01:11:10","slug":"after-jamal-musiala-injury-how-will-bayern-munich-react-in-the-transfer-market","status":"publish","type":"post","link":"https:\/\/www.europesays.com\/uk\/241466\/","title":{"rendered":"After Jamal Musiala injury \u2013 How will Bayern Munich react in the transfer market?"},"content":{"rendered":"<p>Injured by Donnarumma\u00a0<\/p>\n<p>                                    <img decoding=\"async\" src=\"https:\/\/www.europesays.com\/uk\/wp-content\/uploads\/2025\/07\/kimmich-musiala-fc-bayern-2025-1751739216-171724.jpg\" title=\"After Jamal Musiala injury \u2013 How will Bayern Munich react in the transfer market?\" alt=\"After Jamal Musiala injury \u2013 How will Bayern Munich react in the transfer market?\"\/><\/p>\n<p>\n                                       \u00a9IMAGO\n                                    <\/p>\n<p>It was a horrendous moment.\u00a0<a title=\"Bayern Munich\" href=\"https:\/\/www.transfermarkt.com\/bayern-munich\/startseite\/verein\/27\" target=\"_blank\" rel=\"noopener\">Bayern Munich<\/a> not only exited the\u00a0<a title=\"FIFA Club World Cup\" href=\"https:\/\/www.transfermarkt.com\/fifa-club-world-cup\/startseite\/wettbewerb\/KLUB\" target=\"_blank\" rel=\"noopener\">FIFA Club World Cup<\/a> after a <a href=\"https:\/\/www.transfermarkt.com\/spielbericht\/index\/spielbericht\/4506870\" target=\"_blank\" rel=\"noopener\">2-0<\/a> defeat to\u00a0<a title=\"Paris Saint-Germain\" href=\"https:\/\/www.transfermarkt.com\/paris-saint-germain\/startseite\/verein\/583\" target=\"_blank\" rel=\"noopener\">Paris Saint-Germain<\/a> in the quarterfinals but also lost playmaker\u00a0<a title=\"Jamal Musiala\" href=\"https:\/\/www.transfermarkt.com\/jamal-musiala\/profil\/spieler\/580195\" target=\"_blank\" rel=\"noopener\">Jamal Musiala<\/a> to a serious injury.\u00a0<a title=\"D\u00e9sir\u00e9 Dou\u00e9\" href=\"https:\/\/www.transfermarkt.com\/d-sir--dou-\/profil\/spieler\/914562\" target=\"_blank\" rel=\"noopener\">D\u00e9isr\u00e9 Dou\u00e9<\/a> (79\u2019) and\u00a0<a title=\"Ousmane Demb\u00e9l\u00e9\" href=\"https:\/\/www.transfermarkt.com\/ousmane-demb-l-\/profil\/spieler\/288230\" target=\"_blank\" rel=\"noopener\">Ousmane Demb\u00e9l\u00e9<\/a> (90+5\u2019) were the scorers for the Parisians at the Mercedes-Benz Stadium in Atlanta. The Bayern Munich playmaker exited the game after a foul by PSG goalkeeper Gianluigi Donnarumma at the edge of the box. Referee <a href=\"https:\/\/www.transfermarkt.com\/anthony-taylor\/profil\/schiedsrichter\/847\" target=\"_blank\" rel=\"noopener\">Anthony Taylor<\/a>, perhaps shocked by the severity of the injury, didn\u2019t opt to review the incident and instead sent both teams to the dressing room.<\/p>\n<p><\/p>\n<p>\u201cUnfortunately, it doesn\u2019t look good,\u201d Bayern Munich sporting director Christoph Freund said when asked by DAZN about the Musiala injury at halftime. That seemed to be obvious. The ankle looked weirdly bent out of shape as the 22-year-old went to the ground. Not surprisingly, Bayern officials were angered by the incident. &#8220;When I jump onto Musiala&#8217;s lower leg while sprinting, weighing 100 kg, there&#8217;s a high risk of something happening,\u201d Bayern director of sport Max Eberl said when asked about the incident. \u201cI don&#8217;t think he did it intentionally, but he also wasn&#8217;t being considerate.\u201d<\/p>\n<p>How bad is the injury? \u201cIt was emotional,\u201d Bayern head coach Vincent Kompany said. \u201cOf course, it didn&#8217;t look good. I hope it&#8217;s not too bad, but it didn&#8217;t look good. I hope he&#8217;ll have the best possible recovery. Then Kompany, who usually tries to remain calm at press conferences, raised his voice. \u201cMy blood is still boiling right now, not because of the result, that&#8217;s football,\u201d Kompany said. \u201cBut because it happened to someone who enjoys the game so much.\u201d The Rekordmeister didn\u2019t want to confirm<a href=\"https:\/\/x.com\/iMiaSanMia\/status\/1941561722168541332\"> initial reports<\/a> out of Atlanta that Musiala had broken his fibula.<\/p>\n<p>Jamal Musiala injured \u2013 Where do Bayern Munich go from here?<\/p>\n<p>It was certainly another frustrating moment for Bayern head coach Kompany. The 39-year-old saw key injuries to Dayot Upamecano, Alphonso Davies, Hiroki Ito, and Musiala derail his Champions League campaign last season. Now, before the 2025\/26 season has even fully kicked off, he will be once again without a key player. \u201cI&#8217;m not someone who complains about that,\u201d Kompany said when asked about the injuries. \u201cIt&#8217;s a fact, and it happened, but our fight is to make sure before the season that it doesn&#8217;t happen. We need to stay calm and objective. To be honest, you also need luck. We couldn&#8217;t do anything about Musiala&#8217;s injury today. You can always have everything under control. It&#8217;s a pity.\u201d<\/p>\n<p><\/p>\n<p>One thing that Bayern now have under control is how they will react on the transfer market. Bayern have struggled to sign a new left-back. Bayern lost out on\u00a0<a title=\"Florian Wirtz\" href=\"https:\/\/www.transfermarkt.com\/florian-wirtz\/profil\/spieler\/598577\" target=\"_blank\" rel=\"noopener\">Florian Wirtz<\/a> earlier this summer. Then,\u00a0 <a title=\"Nico Williams\" href=\"https:\/\/www.transfermarkt.com\/nico-williams\/profil\/spieler\/709187\" target=\"_blank\" rel=\"noopener\">Nico Williams<\/a> signed a new contract at Athletic Bilbao this week.\u00a0<a title=\"Jamie Gittens\" href=\"https:\/\/www.transfermarkt.com\/jamie-gittens\/profil\/spieler\/670882\" target=\"_blank\" rel=\"noopener\">Jamie Gittens<\/a> opted to join Chelsea instead. Other targets like\u00a0<a title=\"Rafael Le\u00e3o\" href=\"https:\/\/www.transfermarkt.com\/rafael-le-o\/profil\/spieler\/357164\" target=\"_blank\" rel=\"noopener\">Rafael Le\u00e3o<\/a> never seemed realistic in the first place. One player who wants to join is\u00a0<a title=\"VfB Stuttgart\" href=\"https:\/\/www.transfermarkt.com\/vfb-stuttgart\/startseite\/verein\/79\" target=\"_blank\" rel=\"noopener\">VfB Stuttgart<\/a> star <a title=\"Nick Woltemade\" href=\"https:\/\/www.transfermarkt.com\/nick-woltemade\/profil\/spieler\/455661\" target=\"_blank\" rel=\"noopener\">Nick Woltemade<\/a>. Bayern have already agreed on personal terms with the 23-year-old German national team player. Woltemade was the star at the U21 European Championships, scoring five goals and three assists in five games, leading Germany to the final, where they lost to England (<a href=\"https:\/\/www.transfermarkt.com\/spielbericht\/index\/spielbericht\/4589128\" target=\"_blank\" rel=\"noopener\">3-2 a.e.t.<\/a>). But Bayern are yet to start negotiations with Stuttgart over a potential deal.<a href=\"https:\/\/gegenpressing.substack.com\/p\/how-much-will-it-cost-bayern-munich\" target=\"_blank\" rel=\"noopener\"> Those negotiations could be complex as Stuttgart weren\u2019t pleased about the fact that Bayern reached an agreement with the player behind their backs<\/a>.<\/p>\n<p><a href=\"https:\/\/www.transfermarkt.com\/vergleich\/spielervergleich\/statistik\/def\/spieler\/580195&amp;455661\" target=\"_blank\" class=\"spielervergleichLink\" rel=\"noopener\"><\/p>\n<p>Player Comparison<\/p>\n<p>\n                Bayern Munich            <\/p>\n<p>\n                VfB Stuttgart            <\/p>\n<p>\u20ac140.00m<\/p>\n<p>Market Value<\/p>\n<p>\u20ac30.00m<\/p>\n<p>        <br class=\"clearer\"\/><\/p>\n<p>        <br class=\"clearer\"\/><\/p>\n<p>Attacking Midfield<\/p>\n<p>Position<\/p>\n<p>Second Striker<\/p>\n<p>        <br class=\"clearer\"\/><\/p>\n<p>Jun 30, 2030<\/p>\n<p>Contract until<\/p>\n<p>Jun 30, 2028<\/p>\n<p>\n            Full Player Comparison\n        <\/p>\n<p><\/a><\/p>\n<p>Stuttgart will also know that signing Woltemade has now become a priority for Bayern Munich. Capable of playing as a no.9 and as a playmaker, Woltemade could be an ideal replacement for Musiala in the short term. Expectations are now that Bayern will go all in for the Stuttgart forward. But Woltemade alone won\u2019t be enough. Bayern will still need to add a left winger and, depending on the severity of the Musiala injury, another central attacking player. Indeed, Bayern have earned over \u20ac50m from the tournament. Those finances won\u2019t be available right away, but they could help Bayern long-term in closing the massive hole that the Musiala injury has left in the squad.<\/p>\n","protected":false},"excerpt":{"rendered":"Injured by Donnarumma\u00a0 \u00a9IMAGO It was a horrendous moment.\u00a0Bayern Munich not only exited the\u00a0FIFA Club World Cup after&hellip;\n","protected":false},"author":2,"featured_media":241467,"comment_status":"","ping_status":"","sticky":false,"template":"","format":"standard","meta":{"footnotes":""},"categories":[10],"tags":[1062,3019,16665,30591,63570,8903,67409,1063,6544,8637,79,16,15,45118],"class_list":{"0":"post-241466","1":"post","2":"type-post","3":"status-publish","4":"format-standard","5":"has-post-thumbnail","7":"category-sports","8":"tag-bayern-munich","9":"tag-bundesliga","10":"tag-fifa-club-world-cup","11":"tag-gianluigi-donnarumma","12":"tag-jamal-musiala","13":"tag-jamie-gittens","14":"tag-nick-woltemade","15":"tag-nico-williams","16":"tag-paris-saint-germain","17":"tag-rafael-leao","18":"tag-sports","19":"tag-uk","20":"tag-united-kingdom","21":"tag-vfb-stuttgart"},"share_on_mastodon":{"url":"https:\/\/pubeurope.com\/@uk\/114803630605995438","error":""},"_links":{"self":[{"href":"https:\/\/www.europesays.com\/uk\/wp-json\/wp\/v2\/posts\/241466","targetHints":{"allow":["GET"]}}],"collection":[{"href":"https:\/\/www.europesays.com\/uk\/wp-json\/wp\/v2\/posts"}],"about":[{"href":"https:\/\/www.europesays.com\/uk\/wp-json\/wp\/v2\/types\/post"}],"author":[{"embeddable":true,"href":"https:\/\/www.europesays.com\/uk\/wp-json\/wp\/v2\/users\/2"}],"replies":[{"embeddable":true,"href":"https:\/\/www.europesays.com\/uk\/wp-json\/wp\/v2\/comments?post=241466"}],"version-history":[{"count":0,"href":"https:\/\/www.europesays.com\/uk\/wp-json\/wp\/v2\/posts\/241466\/revisions"}],"wp:featuredmedia":[{"embeddable":true,"href":"https:\/\/www.europesays.com\/uk\/wp-json\/wp\/v2\/media\/241467"}],"wp:attachment":[{"href":"https:\/\/www.europesays.com\/uk\/wp-json\/wp\/v2\/media?parent=241466"}],"wp:term":[{"taxonomy":"category","embeddable":true,"href":"https:\/\/www.europesays.com\/uk\/wp-json\/wp\/v2\/categories?post=241466"},{"taxonomy":"post_tag","embeddable":true,"href":"https:\/\/www.europesays.com\/uk\/wp-json\/wp\/v2\/tags?post=241466"}],"curies":[{"name":"wp","href":"https:\/\/api.w.org\/{rel}","templated":true}]}}