{"id":243966,"date":"2025-07-07T00:32:44","date_gmt":"2025-07-07T00:32:44","guid":{"rendered":"https:\/\/www.europesays.com\/uk\/243966\/"},"modified":"2025-07-07T00:32:44","modified_gmt":"2025-07-07T00:32:44","slug":"ranking-every-tour-de-france-2025-team","status":"publish","type":"post","link":"https:\/\/www.europesays.com\/uk\/243966\/","title":{"rendered":"Ranking every Tour de France 2025 team"},"content":{"rendered":"<p>In case you missed it, the Tour de France is about to kick off. To mark the occasion, we\u2019ve looked at the start list until it started to go blurry and rated the strength of every squad that will line up in Lille on Saturday 5th July 2025.<\/p>\n<p>Related questions you can explore with Ask Cyclist, our AI search engine.<img class=\"lazyload\" decoding=\"async\" src=\"https:\/\/www.europesays.com\/uk\/wp-content\/uploads\/2025\/04\/ask-cyclist-logo.jpg\"\/>If you would like to ask your own question you just need to ,  or <a class=\"sub-miso1\" href=\"https:\/\/www.cyclist.co.uk\/subscriptions\/\" target=\"_blank\" rel=\"noopener\">subscribe<\/a>.<\/p>\n<p>Lotto: 3\/10<\/p>\n<p><img loading=\"lazy\" decoding=\"async\" width=\"970\" height=\"647\" src=\"https:\/\/www.europesays.com\/uk\/wp-content\/uploads\/2025\/07\/GettyImages-2222659445-970x647.webp.webp\" alt=\"\" class=\"lazyload wp-image-208023\"  data-\/> ANNE-CHRISTINE POUJOULAT\/AFP via Getty Images<\/p>\n<p>Lotto should regain WorldTour status at the end of the season but they come into this Tour de France as a ProTeam with an automatic invite. They have Arnaud De Lie in the sprints, although this has been something of a down season for the 23-year-old. He withdrew from Gent-Wevelgem and missed the rest of the Classics (a year after he was forced to skip the races with Lyme disease) through illness, the physical and mental side both taking their toll. It would be good to see him build up his confidence and racing hours again.<\/p>\n<p>The team\u2019s man to watch in the mountains will be Lennert Van Eetvelt. Also 23 years old and an exciting prospect, he won the UAE Tour and Tour of Guangxi last season and has been steadily turning the pedals this year despite a broken foot early on, taking 11th at the UAE Tour, 8th at Volta Catalunya and 15th at Romandie. However he hasn\u2019t had the most ideal preparation for the Tour with a crash forcing him to abandon the Belgian Road Race Championship.<\/p>\n<p>Team TotalEnergies: 3\/10<\/p>\n<p><img loading=\"lazy\" decoding=\"async\" width=\"970\" height=\"647\" src=\"https:\/\/www.europesays.com\/uk\/wp-content\/uploads\/2025\/07\/GettyImages-2222668801-970x647.webp.webp\" alt=\"\" class=\"lazyload wp-image-208026\"  data-\/>DAVID PINTENS\/BELGA MAG\/AFP via Getty Images<\/p>\n<p>Despite being a French team, Team TotalEnergies rarely win at the Tour de France. So it was a particularly special moment when Anthony Turgis outsprinted the likes of Tom Pidcock, Derek Gee and Ben Healy to claim the team\u2019s first stage since 2017 after a day of gravel. Turgis will be at the start line again this year in a predominantly French squad aside from Belgian Steff Cras, who won the opening stage at Vuelta Asturias and finished third at La Route d\u2019Occitanie.<\/p>\n<p>Matt\u00e9o Vercher came close to victory in 2024, taking second place on Stage 18 and there\u2019s additionally Mathieu Burgaudeau to work into breakaways.<\/p>\n<p>Intermarch\u00e9-Wanty: 3\/10<\/p>\n<p><img loading=\"lazy\" decoding=\"async\" width=\"970\" height=\"647\" src=\"https:\/\/www.europesays.com\/uk\/wp-content\/uploads\/2025\/07\/GettyImages-2222669042-970x647.webp.webp\" alt=\"\" class=\"lazyload wp-image-208028\"  data-\/> DAVID PINTENS\/BELGA MAG\/AFP via Getty Images<\/p>\n<p>The Intermarch\u00e9-Wanty team is one that revolves around Biniam Girmay, and why shouldn\u2019t they given the Eritrean\u2019s three stage wins and points classification success last year? This has unfortunately not been the best start to a season for the sprinter however, with only a few second places on his palmar\u00e8s behind the likes of Jordi Meeus, Matthew Brennan and Pascal Ackermann. That suggests he might have trouble when facing riders of the calibre of Jonathan Milan, Jasper Philipsen and Tim Merlier.<\/p>\n<p>They also bring Georg Zimmerman, who won Il Giro d\u2019Abruzzo in April and recently the German Road Race Championship.<\/p>\n<p>Groupama-FDJ: 4\/10<\/p>\n<p><img loading=\"lazy\" decoding=\"async\" width=\"970\" height=\"647\" src=\"https:\/\/www.europesays.com\/uk\/wp-content\/uploads\/2025\/07\/GettyImages-2223437194-970x647.jpg\" alt=\"\" class=\"lazyload wp-image-208029\"  data-\/>Dario Belingheri\/Getty Images<\/p>\n<p>Guillaume Martin has eight Tour de France participations under his belt, and has been remarkably consistent in finishing between 8th and 13th overall in five of the past six editions (the other being a DNF). Now 32 and riding for a new team in Groupama-FDJ, a continuation of that form will represent a successful Tour for the Frenchman. <\/p>\n<p>Martin aside, the French outfit will mainly be targeting stage win success on home roads, naming a squad including the likes of Romain Gr\u00e9goire and Valentin Madouas plus debutant Lewis Askey.<\/p>\n<p>Cofidis: 4\/10<\/p>\n<p><img loading=\"lazy\" decoding=\"async\" width=\"970\" height=\"647\" src=\"https:\/\/www.europesays.com\/uk\/wp-content\/uploads\/2025\/07\/GettyImages-2223430200-970x647.webp.webp\" alt=\"\" class=\"lazyload wp-image-208007\"  data-\/>Dario Belingheri\/Getty Images<\/p>\n<p>Stage wins is the name of the game for Cofidis at this year&#8217;s Tour, something the team has struggled with over the years. Yes, in 2023 Victor Lafay snuck away under the flamme rouge to surprise the field, with Ion Izagirre repeating the feat on Stage 12. Prior to this, however, their last taste of stage success in the race came all the way back in 2008. <\/p>\n<p>Lafay has since departed for Decathlon-AG2R La Mondiale but Izagirre is here alongside two-time stage winner Dylan Teuns and Alex Aranburu \u2013 three times a stage runner up at the Vuelta a Espa\u00f1a.<\/p>\n<p>Israel-Premier Tech: 4\/10<\/p>\n<p><img loading=\"lazy\" decoding=\"async\" width=\"1024\" height=\"683\" src=\"https:\/\/www.europesays.com\/uk\/wp-content\/uploads\/2025\/07\/GettyImages-2223428287.webp.webp\" alt=\"\" class=\"lazyload wp-image-208030\"  data-\/>Dario Belingheri\/Getty Images<\/p>\n<p>Jake Stewart has been a speed demon as of late. He was the first to finish behind that group of GC men on the opening stage of the Crit\u00e9rium du Dauphin\u00e9, then went on to win Stage 5 ahead of Giro points winner Jonathan Milan. This will be Stewart&#8217;s second Tour, and he&#8217;ll be hoping to make it all the way to Paris after abandoning his previous attempt in 2024. Fellow Brit and Tour de l\u2019Avenir winner Joseph Blackmore is making his debut and there\u2019s also Michael Woods available to try and hunt down stage wins in the mountains.<\/p>\n<p>XDS Astana Team: 4.5\/10<\/p>\n<p><img loading=\"lazy\" decoding=\"async\" width=\"970\" height=\"647\" src=\"https:\/\/www.europesays.com\/uk\/wp-content\/uploads\/2025\/07\/GettyImages-2222659596-970x647.webp.webp\" alt=\"\" class=\"lazyload wp-image-208008\"  data-\/>MARCO BERTORELLO\/AFP via Getty Images<\/p>\n<p>XDS Astana Team head to the Tour off the back of an impressive stage hunting and points sweeping Giro d\u2019Italia that resulted in the mountains classification and combativity award for Lorenzo Fortunato. Now leaving the Mark Cavendish era behind, they\u2019ll have to turn to alternate ways to win in France and that means riders such as Cl\u00e9ment Champoussin and Sergio Higuita will have to make it into a breakaway.<\/p>\n<p>Harold Tejada too, but he is nursing a fractured hand from a crash at the Dauphin\u00e9. Mike Teunissen has won here before back in 2019 ahead of Peter Sagan and Caleb Ewan but is not the same calibre as rider he once was.<\/p>\n<p>Ark\u00e9a-B&amp;B Hotels: 4.5\/10<\/p>\n<p><img loading=\"lazy\" decoding=\"async\" width=\"2560\" height=\"1707\" src=\"https:\/\/www.europesays.com\/uk\/wp-content\/uploads\/2025\/07\/GettyImages-2223430530-scaled.webp.webp\" alt=\"\" class=\"lazyload wp-image-208031\"  data-\/> Dario Belingheri\/Getty Images<\/p>\n<p>With both title sponsors likely to abandon ship at the end of the season, the alarm bells are ringing for Arkea-B&amp;B and they are very much a team in need of results. K\u00e9vin Vauquelin\u2019s impressive form this year has already delivered stage race wins, a second place in La Fleche Wallonne and a second place overall at the recent Tour de Suisse to Jo\u00e3o Almeida. With that form, he should be the man to bring home a repeat of his stage victory last year on Stage 2, he just needs to get into the breakaway.<\/p>\n<p>It\u2019s unlikely Arnaud D\u00e9mare still has the pure speed to outsprint the top sprinters in the peloton, and besides, he&#8217;s always fared better at the Giro d&#8217;Italia than his home race for whatever reason.<\/p>\n<p>Jayco AlUla: 5\/10<\/p>\n<p><img loading=\"lazy\" decoding=\"async\" width=\"970\" height=\"647\" src=\"https:\/\/www.europesays.com\/uk\/wp-content\/uploads\/2025\/07\/GettyImages-2222663490-970x647.webp.webp\" alt=\"\" class=\"lazyload wp-image-208009\"  data-\/> ANNE-CHRISTINE POUJOULAT\/AFP via Getty Images<\/p>\n<p>Ben O\u2019Connor isn\u2019t likely to repeat the same level of performance that saw him almost win last year&#8217;s Vuelta a Espa\u00f1a, mostly because doing so will mean shouldering past Tadej Poga\u010dar, Jonas Vingegaard, Remco Evenepoel, Florian Lipowitz, Primo\u017e Rogli\u010d and more to get there, but he did finish just off the Tour podium in 2021 and could pack a strong top 10 finish again.<\/p>\n<p>Jayco-AlUla will have two-time Vuelta stage winner Eddie Dunbar, Giro stage winner Luke Plapp and the experienced Luka Mezgec on hand to help him. There&#8217;s also former stage winner Dylan Groenewegen for the sprints, though the Dutchman hasn&#8217;t been near his best form this season, with only a couple of stage wins at the Tour of Slovenia and one at the Tour of Hungary to point to recently.<\/p>\n<p>Movistar: 5\/10<\/p>\n<p><img loading=\"lazy\" decoding=\"async\" width=\"970\" height=\"647\" src=\"https:\/\/www.europesays.com\/uk\/wp-content\/uploads\/2025\/07\/GettyImages-2222659715-970x647.jpg\" alt=\"\" class=\"lazyload wp-image-208010\"  data-\/> ANNE-CHRISTINE POUJOULAT\/AFP via Getty Images<\/p>\n<p>The ultra-consistent Enric Mas leads the way for Movistar. Over the years, Mas has accumulated four Vuelta podiums and has twice finished within the top six of the Tour without ever looking like he has the final punch to stand on the top step of a Grand Tour podium after three weeks.<\/p>\n<p>It doesn&#8217;t help his cause that he&#8217;ll have three riders around him making their Tour debut in Ivan Romeo, Riner Rubio and Will Barta. On the other hand, double Vuelta stage winner last year Pablo Castrillo could be fun to watch if he manages to get clear of the field.<\/p>\n<p>Picnic PostNL: 5.5\/10<\/p>\n<p><img loading=\"lazy\" decoding=\"async\" width=\"970\" height=\"647\" src=\"https:\/\/www.europesays.com\/uk\/wp-content\/uploads\/2025\/07\/file-2024-07-24T142733.433-970x647.png\" alt=\"romain bardet stage 1 tour de france 2024\" class=\"lazyload wp-image-166003\"  data-\/>A.S.O.\/Billy Ceusters<\/p>\n<p>Another team who&#8217;ll be looking to win stages by getting into the break. Picnic PostNL had a dream start to the Tour last year with a perfect 1-2 from Romain Bardet and Frank van den Broek that resulted in the Frenchman donning the maillot jaune for the first time in his career.<\/p>\n<p>Bardet retired recently at the Dauphin\u00e9 but Van den Broek will be on the start line with Warren Barguil \u2013 who claimed two stages in 2017 as well as the mountains classification and combativity award \u2013 and 22-year-olds Pavel Bittner and Oscar Onley. Bittner impressed at the Vuelta by winning the stage towards Sevilla while Onley finished on the podium of the Tour de Suisse.<\/p>\n<p>Bahrain Victorious: 5.5\/10<\/p>\n<p><img loading=\"lazy\" decoding=\"async\" width=\"970\" height=\"647\" src=\"https:\/\/www.europesays.com\/uk\/wp-content\/uploads\/2025\/07\/GettyImages-2223434945-970x647.webp.webp\" alt=\"\" class=\"lazyload wp-image-208011\"  data-\/>Dario Belingheri\/Getty Images<\/p>\n<p>The Bahrain Victorious squad is led by Santiago Buitrago who cracked the top 10 on debut last year. He\u2019ll have support from road captain Jack Haig in the mountains and Lenny Martinez (despite him being the second youngest rider in the race). They also have Phil Bauhaus as an option in the sprints with Robert Stannard and Fred Wright in support.<\/p>\n<p>Decathlon AG2R La Mondiale: 5.5\/10<\/p>\n<p><img loading=\"lazy\" decoding=\"async\" width=\"970\" height=\"647\" src=\"https:\/\/www.europesays.com\/uk\/wp-content\/uploads\/2025\/07\/GettyImages-2223438019-970x647.webp.webp\" alt=\"\" class=\"lazyload wp-image-208012\"  data-\/>Dario Belingheri\/Getty Images<\/p>\n<p>Take a guess. Yes, more stage hunters! Although Felix Gall says the general classification is not his first objective, he admits that a breakaway victory \u2018could enable me to gain precious places [\u2026] overall\u2019, which in effect is him saying \u2018I\u2019m trying GC but if it doesn\u2019t work out then I\u2019m saying it\u2019s just stages\u2019.<\/p>\n<p>Still, he is the only rider in the team to have won a stage before, this coming on the day Poga\u010dar cracked towards Courchevel in 2023.<\/p>\n<p>Tudor Pro Cycling: 6\/10<\/p>\n<p><img loading=\"lazy\" decoding=\"async\" width=\"1024\" height=\"683\" src=\"https:\/\/www.europesays.com\/uk\/wp-content\/uploads\/2025\/07\/GettyImages-2222666321.webp.webp\" alt=\"\" class=\"lazyload wp-image-208013\"  data-\/>MARCO BERTORELLO\/AFP via Getty Images<\/p>\n<p>This is Tudor Pro Cycling\u2019s first Tour de France, yet that doesn\u2019t mean everyone is a newbie. Julian Alaphilippe will be leading the charge alongside Marc Hirschi particularly in the first half of the race where the hilly parcours will suit puncheurs and breakaways \u2013 unless the GC teams enforce a stranglehold on proceedings.<\/p>\n<p>Let\u2019s be honest, who doesn\u2019t want to see an Alaphilippe win?<\/p>\n<p>Ineos Grenadiers: 6\/10<\/p>\n<p><img loading=\"lazy\" decoding=\"async\" width=\"970\" height=\"647\" src=\"https:\/\/www.europesays.com\/uk\/wp-content\/uploads\/2025\/07\/GettyImages-2222671096-970x647.webp.webp\" alt=\"\" class=\"lazyload wp-image-208014\"  data-\/>LOIC VENANCE\/AFP via Getty Images<\/p>\n<p>This is Geriant Thomas\u2019 final Tour de France \u2013 he might have missed it too after a brief scare at the recent Tour de Suisse. The days of the 2018 Tour winner chasing a high position on GC are over \u2013 instead he will be looking to help Carlos Rodr\u00edguez to a strong finish, the latter having placed fifth overall in 2023 and seventh in 2024.<\/p>\n<p>As with Movistar though, there\u2019s a lot of riders making their debut at the Tour (Tobias Foss, Sam Watson and Axel Laurance), which probably won\u2019t translate into the experience needed to push Rodr\u00edguez further up the standings.<\/p>\n<p>Uno-X Mobility: 6.5\/10<\/p>\n<p><img loading=\"lazy\" decoding=\"async\" width=\"970\" height=\"647\" src=\"https:\/\/www.europesays.com\/uk\/wp-content\/uploads\/2025\/07\/GettyImages-2222667780-970x647.webp.webp\" alt=\"\" class=\"lazyload wp-image-208015\"  data-\/>ANNE-CHRISTINE POUJOULAT\/AFP via Getty Images<\/p>\n<p>Here\u2019s hoping Uno-X Mobility display the same tenacity as in last year&#8217;s Tour, when Jonas Abrahamsen could barely contain himself as the flag dropped and went hunting for breakaways, sweeping up mountain jersey points and combativity awards in the process. There was a brief pre-race fright when he fractured his collarbone at the Baloise Belgium Tour last month, but a specialist has cleared him to start.<\/p>\n<p>He&#8217;ll be joined on the start line by the likes of Tobias Halland Johannessen who finished fifth at the Dauphin\u00e9, Tour of Slovenia winner Anders Halland Johannessen, Norwegian Road Race Champion Andreas Leknessund, Omloop Nieuwsblad winner S\u00f8ren W\u00e6renskjold and two-time Tour stage winner Magnus Cort.<\/p>\n<p>Alpecin-Deceuninck: 6.5\/10<\/p>\n<p><img loading=\"lazy\" decoding=\"async\" width=\"1024\" height=\"683\" src=\"https:\/\/www.europesays.com\/uk\/wp-content\/uploads\/2025\/07\/GettyImages-2222669062.webp.webp\" alt=\"\" class=\"lazyload wp-image-208016\"  data-\/>MARCO BERTORELLO\/AFP via Getty Images<\/p>\n<p>The dynamic duo of Jasper Philipsen and Mathieu van der Poel will be spearheading the Alpecin-Deceuninck attack at this year&#8217;s Tour, and with another fast finisher in Kaden Groves also in the lineup, it will be interesting to follow their fortunes. The Tour will also see Oscar Riesebeek return to racing after being the first rider to receive a suspension after being given two yellow cards in a short period of time.<\/p>\n<p>EF Education EasyPost: 7\/10<\/p>\n<p><img loading=\"lazy\" decoding=\"async\" width=\"970\" height=\"647\" src=\"https:\/\/www.europesays.com\/uk\/wp-content\/uploads\/2025\/07\/GettyImages-2222667781-970x647.webp.webp\" alt=\"\" class=\"lazyload wp-image-208017\"  data-\/>ANNE-CHRISTINE POUJOULAT\/AFP via Getty Images<\/p>\n<p>It couldn\u2019t have been easy having to change plans so late in the day after main GC threat Richard Carapaz was ruled out of the race through injury just last week, but EF have refitted themselves as a team hunting for stage wins \u2013 something that seems more likely anyway than going up against the big guns of UAE Team Emirates XRG and Visma-Lease a Bike on GC.<\/p>\n<p>As such, Carapaz&#8217;s absence could be a blessing in disguise, with riders such as Ben Healy, former stage winner Kasper Asgreen, Marijn van den Berg and Neilson Powless all capable of claiming stage honours for the team.<\/p>\n<p>Soudal Quick-Step: 7.5\/10<\/p>\n<p><img loading=\"lazy\" decoding=\"async\" width=\"970\" height=\"647\" src=\"https:\/\/www.europesays.com\/uk\/wp-content\/uploads\/2025\/07\/GettyImages-2222670847-970x647.webp.webp\" alt=\"\" class=\"lazyload wp-image-208018\"  data-\/>LOIC VENANCE\/AFP via Getty Images<\/p>\n<p>On debut last year, Remco Evenepoel was able to podium behind Poga\u010dar and Vingegaard and take home the white jersey for best young rider. He\u2019s in his final year of eligibility for the youth prize and will be in the running once more, but standing on the top step of the podium ahead of the two aforementioned juggernauts looks to be too much of an ask.<\/p>\n<p>The team go into the Tour with a split focus between Evenepoel&#8217;s GC hopes and backing fast-finishing Tim Merlier in the sprints. He\u2019s racked up 10 victories already this season, far more than chief rivals Jasper Philipsen (two) and Jonathan Milan (six). <\/p>\n<p>Red Bull-Bora-Hansgrohe: 7.5\/10<\/p>\n<p><img loading=\"lazy\" decoding=\"async\" width=\"2560\" height=\"1707\" src=\"https:\/\/www.europesays.com\/uk\/wp-content\/uploads\/2025\/07\/GettyImages-2222670996-scaled.webp.webp\" alt=\"\" class=\"lazyload wp-image-208019\"  data-\/> LOIC VENANCE\/AFP via Getty Images<\/p>\n<p>A podium isn\u2019t necessarily out of reach for Primo\u017e Rogli\u010d, it\u2019s just a question of whether he can stay upright given he\u2019s abandoned every Tour since 2021. The team do have another GC card to play in Florian Lipowitz, however, who finished second overall at Paris-Nice, just off the podium at Itzulia Basque Country and third at the Dauphin\u00e9. This will be his third Grand Tour of his career after a DNF at the Giro and a strong 7th place at the Vuelta last year. Based on his season so far, he could just go a couple places better.<\/p>\n<p>For the fast finishes, Soudal Quick-Step have Jordi Meeus (who won on the Champs-\u00c9lys\u00e9es in 2023) and Danny van Poppel as leadout, although the new Netherlands Road Race Champion packs a punch that could have him winning a stage in his own right.<\/p>\n<p>Lidl-Trek: 8\/10<\/p>\n<p><img loading=\"lazy\" decoding=\"async\" width=\"1024\" height=\"683\" src=\"https:\/\/www.europesays.com\/uk\/wp-content\/uploads\/2025\/07\/GettyImages-2222668082.webp.webp\" alt=\"\" class=\"lazyload wp-image-208020\"  data-\/>MARCO BERTORELLO\/AFP via Getty Images<\/p>\n<p>Not only do Lidl-Trek\u2019s strengths lie with their sprinter of Jonathan Milan \u2013 who claimed three Giro stages last year and the points jersey \u2013 but also with the power of his leadout train in Simone Consonni, Jasper Stuyven and Dylan Teuns.<\/p>\n<p>The team also have a strong young rider hopeful in Mattias Skjelmose, who is looking for a high GC finish in Paris after finishing fifth at last year&#8217;s Vuelta.<\/p>\n<p>UAE Team Emirates XRG: 8.5\/10<\/p>\n<p><img loading=\"lazy\" decoding=\"async\" width=\"970\" height=\"647\" src=\"https:\/\/www.europesays.com\/uk\/wp-content\/uploads\/2025\/07\/GettyImages-2222670717-970x647.webp.webp\" alt=\"\" class=\"lazyload wp-image-208021\"  data-\/>DAVID PINTENS\/BELGA MAG\/AFP via Getty Images<\/p>\n<p>Tadej Poga\u010dar is the strongest rider in the world right now. That\u2019s just a fact. Not even a blip in the time-trial could faze him at the Dauphin\u00e9, where he recovered to win back-to-back stages and beat chief Tour rival Vingegaard by almost a minute. For help, UAE Team Emirates XRG has picked loyal domestique Jo\u00e3o Almeida, teeth-gritting Nils Politt and Adam Yates, who did not have the best Giro and ended up below Isaac del Toro in the pecking order. Jhonatan Narv\u00e1ez is making his debut.<\/p>\n<p>Visma-Lease a Bike: 9\/10<\/p>\n<p><img loading=\"lazy\" decoding=\"async\" width=\"970\" height=\"647\" src=\"https:\/\/www.europesays.com\/uk\/wp-content\/uploads\/2025\/07\/GettyImages-2222672434-970x647.webp.webp\" alt=\"\" class=\"lazyload wp-image-208022\"  data-\/>LOIC VENANCE\/AFP via Getty Images<\/p>\n<p>By a mere whisker of a margin, Visma-Lease a Bike take the crown. Knowing Vingegaard has one stage race defeat on his palmar\u00e8s to Poga\u010dar already this season, they are doing everything possible to replicate the success of 2022 and 2023 that ended with the Dane in the maillot jaune. Half of the Tour-winning team from 2023 make the cut this year in Vingegaard, Tiesj Benoot, Sepp Kuss and Wout van Aert.<\/p>\n<p>The rest of the team are no slouches either, with big engines in Victor Campenaerts, Edoardo Affini (who is making his debut after Christophe Laporte was scratched), two-time Paris-Nice champion Matteo Jorgenson and maglia rosa winner Simon Yates. They\u2019ve already won one Grand Tour this season. Is another on the cards?<\/p>\n<p>For more on the Tour de France, visit our <a href=\"https:\/\/www.cyclist.co.uk\/tags\/tour-de-france\" target=\"_blank\" rel=\"noreferrer noopener\">hub page<\/a>.<\/p>\n","protected":false},"excerpt":{"rendered":"In case you missed it, the Tour de France is about to kick off. To mark the occasion,&hellip;\n","protected":false},"author":2,"featured_media":243967,"comment_status":"","ping_status":"","sticky":false,"template":"","format":"standard","meta":{"footnotes":""},"categories":[5309],"tags":[94764,94765,94766,34348,2000,299,36,59413,94767,42457,94768,94769,94770,31323,20358,50055,10102,94771,77932,42460,16151,34349,16152,20680,34350,11186,94772],"class_list":{"0":"post-243966","1":"post","2":"type-post","3":"status-publish","4":"format-standard","5":"has-post-thumbnail","7":"category-france","8":"tag-bahrain-victorious","9":"tag-decathlon-ag2r-la-mondiale","10":"tag-dsm-firmenich-postnl","11":"tag-ef-education-easypost","12":"tag-eu","13":"tag-europe","14":"tag-france","15":"tag-geraint-thomas","16":"tag-groupama-fdj","17":"tag-ineos-grenadiers","18":"tag-intermarche-wanty","19":"tag-israel-premier-tech","20":"tag-jayco-alula","21":"tag-jonas-vingegaard","22":"tag-lidl-trek","23":"tag-lotto","24":"tag-mathieu-van-der-poel","25":"tag-movistar","26":"tag-primoz-roglic","27":"tag-red-bull-bora-hansgrohe","28":"tag-remco-evenepoel","29":"tag-soudal-quickstep","30":"tag-tadej-pogacar","31":"tag-tour-de-france","32":"tag-uae-team-emirates","33":"tag-visma-lease-a-bike","34":"tag-xds-astana"},"share_on_mastodon":{"url":"https:\/\/pubeurope.com\/@uk\/114809140986932664","error":""},"_links":{"self":[{"href":"https:\/\/www.europesays.com\/uk\/wp-json\/wp\/v2\/posts\/243966","targetHints":{"allow":["GET"]}}],"collection":[{"href":"https:\/\/www.europesays.com\/uk\/wp-json\/wp\/v2\/posts"}],"about":[{"href":"https:\/\/www.europesays.com\/uk\/wp-json\/wp\/v2\/types\/post"}],"author":[{"embeddable":true,"href":"https:\/\/www.europesays.com\/uk\/wp-json\/wp\/v2\/users\/2"}],"replies":[{"embeddable":true,"href":"https:\/\/www.europesays.com\/uk\/wp-json\/wp\/v2\/comments?post=243966"}],"version-history":[{"count":0,"href":"https:\/\/www.europesays.com\/uk\/wp-json\/wp\/v2\/posts\/243966\/revisions"}],"wp:featuredmedia":[{"embeddable":true,"href":"https:\/\/www.europesays.com\/uk\/wp-json\/wp\/v2\/media\/243967"}],"wp:attachment":[{"href":"https:\/\/www.europesays.com\/uk\/wp-json\/wp\/v2\/media?parent=243966"}],"wp:term":[{"taxonomy":"category","embeddable":true,"href":"https:\/\/www.europesays.com\/uk\/wp-json\/wp\/v2\/categories?post=243966"},{"taxonomy":"post_tag","embeddable":true,"href":"https:\/\/www.europesays.com\/uk\/wp-json\/wp\/v2\/tags?post=243966"}],"curies":[{"name":"wp","href":"https:\/\/api.w.org\/{rel}","templated":true}]}}