{"id":246466,"date":"2025-07-07T23:18:09","date_gmt":"2025-07-07T23:18:09","guid":{"rendered":"https:\/\/www.europesays.com\/uk\/246466\/"},"modified":"2025-07-07T23:18:09","modified_gmt":"2025-07-07T23:18:09","slug":"us-offers-eu-10-percent-tariff-deal-with-caveats-politico","status":"publish","type":"post","link":"https:\/\/www.europesays.com\/uk\/246466\/","title":{"rendered":"US offers EU 10 percent tariff deal \u2014 with caveats \u2013 POLITICO"},"content":{"rendered":"<p>EU trade chief Maro\u0161 \u0160ef\u010dovi\u010d has been in contact with the U.S. administration following a call on Sunday between U.S. President Donald Trump and European Commission President Ursula von der Leyen.<\/p>\n<p>Stressing the sensitivity of those talks,\u00a0\u0160ef\u010dovi\u010d debriefed with EU ambassadors and said the Commission was not expecting to receive one of those letters, two diplomats said.<\/p>\n<p>The contours of a trade agreement are still very much a moving target, the diplomats stressed, with any deal subject to Trump\u2019s blessing to move forward.\u00a0<\/p>\n<p>Washington gave no indications it would exempt politically sensitive industries such as cars, steel and aluminum or pharmaceuticals, as requested by the EU. France, Italy and Ireland would <a href=\"https:\/\/www.politico.eu\/article\/eu-leaders-under-influence-of-booze-bosses-as-trade-war-escalates\/\" target=\"_blank\" rel=\"noopener\">likely be pleased<\/a> with exemptions on spirits and aircraft, however.\u00a0<\/p>\n<p>Trump\u2019s press secretary Karoline Leavitt said Monday that <a href=\"https:\/\/www.wsj.com\/livecoverage\/stock-market-today-dow-sp-500-nasdaq-07-07-2025\/card\/white-house-trump-to-extend-reciprocal-tariff-deadline-to-aug-1-4VSXZrg4dC1JIFNnYtWk\" target=\"_blank\" rel=\"noopener\">an executive order<\/a> would make the extension of the pause official.<\/p>\n<p>Before that announcement came through, the bloc was still operating on the old target of July 8 and was aiming to strike an agreement with Washington \u2014 with the EU executive adamant it would work toward <a href=\"https:\/\/www.politico.eu\/article\/von-der-leyen-has-good-call-with-trump-as-eu-pushes-for-july-9-trade-deal\/\" target=\"_blank\" rel=\"noopener\">a deal by Wednesday<\/a>.<\/p>\n","protected":false},"excerpt":{"rendered":"EU trade chief Maro\u0161 \u0160ef\u010dovi\u010d has been in contact with the U.S. administration following a call on Sunday&hellip;\n","protected":false},"author":2,"featured_media":246467,"comment_status":"","ping_status":"","sticky":false,"template":"","format":"standard","meta":{"footnotes":""},"categories":[5174],"tags":[1394,32,2000,299,5187,1699,1216,479,1201,1219,6717,49,1220],"class_list":{"0":"post-246466","1":"post","2":"type-post","3":"status-publish","4":"format-standard","5":"has-post-thumbnail","7":"category-eu","8":"tag-big-tech","9":"tag-donald-trump","10":"tag-eu","11":"tag-europe","12":"tag-european","13":"tag-european-union","14":"tag-maros-sefcovic","15":"tag-tariffs","16":"tag-trade","17":"tag-trade-war","18":"tag-transatlantic-relations","19":"tag-united-states","20":"tag-ursula-von-der-leyen"},"share_on_mastodon":{"url":"https:\/\/pubeurope.com\/@uk\/114814511351224464","error":""},"_links":{"self":[{"href":"https:\/\/www.europesays.com\/uk\/wp-json\/wp\/v2\/posts\/246466","targetHints":{"allow":["GET"]}}],"collection":[{"href":"https:\/\/www.europesays.com\/uk\/wp-json\/wp\/v2\/posts"}],"about":[{"href":"https:\/\/www.europesays.com\/uk\/wp-json\/wp\/v2\/types\/post"}],"author":[{"embeddable":true,"href":"https:\/\/www.europesays.com\/uk\/wp-json\/wp\/v2\/users\/2"}],"replies":[{"embeddable":true,"href":"https:\/\/www.europesays.com\/uk\/wp-json\/wp\/v2\/comments?post=246466"}],"version-history":[{"count":0,"href":"https:\/\/www.europesays.com\/uk\/wp-json\/wp\/v2\/posts\/246466\/revisions"}],"wp:featuredmedia":[{"embeddable":true,"href":"https:\/\/www.europesays.com\/uk\/wp-json\/wp\/v2\/media\/246467"}],"wp:attachment":[{"href":"https:\/\/www.europesays.com\/uk\/wp-json\/wp\/v2\/media?parent=246466"}],"wp:term":[{"taxonomy":"category","embeddable":true,"href":"https:\/\/www.europesays.com\/uk\/wp-json\/wp\/v2\/categories?post=246466"},{"taxonomy":"post_tag","embeddable":true,"href":"https:\/\/www.europesays.com\/uk\/wp-json\/wp\/v2\/tags?post=246466"}],"curies":[{"name":"wp","href":"https:\/\/api.w.org\/{rel}","templated":true}]}}