{"id":246925,"date":"2025-07-08T03:11:12","date_gmt":"2025-07-08T03:11:12","guid":{"rendered":"https:\/\/www.europesays.com\/uk\/246925\/"},"modified":"2025-07-08T03:11:12","modified_gmt":"2025-07-08T03:11:12","slug":"incredible-moment-hero-caretaker-saves-babies-from-burning-tower-while-balancing-on-narrow-ledge","status":"publish","type":"post","link":"https:\/\/www.europesays.com\/uk\/246925\/","title":{"rendered":"Incredible moment hero caretaker saves babies from burning tower &#8211; while balancing on narrow ledge"},"content":{"rendered":"<p class=\"author-section byline-plain\">By <a href=\"https:\/\/www.dailymail.co.uk\/profile-2321\/index.html\" class=\"author\" target=\"_blank\" rel=\"noopener\">ROBERT FOLKER<\/a> <\/p>\n<p class=\"byline-section\"> Published:  20:42 EDT, 7 July 2025   |  Updated:  22:18 EDT, 7 July 2025   <\/p>\n<p class=\"mol-para-with-font\">A hero caretaker helped save two babies from the sixth floor of a burning apartment block in Paris.<\/p>\n<p class=\"mol-para-with-font\">Fousseynou Ciss\u00e9, 39, said he &#8216;didn&#8217;t think twice&#8217; about the danger as he stood on a ledge outside the building&#8217;s window to help those inside.<\/p>\n<p class=\"mol-para-with-font\"><a style=\"font-weight: bold;\" class=\"class\" rel=\"nofollow noreferrer noopener\" target=\"_blank\" href=\"https:\/\/www.tiktok.com\/@diya.pcsso\/video\/7523282643996200214\">Footage shows him standing next to the window filled with black smoke<\/a>, signaling to those inside to pass their children to him.<\/p>\n<p class=\"mol-para-with-font\">He first helps a five-month-old baby and hands him the infant to a man in the the next building before doing the same with a one-year-old.\u00a0<\/p>\n<p class=\"mol-para-with-font\">The school caretaker also rescued two other children and two adults from the burning building in the north end of the city on Friday.\u00a0<\/p>\n<p class=\"mol-para-with-font\">Speaking to Le Parisien, a French newspaper, he said: &#8216;Given the amount of smoke, they and their children could have suffocated.\u00a0<\/p>\n<p class=\"mol-para-with-font\">&#8216;Their last hope was to throw themselves out the window otherwise&#8230; I didn&#8217;t ask myself the question. Their lives were in danger. I didn&#8217;t think twice.&#8217;\u00a0<\/p>\n<p class=\"mol-para-with-font\">He was lying on the sofa after returning home from work when he smelled the smoke from the nearby building and\u00a0saw a desperate mother holding her baby out of a window.\u00a0<\/p>\n<p>   <img decoding=\"async\" id=\"i-2c81e4be08c715bb\" src=\"https:\/\/www.europesays.com\/uk\/wp-content\/uploads\/2025\/07\/100094609-14884009-image-a-31_1751933054709.jpg\" height=\"1128\" width=\"634\" alt=\"Fousseynou Ciss\u00e9, 39, said he 'didn't think twice' about the danger as he stood on a ledge outside window to help those inside\" class=\"blkBorder img-share\" style=\"max-width:100%\" loading=\"lazy\" \/>   <\/p>\n<p class=\"imageCaption\">Fousseynou Ciss\u00e9, 39, said he &#8216;didn&#8217;t think twice&#8217; about the danger as he stood on a ledge outside window to help those inside<\/p>\n<p>   <img decoding=\"async\" id=\"i-4f12e5657792b53f\" src=\"https:\/\/www.europesays.com\/uk\/wp-content\/uploads\/2025\/07\/100094607-14884009-image-a-30_1751933040962.jpg\" height=\"1128\" width=\"634\" alt=\"Footage shows him standing next to reaching into the building filled with black smoke, signaling to those inside to pass their children to him\" class=\"blkBorder img-share\" style=\"max-width:100%\" loading=\"lazy\" \/>   <\/p>\n<p class=\"imageCaption\">Footage shows him standing next to reaching into the building filled with black smoke, signaling to those inside to pass their children to him\u00a0<\/p>\n<p class=\"mol-para-with-font\">After telling his wife to evacuate with their two-year-old, he started to help his neighbours.<\/p>\n<p class=\"mol-para-with-font\">&#8216;I thought I was going to die with my children,&#8217; Naomi, one of the rescued mothers, said following the fire.<\/p>\n<p class=\"mol-para-with-font\">It has been reported by local media that ten residents have been taken to hospital for smoke inhalation<\/p>\n<p class=\"mol-para-with-font\">Taking to X (formerly Twitter), R\u00e9mi F\u00e9raud, a senator, wrote: &#8216;Impressive courage that saved lives. Fousseynou Ciss\u00e9 is a hero who deserves our admiration and the recognition of Paris.&#8217;<\/p>\n<p class=\"mol-para-with-font\">French MEP Matthieu Valet wrote: &#8216;Facing death, armed only with his bravery, he saved Naomie, her two children, a neighbor&#8217;s five-month-old baby, and her other one-and-a-half-year-old child.<\/p>\n<p class=\"mol-para-with-font\">&#8216;Without a weapon. Without a helmet. Just his courage.&#8217;<\/p>\n<p>                    Share or comment on this article:<br \/>\n                        Incredible moment hero caretaker saves babies from burning tower &#8211; while balancing on narrow ledge<\/p>\n<p>        <script async src=\"\/\/www.tiktok.com\/embed.js\"><\/script><\/p>\n","protected":false},"excerpt":{"rendered":"By ROBERT FOLKER Published: 20:42 EDT, 7 July 2025 | Updated: 22:18 EDT, 7 July 2025 A hero&hellip;\n","protected":false},"author":2,"featured_media":246926,"comment_status":"","ping_status":"","sticky":false,"template":"","format":"standard","meta":{"footnotes":""},"categories":[5],"tags":[92,12,1411,26],"class_list":{"0":"post-246925","1":"post","2":"type-post","3":"status-publish","4":"format-standard","5":"has-post-thumbnail","7":"category-world","8":"tag-dailymail","9":"tag-news","10":"tag-paris","11":"tag-world"},"share_on_mastodon":{"url":"https:\/\/pubeurope.com\/@uk\/114815427756786951","error":""},"_links":{"self":[{"href":"https:\/\/www.europesays.com\/uk\/wp-json\/wp\/v2\/posts\/246925","targetHints":{"allow":["GET"]}}],"collection":[{"href":"https:\/\/www.europesays.com\/uk\/wp-json\/wp\/v2\/posts"}],"about":[{"href":"https:\/\/www.europesays.com\/uk\/wp-json\/wp\/v2\/types\/post"}],"author":[{"embeddable":true,"href":"https:\/\/www.europesays.com\/uk\/wp-json\/wp\/v2\/users\/2"}],"replies":[{"embeddable":true,"href":"https:\/\/www.europesays.com\/uk\/wp-json\/wp\/v2\/comments?post=246925"}],"version-history":[{"count":0,"href":"https:\/\/www.europesays.com\/uk\/wp-json\/wp\/v2\/posts\/246925\/revisions"}],"wp:featuredmedia":[{"embeddable":true,"href":"https:\/\/www.europesays.com\/uk\/wp-json\/wp\/v2\/media\/246926"}],"wp:attachment":[{"href":"https:\/\/www.europesays.com\/uk\/wp-json\/wp\/v2\/media?parent=246925"}],"wp:term":[{"taxonomy":"category","embeddable":true,"href":"https:\/\/www.europesays.com\/uk\/wp-json\/wp\/v2\/categories?post=246925"},{"taxonomy":"post_tag","embeddable":true,"href":"https:\/\/www.europesays.com\/uk\/wp-json\/wp\/v2\/tags?post=246925"}],"curies":[{"name":"wp","href":"https:\/\/api.w.org\/{rel}","templated":true}]}}