{"id":246954,"date":"2025-07-08T03:26:16","date_gmt":"2025-07-08T03:26:16","guid":{"rendered":"https:\/\/www.europesays.com\/uk\/246954\/"},"modified":"2025-07-08T03:26:16","modified_gmt":"2025-07-08T03:26:16","slug":"cops-announce-police-plan-for-kneecap-gig-in-glasgow","status":"publish","type":"post","link":"https:\/\/www.europesays.com\/uk\/246954\/","title":{"rendered":"Cops announce &#8216;police plan&#8217; for Kneecap gig in Glasgow"},"content":{"rendered":"<p>The Irish rappers will be performing at the 02 Academy in the city tomorrow night.<img decoding=\"async\" src=\"https:\/\/www.europesays.com\/uk\/wp-content\/uploads\/2025\/07\/0_kneecap-perform-finsbury-park.jpg\" alt=\"Mo Chara, M\u00f3gla\u00ed Bap and DJ Pr\u00f3va\u00ed of Kneecap perform on stage at Finsbury Park, as support to Fontaines DC, on July 05, 2025\" loading=\"eager\"  \/>Kneecap on stage at Finsbury Park.(Image: 2025 Jim Dyson)<\/p>\n<p class=\"Paragraph_paragraph-text__PVKlh \">Police Scotland has announced that they have a plan in place to ensure the safety of anyone attending the <a class=\"TextLink_text-link__dBSS0 TextLink_enabled__dJF3l\" href=\"https:\/\/www.dailyrecord.co.uk\/tv\/kneecap-glastonbury-festival-slot-slammed-35431518\" target=\"_blank\" aria-label=\"KneecapLink opens in a new tab.\" tabindex=\"0\" rel=\"noopener\">Kneecap<\/a> concert in Glasgow this week.<\/p>\n<p class=\"Paragraph_paragraph-text__PVKlh \">The controversial <a class=\"TextLink_text-link__dBSS0 TextLink_enabled__dJF3l\" href=\"https:\/\/www.dailyrecord.co.uk\/tv\/kneecap-glastonbury-festival-slot-slammed-35431518\" target=\"_blank\" aria-label=\"rap groupLink opens in a new tab.\" tabindex=\"0\" rel=\"noopener\">rap group<\/a> are due to perform at the Glasgow O2 Academy tomorrow night, July 7.<\/p>\n<p class=\"Paragraph_paragraph-text__PVKlh \">Cops had previously expressed concern about Kneecap playing at the <a class=\"TextLink_text-link__dBSS0 TextLink_enabled__dJF3l\" href=\"https:\/\/www.dailyrecord.co.uk\/tv\/kneecap-glastonbury-festival-slot-slammed-35431518\" target=\"_blank\" aria-label=\"TRNSMT festivalLink opens in a new tab.\" tabindex=\"0\" rel=\"noopener\">TRNSMT festival<\/a> in Glasgow Green this weekend and they were taken taken off the bill.<\/p>\n<p class=\"Paragraph_paragraph-text__PVKlh \">In response to this decision the <a class=\"TextLink_text-link__dBSS0 TextLink_enabled__dJF3l\" href=\"https:\/\/www.dailyrecord.co.uk\/tv\/kneecap-glastonbury-festival-slot-slammed-35431518\" target=\"_blank\" aria-label=\"Irish trioLink opens in a new tab.\" tabindex=\"0\" rel=\"noopener\">Irish trio<\/a> decided to organise a gig at the O2 to make sure their fans got to see them play in the city.<\/p>\n<p class=\"Paragraph_paragraph-text__PVKlh \">They said: &#8220;To the thousands of people who bought <a class=\"TextLink_text-link__dBSS0 TextLink_enabled__dJF3l\" href=\"https:\/\/www.dailyrecord.co.uk\/tv\/kneecap-glastonbury-festival-slot-slammed-35431518\" target=\"_blank\" aria-label=\"ticketsLink opens in a new tab.\" tabindex=\"0\" rel=\"noopener\">tickets<\/a>, flights, and hotels to see us play, we are sorry &#8230; it is out of our hands.<\/p>\n<p class=\"Paragraph_paragraph-text__PVKlh \">&#8220;Glasgow has always been a huge city for us. We&#8217;ve played there many, many times, with <a class=\"TextLink_text-link__dBSS0 TextLink_enabled__dJF3l\" href=\"https:\/\/www.dailyrecord.co.uk\/tv\/kneecap-glastonbury-festival-slot-slammed-35431518\" target=\"_blank\" aria-label=\"no issuesLink opens in a new tab.\" tabindex=\"0\" rel=\"noopener\">no issues<\/a> \u2013 ever.<\/p>\n<p class=\"Paragraph_paragraph-text__PVKlh \">&#8220;Make of that what you will. To try to make up for it, we will be at your <a class=\"TextLink_text-link__dBSS0 TextLink_enabled__dJF3l\" href=\"https:\/\/www.dailyrecord.co.uk\/tv\/kneecap-glastonbury-festival-slot-slammed-35431518\" target=\"_blank\" aria-label=\"O2 AcademyLink opens in a new tab.\" tabindex=\"0\" rel=\"noopener\">O2 Academy<\/a> on Tuesday, July 8.&#8221;<\/p>\n<p class=\"Paragraph_paragraph-text__PVKlh \">Police confirmed they have launched a probe following Kneecap&#8217;s set at Glastonbury was filled with expletives and calls to &#8220;free Palestine&#8221; and &#8220;f*** Keir Starmer.&#8221;<\/p>\n<p class=\"Paragraph_paragraph-text__PVKlh \"><a class=\"TextLink_text-link__dBSS0 TextLink_enabled__dJF3l\" href=\"https:\/\/www.dailyrecord.co.uk\/tv\/kneecap-glastonbury-festival-slot-slammed-35431518\" target=\"_blank\" aria-label=\"Police ScotlandLink opens in a new tab.\" tabindex=\"0\" rel=\"noopener\">Police Scotland<\/a> say there are a number of artists playing in the city this week and confirmed they have a plan in place for them all.<\/p>\n<p class=\"Paragraph_paragraph-text__PVKlh \">Superintendent Paul Douglas said: \u201cWe are aware of a <a class=\"TextLink_text-link__dBSS0 TextLink_enabled__dJF3l\" href=\"https:\/\/www.dailyrecord.co.uk\/tv\/kneecap-glastonbury-festival-slot-slammed-35431518\" target=\"_blank\" aria-label=\"number of eventsLink opens in a new tab.\" tabindex=\"0\" rel=\"noopener\">number of events<\/a> and concerts due to take place in the Greater Glasgow area in the week beginning Monday, 7 July, 2025.<\/p>\n<p class=\"Paragraph_paragraph-text__PVKlh \">\u201cA proportionate and considered policing plan is in place within the city and we are working with a number of <a class=\"TextLink_text-link__dBSS0 TextLink_enabled__dJF3l\" href=\"https:\/\/www.dailyrecord.co.uk\/tv\/kneecap-glastonbury-festival-slot-slammed-35431518\" target=\"_blank\" aria-label=\"stakeholdersLink opens in a new tab.\" tabindex=\"0\" rel=\"noopener\">stakeholders<\/a> to ensure the safety of all those attending these events and where possible minimise disruption to the people of Glasgow.\u201d<\/p>\n<p class=\"Paragraph_paragraph-text__PVKlh \">Billie Eilish&#8217;s &#8220;Hit Me Hard and Soft&#8221; tour at the<a class=\"TextLink_text-link__dBSS0 TextLink_enabled__dJF3l\" href=\"https:\/\/www.dailyrecord.co.uk\/tv\/kneecap-glastonbury-festival-slot-slammed-35431518\" target=\"_blank\" aria-label=\" Hydro Link opens in a new tab.\" tabindex=\"0\" rel=\"noopener\"> Hydro <\/a>comes to Glasgow for the next two nights, while Kendrick Lamar and SZA&#8217;s &#8220;Grand National Tour&#8221; at Hampden will be on at the same time as the Kneecap gig tomorrow.<\/p>\n","protected":false},"excerpt":{"rendered":"The Irish rappers will be performing at the 02 Academy in the city tomorrow night.Kneecap on stage at&hellip;\n","protected":false},"author":2,"featured_media":246955,"comment_status":"","ping_status":"","sticky":false,"template":"","format":"standard","meta":{"footnotes":""},"categories":[7826],"tags":[748,918,4884,30214,530,712,16,15],"class_list":{"0":"post-246954","1":"post","2":"type-post","3":"status-publish","4":"format-standard","5":"has-post-thumbnail","7":"category-glasgow","8":"tag-britain","9":"tag-glasgow","10":"tag-great-britain","11":"tag-o2-academy","12":"tag-police-scotland","13":"tag-scotland","14":"tag-uk","15":"tag-united-kingdom"},"share_on_mastodon":{"url":"https:\/\/pubeurope.com\/@uk\/114815486271125329","error":""},"_links":{"self":[{"href":"https:\/\/www.europesays.com\/uk\/wp-json\/wp\/v2\/posts\/246954","targetHints":{"allow":["GET"]}}],"collection":[{"href":"https:\/\/www.europesays.com\/uk\/wp-json\/wp\/v2\/posts"}],"about":[{"href":"https:\/\/www.europesays.com\/uk\/wp-json\/wp\/v2\/types\/post"}],"author":[{"embeddable":true,"href":"https:\/\/www.europesays.com\/uk\/wp-json\/wp\/v2\/users\/2"}],"replies":[{"embeddable":true,"href":"https:\/\/www.europesays.com\/uk\/wp-json\/wp\/v2\/comments?post=246954"}],"version-history":[{"count":0,"href":"https:\/\/www.europesays.com\/uk\/wp-json\/wp\/v2\/posts\/246954\/revisions"}],"wp:featuredmedia":[{"embeddable":true,"href":"https:\/\/www.europesays.com\/uk\/wp-json\/wp\/v2\/media\/246955"}],"wp:attachment":[{"href":"https:\/\/www.europesays.com\/uk\/wp-json\/wp\/v2\/media?parent=246954"}],"wp:term":[{"taxonomy":"category","embeddable":true,"href":"https:\/\/www.europesays.com\/uk\/wp-json\/wp\/v2\/categories?post=246954"},{"taxonomy":"post_tag","embeddable":true,"href":"https:\/\/www.europesays.com\/uk\/wp-json\/wp\/v2\/tags?post=246954"}],"curies":[{"name":"wp","href":"https:\/\/api.w.org\/{rel}","templated":true}]}}