{"id":248413,"date":"2025-07-08T16:18:11","date_gmt":"2025-07-08T16:18:11","guid":{"rendered":"https:\/\/www.europesays.com\/uk\/248413\/"},"modified":"2025-07-08T16:18:11","modified_gmt":"2025-07-08T16:18:11","slug":"why-gardening-memoirs-are-a-growing-genre","status":"publish","type":"post","link":"https:\/\/www.europesays.com\/uk\/248413\/","title":{"rendered":"Why gardening memoirs are a growing genre"},"content":{"rendered":"<p>Unlock the Editor\u2019s Digest for free<\/p>\n<p class=\"article__content-sign-up-topic-description o3-type-body-base\">Roula Khalaf, Editor of the FT, selects her favourite stories in this weekly newsletter.<\/p>\n<p>I have a marvellous relationship with gardens. Friends and family across India from the Nilgiris to the Himalayas do the grunt work of tending and growing them, while I get to enjoy the fruits of their labour on leisurely summer visits.<\/p>\n<p>While gardening books are perennially popular, gardening memoirs such as Olivia Laing\u2019s 2024 bestseller <a href=\"https:\/\/www.ft.com\/content\/9eafe768-4bd7-4779-a5ef-4401bc7f123d\" data-trackable=\"link\" target=\"_blank\" rel=\"noopener\">The Garden Against Time<\/a> have become a robust sub-genre since the pandemic \u2014 when we turned back to the land for solace in those lockdown years. \u201cAll across the world, people were engaged with a feverish new love affair with plants,\u201d Laing writes, \u201cGrowing food is an instinct in times of insecurity, peaking during pandemics and wars. Gardening was grounding, soothing, useful, beautifying.\u201d<\/p>\n<p>Authors across generations from Britain\u2019s great nature writer, Richard Mabey, who published The Accidental Garden last year in his eighties, to the former model and Devon gardener Poppy Okotcha, whose A Wilder Way came out this April, often reassess what these beckoning spaces can be. Gardens are a refuge, a lifeline, a return to the earth, but have also historically been, as Laing and others argue, a place of exclusion or an emblem of colonisation. As Mabey writes, pointing out the joys of immigrant plants and weeds alongside native flowers and trees in his Norfolk garden, \u201cGardens aren\u2019t quite like other human spaces. They\u2019re borderlands, possessed, designed and controlled by one species, but occupied by myriads more.\u201d<\/p>\n<p><img decoding=\"async\" src=\"https:\/\/www.europesays.com\/uk\/wp-content\/uploads\/2025\/07\/https:\/\/d1e00ek4ebabms.cloudfront.net\/production\/a1ccea30-9315-452c-80b5-58733de7c445.jpg\" alt=\"\" data-image-type=\"image\" width=\"1672\" height=\"2090\" loading=\"lazy\"\/>Olivia Laing wrote about bringing a garden back to life during lockdown in \u2018The Garden Against Time\u2019 \u00a9 Photographed for the FT by Sandra Mickiewicz<\/p>\n<p>For Okotcha, memories of her family\u2019s tiny garden as they grew up in a \u201cmouldy old bungalow\u201d in Wiltshire, surrounded by miles of monoculture farms, are powerfully regenerative: \u201cAs the garden came to life, so did we.\u201d After a brief career as a\u00a0fashion model, she stepped away from a culture that valued overconsumption to set up her own garden in Devon. In the book, and in her gardening philosophy, she draws on the cosmology of Nigerian folk tales along with old English lore. \u201cThe culture I grow my garden in may not value rest,\u201d she writes in A Wilder Way, \u201cbut the culture the garden has grown in me worships it. Rest is radical because it allows life to regenerate.\u201d<\/p>\n<p>Reading over a score of gardening memoirs, I begin to appreciate how different writers choose to lay out their books. Okotcha offers a seasonal cycle, with its accompanying parallels for our calendars. Hortobiography, this spring\u2019s offering from Carol Klein, the beloved English horticulturist, columnist and television presenter, starts with an arresting childhood memory: \u201cI would bring in toy buckets full of soil into the kitchen and empty them on the kitchen lino, decorating the piles of soil with leaves and flowers.\u201d She interleaves quick sketches of plants \u2014 poppies, foxgloves \u2014 with a moving account of her life, health challenges, and her outsize love for all the gardens she has known since childhood.<\/p>\n<blockquote class=\"n-content-pullquote o3-editorial-typography-pullquote n-content-pullquote--no-image\" aria-hidden=\"true\">\n<p>Gardening itself has become more about inviting nature in, rewilding, than the pursuit of perfection<\/p>\n<\/blockquote>\n<p>One of my favourites in this genre dates back to 1929, written by the anti-fascist Czech writer Karel \u010capek and illustrated by his equally spirited brother, Josef \u010capek. I cried my eyes out as a child when I learnt that Josef \u010capek \u2014 he and Karel together gave us the word \u201crobot\u201d \u2014 was sent to the concentration camp at Bergen-Belsen for his defiant cartoons, where he died some time in 1945. But they left behind the exuberant The Gardener\u2019s Year (first translated by M and R Weatherall in 1931), cheerfully sending up the diligent figure of the gardener: \u201cThere is something peculiar about the weather; it is never quite right.\u201d The \u010capeks\u2019 gardener, based on Karel\u2019s own experiences, wrestles with recalcitrant garden hoses (\u201cdangerous beast\u201d), sifts through a hundred outlandish recipes for soil improvement, contorts like a pretzel, rump up to the sky, to sow seeds and reap a harvest of weeds. But as Karel wrote: \u201cAnd yet, at the end of the day, the true gardener sighs with deep content: \u2018I have sweated to-day!\u2019\u201d\u00a0<\/p>\n<p><img decoding=\"async\" src=\"https:\/\/www.europesays.com\/uk\/wp-content\/uploads\/2025\/07\/https:\/\/d1e00ek4ebabms.cloudfront.net\/production\/3eb745a9-f3a2-41c2-a9af-0e963171712b.jpg\" alt=\"\" data-image-type=\"image\" width=\"700\" height=\"450\" loading=\"lazy\"\/>Summer Books 2025<\/p>\n<p>The best titles of the year so far \u2014 from politics, economics and history to art, food and, of course, fiction, FT writers and critics choose <a href=\"https:\/\/www.ft.com\/summerbooks2025\" data-trackable=\"link\" target=\"_blank\" rel=\"noopener\">their favourite reads of the year so far<\/a><\/p>\n<p>I return from my aunt\u2019s 25-year-old garden in the Himalayas with a wealth of gifts; an abundance of rosemary and bay leaves, pine needle bookmarks, peace in my soul, and a hitchhiking beetle who is gently released into a flower bed, no worse for the long journey to the plains. Delhi is humid and polluted, but these memoirs \u2014 questioning, inspiring \u2014 seem to point the way forward. Gardening itself has become less rigid and controlling, more about inviting nature in, rewilding, encouraging biodiversity than the pursuit of perfection \u2014 and that has created room for the stories of the humans who do the gardening.<\/p>\n<p>As Mabey writes in The Accidental Garden, \u201cIt would be glib to suggest that the immeasurably complex problems of a whole world are mirrored in the small confrontations and challenges of the garden. But maybe the mindset needed for both is the same: the generosity to reset the power balance between ourselves and the natural world.\u201d<\/p>\n<p>Join our online book group on Facebook at <a href=\"https:\/\/www.facebook.com\/groups\/139838140082304\/\" data-trackable=\"link\" target=\"_blank\" rel=\"noopener\">FT Books Caf\u00e9<\/a> and follow FT Weekend on <a href=\"https:\/\/www.instagram.com\/ft_weekend\/\" data-trackable=\"link\" target=\"_blank\" rel=\"noopener\">Instagram<\/a>, <a href=\"https:\/\/bsky.app\/profile\/ftweekend.com\" data-trackable=\"link\" target=\"_blank\" rel=\"noopener\">Bluesky<\/a> and <a href=\"https:\/\/twitter.com\/ftweekend\" data-trackable=\"link\" target=\"_blank\" rel=\"noopener\">X<\/a><\/p>\n<p><script async src=\"https:\/\/platform.twitter.com\/widgets.js\" charset=\"utf-8\"><\/script><script async src=\"\/\/www.instagram.com\/embed.js\"><\/script><\/p>\n","protected":false},"excerpt":{"rendered":"Unlock the Editor\u2019s Digest for free Roula Khalaf, Editor of the FT, selects her favourite stories in this&hellip;\n","protected":false},"author":2,"featured_media":248414,"comment_status":"","ping_status":"","sticky":false,"template":"","format":"standard","meta":{"footnotes":""},"categories":[3938],"tags":[3444,77,16,15],"class_list":{"0":"post-248413","1":"post","2":"type-post","3":"status-publish","4":"format-standard","5":"has-post-thumbnail","7":"category-books","8":"tag-books","9":"tag-entertainment","10":"tag-uk","11":"tag-united-kingdom"},"share_on_mastodon":{"url":"https:\/\/pubeurope.com\/@uk\/114818522348374530","error":""},"_links":{"self":[{"href":"https:\/\/www.europesays.com\/uk\/wp-json\/wp\/v2\/posts\/248413","targetHints":{"allow":["GET"]}}],"collection":[{"href":"https:\/\/www.europesays.com\/uk\/wp-json\/wp\/v2\/posts"}],"about":[{"href":"https:\/\/www.europesays.com\/uk\/wp-json\/wp\/v2\/types\/post"}],"author":[{"embeddable":true,"href":"https:\/\/www.europesays.com\/uk\/wp-json\/wp\/v2\/users\/2"}],"replies":[{"embeddable":true,"href":"https:\/\/www.europesays.com\/uk\/wp-json\/wp\/v2\/comments?post=248413"}],"version-history":[{"count":0,"href":"https:\/\/www.europesays.com\/uk\/wp-json\/wp\/v2\/posts\/248413\/revisions"}],"wp:featuredmedia":[{"embeddable":true,"href":"https:\/\/www.europesays.com\/uk\/wp-json\/wp\/v2\/media\/248414"}],"wp:attachment":[{"href":"https:\/\/www.europesays.com\/uk\/wp-json\/wp\/v2\/media?parent=248413"}],"wp:term":[{"taxonomy":"category","embeddable":true,"href":"https:\/\/www.europesays.com\/uk\/wp-json\/wp\/v2\/categories?post=248413"},{"taxonomy":"post_tag","embeddable":true,"href":"https:\/\/www.europesays.com\/uk\/wp-json\/wp\/v2\/tags?post=248413"}],"curies":[{"name":"wp","href":"https:\/\/api.w.org\/{rel}","templated":true}]}}