{"id":249816,"date":"2025-07-09T04:28:14","date_gmt":"2025-07-09T04:28:14","guid":{"rendered":"https:\/\/www.europesays.com\/uk\/249816\/"},"modified":"2025-07-09T04:28:14","modified_gmt":"2025-07-09T04:28:14","slug":"first-look-trailer-for-provocative-dreams-film-with-jessica-chastain","status":"publish","type":"post","link":"https:\/\/www.europesays.com\/uk\/249816\/","title":{"rendered":"First Look Trailer for Provocative &#8216;Dreams&#8217; Film with Jessica Chastain"},"content":{"rendered":"<p>\t\t\tFirst Look Trailer for Provocative &#8216;Dreams&#8217; Film with Jessica Chastain<\/p>\n<p class=\"date\">by <a href=\"https:\/\/www.firstshowing.net\/author\/abillington\/\" title=\"Posts by Alex Billington\" rel=\"author noopener\" target=\"_blank\">Alex Billington<\/a>\t\t<br \/>July 8, 2025<br \/>Source: <a href=\"https:\/\/www.youtube.com\/watch?v=m0L3b1picU8\" rel=\"noopener nofollow\" target=\"_blank\">YouTube<\/a><\/p>\n<p>\t\t<a href=\"https:\/\/www.firstshowing.net\/2025\/first-look-trailer-for-provocative-dreams-film-with-jessica-chastain\/\" class=\"watch\" target=\"_blank\" rel=\"noopener\"><img fetchpriority=\"high\" decoding=\"async\" src=\"https:\/\/www.europesays.com\/uk\/wp-content\/uploads\/2025\/07\/DreamsTrailerFrancomainimgTsr1.jpg\" alt=\"Dreams Film Trailer\" width=\"350\" height=\"168\"\/><\/a><\/p>\n<p>&#8220;I came here to be with you&#8230;&#8221; An international trailer is out for the provocative new film from acclaimed Mexican filmmaker <strong>Michel Franco<\/strong>, who&#8217;s on a roll with prickly films nearly every year. Recently he made <a href=\"https:\/\/www.firstshowing.net\/2023\/jessica-chastain-peter-sarsgaard-are-lost-souls-in-memory-trailer\/\" target=\"_blank\" rel=\"noopener\">Memory with Jessica Chastain<\/a> and now he&#8217;s back with another new project with her. <strong>Dreams<\/strong> premiered at the 2025 Berlin Film Festival and is next playing at the Karlovy Vary Film Festival now in Czechia, which is where this trailer is from &#8211; though it&#8217;s entirely with English dialogue. Fernando, a young ballet dancer from Mexico, dreams of international fame. Believing his lover Jennifer, a wealthy socialite &amp; philanthropist, will support him, he leaves everything behind &amp; narrowly escapes death while crossing the border. His arrival, however, disrupts Jennifer&#8217;s carefully curated world. She will do anything to protect their future together \u2013 and the life she has built for herself. Featuring <strong>Jessica Chastain<\/strong> and <strong>Isaac Hern\u00e1ndez<\/strong>, with <strong>Rupert Friend<\/strong>, <strong>Marshall Bell<\/strong>, <strong>Eligio Mel\u00e9ndez<\/strong>, &amp; <strong>Mercedes Hern\u00e1ndez<\/strong>. Luckily I&#8217;ve already seen the film (at Berlinale) and it&#8217;s quite good, definitely stirs up strong feelings in everyone. Franco is making a strong point here and I respect him for what he&#8217;s saying with Dreams. Still no US release set yet \u2013\u00a0hopefully soon.<\/p>\n<p style=\"text-align:center;\">Here&#8217;s the first look international trailer for Michel Franco&#8217;s film <strong>Dreams<\/strong>, direct from <a href=\"https:\/\/www.youtube.com\/watch?v=m0L3b1picU8\" rel=\"noopener\" target=\"_blank\">YouTube<\/a>:<\/p>\n<p style=\"text-align:center;\">\n<p style=\"text-align:center;\"><img decoding=\"async\" src=\"https:\/\/www.europesays.com\/uk\/wp-content\/uploads\/2025\/07\/DreamsTrailerFrancomainimg591.jpg\" alt=\"Dreams Film Trailer\" style=\"border:0;\" width=\"599\" height=\"337\" fetchpriority=\"high\"\/><\/p>\n<p style=\"text-align:center;\"><img decoding=\"async\" src=\"https:\/\/www.europesays.com\/uk\/wp-content\/uploads\/2025\/07\/DreamsTrailerFrancomainimg592.jpg\" alt=\"Dreams Film Trailer\" style=\"border:0;\" width=\"599\" height=\"337\" fetchpriority=\"high\"\/><\/p>\n<p>In the romantic drama Dreams from Mexican writer \/ director Michel Franco, we follow Fernando (Isaac Hern\u00e1ndez), a young Mexican ballet dancer who longs for international recognition and to build a new life abroad. He decides to immigrate to the USA, hoping to be supported by his girlfriend Jennifer (Jessica Chastain), an upper-class philanthropist. However, as it soon turns out, crossing the guarded border will be far from the most complicated part of his plans. His arrival in her city, however, disrupts Jennifer&#8217;s carefully curated world. Dreams is written and directed by acclaimed Mexican filmmaker <a href=\"https:\/\/www.imdb.com\/name\/nm1633015\/\" rel=\"noopener noreferrer\" target=\"_blank\"><strong>Michel Franco<\/strong><\/a>, director of Daniel and Ana, After Lucia, A los ojos, Chronic, April&#8217;s Daughter, New Order, <a href=\"https:\/\/www.firstshowing.net\/2022\/tim-roth-stays-in-mexico-in-michel-francos-sundown-official-trailer\/\" target=\"_blank\" rel=\"noopener\">Sundown<\/a>, and <a href=\"https:\/\/www.firstshowing.net\/2023\/jessica-chastain-peter-sarsgaard-are-lost-souls-in-memory-trailer\/\" target=\"_blank\" rel=\"noopener\">Memory<\/a> previously. It&#8217;s produced by Michel Franco, Er\u00e9ndira N\u00fa\u00f1ez Larios, Alexander Rodnyansky. This initially premiered at the 2025 Berlin Film Festival earlier this year in the Main Competition. It&#8217;s currently set to open in Mexico starting in <strong>October<\/strong> this fall. No US release date has been set yet. Anyone interested?<\/p>\n<tr>\n<td class=\"socialright\"><a href=\"https:\/\/www.addtoany.com\/share#url=https:\/\/www.firstshowing.net\/2025\/first-look-trailer-for-provocative-dreams-film-with-jessica-chastain\/&amp;title=First%20Look%20Trailer%20for%20Provocative%20&#039;Dreams&#039;%20Film%20with%20Jessica%20Chastain\" target=\"_blank\" rel=\"noopener nofollow\" title=\"Share \/ Save this post\"><img loading=\"lazy\" decoding=\"async\" src=\"https:\/\/www.europesays.com\/uk\/wp-content\/uploads\/2025\/04\/ShareButtonMain25-01.png\" width=\"85\" height=\"26\" alt=\"Share\" fetchpriority=\"low\"\/><\/a><\/td>\n<\/tr>\n<p style=\"padding:0px;margin-top:0px;margin-bottom:8px;\"><strong>Find more posts in:<\/strong> <a href=\"https:\/\/www.firstshowing.net\/category\/indies\/\" rel=\"category tag noopener\" target=\"_blank\">Indies<\/a>, <a href=\"https:\/\/www.firstshowing.net\/category\/worthwatching\/\" rel=\"category tag noopener\" target=\"_blank\">To Watch<\/a>, <a href=\"https:\/\/www.firstshowing.net\/category\/trailers\/\" rel=\"category tag noopener\" target=\"_blank\">Trailer<\/a><\/p>\n","protected":false},"excerpt":{"rendered":"First Look Trailer for Provocative &#8216;Dreams&#8217; Film with Jessica Chastain by Alex Billington July 8, 2025Source: YouTube &#8220;I&hellip;\n","protected":false},"author":2,"featured_media":249817,"comment_status":"","ping_status":"","sticky":false,"template":"","format":"standard","meta":{"footnotes":""},"categories":[3935],"tags":[96464,96462,1439,96460,77,18941,96465,10197,96461,3943,96463,4014,4015,16,15],"class_list":{"0":"post-249816","1":"post","2":"type-post","3":"status-publish","4":"format-standard","5":"has-post-thumbnail","7":"category-movies","8":"tag-berlin-film-festival","9":"tag-berlinale","10":"tag-cinema","11":"tag-dreams-film","12":"tag-entertainment","13":"tag-indies","14":"tag-isaac-hernandez","15":"tag-jessica-chastain","16":"tag-michel-franco","17":"tag-movies","18":"tag-provocative","19":"tag-to-watch","20":"tag-trailer","21":"tag-uk","22":"tag-united-kingdom"},"share_on_mastodon":{"url":"https:\/\/pubeurope.com\/@uk\/114821392958743389","error":""},"_links":{"self":[{"href":"https:\/\/www.europesays.com\/uk\/wp-json\/wp\/v2\/posts\/249816","targetHints":{"allow":["GET"]}}],"collection":[{"href":"https:\/\/www.europesays.com\/uk\/wp-json\/wp\/v2\/posts"}],"about":[{"href":"https:\/\/www.europesays.com\/uk\/wp-json\/wp\/v2\/types\/post"}],"author":[{"embeddable":true,"href":"https:\/\/www.europesays.com\/uk\/wp-json\/wp\/v2\/users\/2"}],"replies":[{"embeddable":true,"href":"https:\/\/www.europesays.com\/uk\/wp-json\/wp\/v2\/comments?post=249816"}],"version-history":[{"count":0,"href":"https:\/\/www.europesays.com\/uk\/wp-json\/wp\/v2\/posts\/249816\/revisions"}],"wp:featuredmedia":[{"embeddable":true,"href":"https:\/\/www.europesays.com\/uk\/wp-json\/wp\/v2\/media\/249817"}],"wp:attachment":[{"href":"https:\/\/www.europesays.com\/uk\/wp-json\/wp\/v2\/media?parent=249816"}],"wp:term":[{"taxonomy":"category","embeddable":true,"href":"https:\/\/www.europesays.com\/uk\/wp-json\/wp\/v2\/categories?post=249816"},{"taxonomy":"post_tag","embeddable":true,"href":"https:\/\/www.europesays.com\/uk\/wp-json\/wp\/v2\/tags?post=249816"}],"curies":[{"name":"wp","href":"https:\/\/api.w.org\/{rel}","templated":true}]}}