{"id":251063,"date":"2025-07-09T15:17:18","date_gmt":"2025-07-09T15:17:18","guid":{"rendered":"https:\/\/www.europesays.com\/uk\/251063\/"},"modified":"2025-07-09T15:17:18","modified_gmt":"2025-07-09T15:17:18","slug":"unemployment-benefits-cost-the-state-e425m-in-2024","status":"publish","type":"post","link":"https:\/\/www.europesays.com\/uk\/251063\/","title":{"rendered":"Unemployment benefits cost the state \u20ac425m in 2024"},"content":{"rendered":"<p class=\"Paragraph_root__l8IyX Paragraph_default-lg-default__ml_77 articleParagraph\">Unemployment cost the state \u20ac425 million in 2024, a 30% increase compared to the previous year, according to figures released Wednesday by Luxembourg\u2019s national employment agency, Adem.<\/p>\n<p class=\"Paragraph_root__l8IyX Paragraph_default-lg-default__ml_77 articleParagraph\">Each month, unemployed individuals received an average of \u20ac2,697 in benefits. Total monthly payments reached \u20ac35 million, while the typical duration of unemployment exceeded six months.<\/p>\n<p class=\"Paragraph_root__l8IyX Paragraph_default-lg-default__ml_77 articleParagraph\">The rising cost in comparison to previous years is linked to an increase in the number of jobseekers and longer periods of unemployment, explained Isabelle Schlesser, director at Adem, during the agency\u2019s annual press conference.<\/p>\n<p>Hiring slowed as job vacancies fell 15%<\/p>\n<p class=\"Paragraph_root__l8IyX Paragraph_default-lg-default__ml_77 articleParagraph\">The number of job vacancies declared to Adem dropped by 15% compared to 2023, according to the report. A total of 36,707 positions were declared, with 5,935 still unfilled by the end of December. By the end of May, the number of unfilled vacancies rose to 7,205.<\/p>\n<p><a href=\"https:\/\/www.luxtimes.lu\/luxembourg\/luxembourg-unemployment-rate-remains-unchanged-at-6-in-may\/72940246.html\" class=\"RelatedTeaser_related-teaser__hHh4Y RelatedTeaser_related-teaser--image__WF45l read-more_withImage__1YJa_\" data-article-id=\"72940246\" target=\"_blank\" rel=\"noopener\"><\/p>\n<p>Also read:Luxembourg unemployment rate remains unchanged at 6% in May<\/p>\n<p><\/a><\/p>\n<p class=\"Paragraph_root__l8IyX Paragraph_default-lg-default__ml_77 articleParagraph\">\u201cThe gap between supply and demand in the labour market continues to widen,\u201d Schlesser said. <\/p>\n<p class=\"Paragraph_root__l8IyX Paragraph_default-lg-default__ml_77 articleParagraph\">Domestic employment grew by only 0.9%, reaching 515,870 people by the end of December 2024, according to data from Statec. <\/p>\n<p class=\"Paragraph_root__l8IyX Paragraph_default-lg-default__ml_77 articleParagraph\">National employment (i.e jobs held by Luxembourg residents) also rose by 0.9% to 296,270, while cross-border workers continued to represent 47% of salaried employment, a figure that has remained stable since 2021.<\/p>\n<p class=\"Paragraph_root__l8IyX Paragraph_default-lg-default__ml_77 articleParagraph\">Several sectors experienced significant slowdowns compared to the previous year. Banking, insurance and real estate saw a 17% drop in vacancies. Corporate support services fell by 13%, construction by 10%, and retail and distribution by 6%.<\/p>\n<p><a href=\"https:\/\/www.luxtimes.lu\/luxembourg\/is-luxembourg-still-attractive-enough-for-commuters\/68913949.html\" class=\"RelatedTeaser_related-teaser__hHh4Y RelatedTeaser_related-teaser--image__WF45l read-more_withImage__1YJa_\" data-article-id=\"68913949\" target=\"_blank\" rel=\"noopener\"><\/p>\n<p>Also read:Is Luxembourg still attractive enough for commuters?<\/p>\n<p><\/a>Unemployment rate stabilised at 6%<\/p>\n<p class=\"Paragraph_root__l8IyX Paragraph_default-lg-default__ml_77 articleParagraph\">By the end of December, 18,469 jobseekers were registered with the employment agency, a 7% increase compared to 2023. The unemployment rate was 5.9% in December and rose to 6% by March 2025, where it is expected to remain in 2026.<\/p>\n<p class=\"Paragraph_root__l8IyX Paragraph_default-lg-default__ml_77 articleParagraph\">Unemployment has risen across all age groups: particularly steep increases were seen among jobseekers with higher education degrees, up 16.6% over one year, and those unemployed for more than 12 months, up 15.4%.<\/p>\n<p class=\"Paragraph_root__l8IyX Paragraph_default-lg-default__ml_77 articleParagraph\">Despite the rise in unemployment, many employers are still struggling to find suitable candidates. The mismatch between jobseekers\u2019 skills and employers\u2019 needs remains a challenge, the director explained.<\/p>\n<p class=\"Paragraph_root__l8IyX Paragraph_default-lg-default__ml_77 articleParagraph\">\u201cThe labour market is running out of steam,\u201d Adem noted in its press release. \u201cWe must get used to no longer seeing the same dynamics as in the past,\u201d Schlesser said.<\/p>\n<p>Skills gap persists despite surge in training<\/p>\n<p class=\"Paragraph_root__l8IyX Paragraph_default-lg-default__ml_77 articleParagraph\">Although labour shortages eased slightly in 2023 and 2024, businesses continue to report difficulties in filling specific roles. High-demand fields include IT, accounting and finance. <\/p>\n<p class=\"Paragraph_root__l8IyX Paragraph_default-lg-default__ml_77 articleParagraph\">A total of 24 professions were officially listed in 2024 as being in very short supply, spanning sectors such as healthcare, social work, law, auditing, consulting and research.<\/p>\n<p class=\"Paragraph_root__l8IyX Paragraph_default-lg-default__ml_77 articleParagraph\"><strong>The five sectors facing the most severe candidate shortages were:<\/strong><\/p>\n<ul data-testid=\"bullet-list\" class=\"List_root__dquU_ List_list--unordered__oBuiT styles_list__7BMph\">\n<li class=\"List_listItemRoot__0JgLS\">\n<p class=\"Paragraph_root__l8IyX Paragraph_default-lg-default__ml_77 articleParagraph\">Accounting and management<\/p>\n<\/li>\n<li class=\"List_listItemRoot__0JgLS\">\n<p class=\"Paragraph_root__l8IyX Paragraph_default-lg-default__ml_77 articleParagraph\">Information and telecommunications<\/p>\n<\/li>\n<li class=\"List_listItemRoot__0JgLS\">\n<p class=\"Paragraph_root__l8IyX Paragraph_default-lg-default__ml_77 articleParagraph\">Social and educational services<\/p>\n<\/li>\n<li class=\"List_listItemRoot__0JgLS\">\n<p class=\"Paragraph_root__l8IyX Paragraph_default-lg-default__ml_77 articleParagraph\">Paramedical care<\/p>\n<\/li>\n<li class=\"List_listItemRoot__0JgLS\">\n<p class=\"Paragraph_root__l8IyX Paragraph_default-lg-default__ml_77 articleParagraph\">Banking<\/p>\n<\/li>\n<\/ul>\n<p class=\"Paragraph_root__l8IyX Paragraph_default-lg-default__ml_77 articleParagraph\"><strong>The five sectors with the largest surplus of candidates were:<\/strong><\/p>\n<p class=\"Paragraph_root__l8IyX Paragraph_default-lg-default__ml_77 articleParagraph\">Improving employability remains a key goal for the agency, Schlesser said, <a class=\"LinkText_root__c9Fxr annotation-link_annotationLink__nXU8B\" href=\"https:\/\/www.luxtimes.lu\/luxembourg\/expats-beware-2-in-3-jobs-in-luxembourg-require-french\/52926635.html\" target=\"_blank\" rel=\"noopener\">with language and digital skills being particularly central<\/a> in 2024. <\/p>\n<p class=\"Paragraph_root__l8IyX Paragraph_default-lg-default__ml_77 articleParagraph\">According to Adem, jobseekers are now seven times more likely to receive training than in 2019. In 2024, 9,170 people took at least one training course, representing a 78% increase over the previous year. Nearly 14,000 training participations were recorded in total.<\/p>\n<p class=\"Paragraph_root__l8IyX Paragraph_default-lg-default__ml_77 articleParagraph\">More than 3,400 people enrolled in the e-languages programme for online French, German and English courses. Digital training included both basic digital literacy and advanced programmes such as Google certificates and coding bootcamps.<\/p>\n<p><a href=\"https:\/\/www.luxtimes.lu\/luxembourg\/language-learning-in-luxembourg-a-right-or-a-race\/75356679.html\" class=\"RelatedTeaser_related-teaser__hHh4Y RelatedTeaser_related-teaser--image__WF45l read-more_withImage__1YJa_\" data-article-id=\"75356679\" target=\"_blank\" rel=\"noopener\"><\/p>\n<p>Also read:Language learning in Luxembourg: a right or a race?<\/p>\n<p><\/a><\/p>\n<p class=\"Paragraph_root__l8IyX Paragraph_default-lg-default__ml_77 articleParagraph\">Additionally, 1,095 people were enrolled in adult apprenticeship contracts.<\/p>\n<p>Foreign recruitment simplified  <\/p>\n<p class=\"Paragraph_root__l8IyX Paragraph_default-lg-default__ml_77 articleParagraph\">To help close skill gaps, Luxembourg introduced a new immigration law in September 2023, which simplified the recruitment process for employers hiring third-country nationals, especially in shortage occupations.<\/p>\n<p class=\"Paragraph_root__l8IyX Paragraph_default-lg-default__ml_77 articleParagraph\">The new rules led to a significant increase in applications for main d\u2019\u0153uvre \u00e9trang\u00e8re certificates. In 2024, there were 6,520 applications, up from 4,829 the previous year. Of those, 2,868 were tied to shortage occupations and more than 95% were approved.<\/p>\n<p class=\"Paragraph_root__l8IyX Paragraph_default-lg-default__ml_77 articleParagraph\">\u201cEmployers have welcomed the streamlined procedure, saying it allows them to recruit essential talent more efficiently,\u201d Adem\u2019s presentation reads.<\/p>\n<p><a href=\"https:\/\/www.luxtimes.lu\/luxembourg\/here-s-how-luxembourg-is-trying-to-attract-talent\/63210121.html\" class=\"RelatedTeaser_related-teaser__hHh4Y RelatedTeaser_related-teaser--image__WF45l read-more_withImage__1YJa_\" data-article-id=\"63210121\" target=\"_blank\" rel=\"noopener\"><\/p>\n<p>Also read:Here\u2019s how Luxembourg is trying to attract talent<\/p>\n<p><\/a><\/p>\n<p class=\"Paragraph_root__l8IyX Paragraph_default-lg-default__ml_77 articleParagraph\">(The article has been updated with a picture of the press conference at 15:15 on 9 July 2025)<\/p>\n","protected":false},"excerpt":{"rendered":"Unemployment cost the state \u20ac425 million in 2024, a 30% increase compared to the previous year, according to&hellip;\n","protected":false},"author":2,"featured_media":251064,"comment_status":"","ping_status":"","sticky":false,"template":"","format":"standard","meta":{"footnotes":""},"categories":[3092],"tags":[51,897,16,15],"class_list":{"0":"post-251063","1":"post","2":"type-post","3":"status-publish","4":"format-standard","5":"has-post-thumbnail","7":"category-jobs","8":"tag-business","9":"tag-jobs","10":"tag-uk","11":"tag-united-kingdom"},"share_on_mastodon":{"url":"https:\/\/pubeurope.com\/@uk\/114823944562791444","error":""},"_links":{"self":[{"href":"https:\/\/www.europesays.com\/uk\/wp-json\/wp\/v2\/posts\/251063","targetHints":{"allow":["GET"]}}],"collection":[{"href":"https:\/\/www.europesays.com\/uk\/wp-json\/wp\/v2\/posts"}],"about":[{"href":"https:\/\/www.europesays.com\/uk\/wp-json\/wp\/v2\/types\/post"}],"author":[{"embeddable":true,"href":"https:\/\/www.europesays.com\/uk\/wp-json\/wp\/v2\/users\/2"}],"replies":[{"embeddable":true,"href":"https:\/\/www.europesays.com\/uk\/wp-json\/wp\/v2\/comments?post=251063"}],"version-history":[{"count":0,"href":"https:\/\/www.europesays.com\/uk\/wp-json\/wp\/v2\/posts\/251063\/revisions"}],"wp:featuredmedia":[{"embeddable":true,"href":"https:\/\/www.europesays.com\/uk\/wp-json\/wp\/v2\/media\/251064"}],"wp:attachment":[{"href":"https:\/\/www.europesays.com\/uk\/wp-json\/wp\/v2\/media?parent=251063"}],"wp:term":[{"taxonomy":"category","embeddable":true,"href":"https:\/\/www.europesays.com\/uk\/wp-json\/wp\/v2\/categories?post=251063"},{"taxonomy":"post_tag","embeddable":true,"href":"https:\/\/www.europesays.com\/uk\/wp-json\/wp\/v2\/tags?post=251063"}],"curies":[{"name":"wp","href":"https:\/\/api.w.org\/{rel}","templated":true}]}}