{"id":254871,"date":"2025-07-11T00:52:13","date_gmt":"2025-07-11T00:52:13","guid":{"rendered":"https:\/\/www.europesays.com\/uk\/254871\/"},"modified":"2025-07-11T00:52:13","modified_gmt":"2025-07-11T00:52:13","slug":"everton-to-increase-bid-for-cooper-as-sheffield-utd-demands-emerge-exclusive","status":"publish","type":"post","link":"https:\/\/www.europesays.com\/uk\/254871\/","title":{"rendered":"Everton \u2018to increase bid for Cooper\u2019 as Sheffield Utd demands emerge \u2013 Exclusive"},"content":{"rendered":"<p> <img width=\"1140\" height=\"641\" src=\"https:\/\/www.europesays.com\/uk\/wp-content\/uploads\/2025\/07\/David-Moyes-Mike-Cooper-1140x641.png\" class=\"attachment-single-feature size-single-feature wp-post-image\" alt=\"David Moyes, Michael Cooper.\" layout=\"fill\"  style=\"object-position: 50% 50%\" loading=\"eager\" fetchpriority=\"high\" decoding=\"async\" \/><\/p>\n<p>(Credit: Imago)<\/p>\n<p>   <img decoding=\"async\" src=\"https:\/\/www.europesays.com\/uk\/wp-content\/uploads\/2025\/07\/Untitled-design-2023-11-24T141157.981-150x150.jpg\" width=\"64\" height=\"64\" alt=\"Goodison News speaking to Bryan King\" loading=\"lazy\"\/>   <\/p>\n<p> Thu 10 July 2025 17:40, UK <\/p>\n<p><strong>Everton are expected to increase their offer for Sheffield United goalkeeper Michael Cooper.<\/strong><\/p>\n<p>Cooper has spent just one season with Sheffield United, but the Blades are already having to fend off interest for their star man after he enjoyed another fantastic season in the Championship last time out. <\/p>\n<p>Everton have been linked with <a href=\"https:\/\/www.goodisonnews.com\/2025\/06\/12\/sky-sports-pundit-issues-massive-transfer-claim-as-everton-eye-cooper-swoop\/\" target=\"_blank\" rel=\"noopener\">a move for Cooper<\/a> over the last few months, as they look to replace the outgoing duo of Asmir Begovi\u0107 and Jo\u00e3o Virg\u00ednia. <\/p>\n<p><a href=\"https:\/\/www.goodisonnews.com\/tag\/david-moyes\/\" target=\"_blank\" rel=\"noopener\">David Moyes\u2019<\/a> side already have an established number one in Jordan Pickford. However, they now seem keen to add another option who is capable of competing with the England star for his position.<\/p>\n<p><img decoding=\"async\" width=\"1024\" height=\"576\" loading=\"lazy\"  src=\"https:\/\/www.europesays.com\/uk\/wp-content\/uploads\/2025\/07\/Jordan-Pickford-1024x576.png\" alt=\"Jordan Pickford\" class=\"wp-image-128822\" \/>Pickford needs competition at Everton (Credit: Imago)<strong>Everton may increase their offer for Cooper to \u00a36million<\/strong><\/p>\n<p>Everton are believed to be willing <a href=\"https:\/\/www.goodisonnews.com\/2025\/07\/06\/everton-ready-to-spend-5m-plus-extras-to-sign-mike-cooper\/\" target=\"_blank\" rel=\"noopener\">to pay an initial \u00a35million for Cooper<\/a>, but that figure is seen as unsatisfactory by the Blades. <\/p>\n<p>The South Yorkshire outfit would require a higher offer before they become open to doing business, and that poses a big decision for the Toffees to make. <\/p>\n<\/p>\n<p>The Merseysiders must now assess whether they are willing to part with a fee higher than \u00a35m for a player who would likely spend most of his time on the bench, in the initial stages at least. <\/p>\n<p>Ex-Goodison scout Bryan King \u2013 speaking exclusively to <strong>Goodison News<\/strong> \u2013 believes the Toffees could be willing to increase their potential offering to \u00a36m to provide <a href=\"https:\/\/www.goodisonnews.com\/tag\/jordan-pickford\/\" target=\"_blank\" rel=\"noopener\">Pickford<\/a> with competition.<\/p>\n<p>\u201cI\u2019m not sure he (Cooper) is a long-term replacement,\u201d\u00a0King said.<\/p>\n<p>\u201cI would\u2019ve thought Everton would sign a more high-profile keeper to replace Pickford. However, Cooper sounds like he could be a solid number two, although Moyes won\u2019t want to pay more than \u00a35m for a number two.<\/p>\n<p>\u201cEverton need a second goalkeeper, and they might increase their offer to \u00a36m, but he\u2019s not an immediate replacement for Pickford. He\u2019ll give him competition. However, Pickford is the number one.\u201d<\/p>\n<p><img decoding=\"async\" width=\"1024\" height=\"576\" loading=\"lazy\"  src=\"https:\/\/www.europesays.com\/uk\/wp-content\/uploads\/2025\/07\/everton-david-moyes-2-3-1024x576.png\" alt=\"\" class=\"wp-image-149845\" \/>Moyes will be keen for Everton to sign a backup for Pickford (Credit: Imago)<strong>Cooper needs to play games to develop<\/strong><\/p>\n<p>The Toffees\u2019 desire <a href=\"https:\/\/www.goodisonnews.com\/2025\/06\/26\/everton-transfer-reality-emerges-amid-jordan-pickford-speculation-exclusive\/\" target=\"_blank\" rel=\"noopener\">to sign Cooper is no surprise<\/a>, as the gloveman has positioned himself as one of the Football League\u2019s brightest talents over the last few seasons. <\/p>\n<tr>\n<td>Clean Sheets<\/td>\n<td><strong>21<\/strong> (=2nd)<\/td>\n<\/tr>\n<tr>\n<td>Save Percentage<\/td>\n<td><strong>76.9%<\/strong> (2nd)<\/td>\n<\/tr>\n<tr>\n<td>Saves per 90<\/td>\n<td><strong>2.6<\/strong> (=9th)<\/td>\n<\/tr>\n<tr>\n<td>Goals Prevented<\/td>\n<td><strong>5.7<\/strong> (5th)<\/td>\n<\/tr>\n<tr>\n<td>Goals Conceded per 90<\/td>\n<td><strong>0.8<\/strong> (3rd)<\/td>\n<\/tr>\n<p>Cooper compared to Championship goalkeepers last season [<a href=\"https:\/\/www.fotmob.com\/en-GB\/players\/876161\/michael-cooper\" target=\"_blank\" rel=\"noreferrer noopener\">Fotmob<\/a>]<\/p>\n<p>He was undoubtedly one of the top \u2018keepers in the Championship again last term, but if he is to achieve the lofty expectations that have been set out for him, he will need to keep playing first-team football regularly. <\/p>\n<p>As a result, it is entirely possible that the former Plymouth Argyle man wouldn\u2019t be keen on the idea of a move to L5. <\/p>\n<p>He has all the ability to become a capable replacement for Pickford at club and potentially international level in the years to come, but for now, he is too far away from the Sunderland-born shotstopper to be able to genuinely threaten his place in the side. <\/p>\n<p>With that in mind, <a href=\"https:\/\/www.goodisonnews.com\/tag\/michael-cooper\/\" target=\"_blank\" rel=\"noopener\">Cooper<\/a> may prefer to take his first steps in the Premier League at a different club where he is guaranteed to start.<\/p>\n<p>Sign up for the <a href=\"https:\/\/www.whatsapp.com\/channel\/0029VaKfx7H1CYoPmWHDGQ15\" target=\"_blank\" rel=\"noreferrer noopener\">Goodison News WhatsApp channel<\/a> and turn on notifications to have all the latest, breaking Everton news sent straight to your phone.<\/p>\n<p>Related Posts<\/p>\n","protected":false},"excerpt":{"rendered":"(Credit: Imago) Thu 10 July 2025 17:40, UK Everton are expected to increase their offer for Sheffield United&hellip;\n","protected":false},"author":2,"featured_media":254872,"comment_status":"","ping_status":"","sticky":false,"template":"","format":"standard","meta":{"footnotes":""},"categories":[8817],"tags":[748,393,4884,56910,1620,16,15],"class_list":{"0":"post-254871","1":"post","2":"type-post","3":"status-publish","4":"format-standard","5":"has-post-thumbnail","7":"category-sheffield","8":"tag-britain","9":"tag-england","10":"tag-great-britain","11":"tag-michael-cooper","12":"tag-sheffield","13":"tag-uk","14":"tag-united-kingdom"},"share_on_mastodon":{"url":"https:\/\/pubeurope.com\/@uk\/114831867641319698","error":""},"_links":{"self":[{"href":"https:\/\/www.europesays.com\/uk\/wp-json\/wp\/v2\/posts\/254871","targetHints":{"allow":["GET"]}}],"collection":[{"href":"https:\/\/www.europesays.com\/uk\/wp-json\/wp\/v2\/posts"}],"about":[{"href":"https:\/\/www.europesays.com\/uk\/wp-json\/wp\/v2\/types\/post"}],"author":[{"embeddable":true,"href":"https:\/\/www.europesays.com\/uk\/wp-json\/wp\/v2\/users\/2"}],"replies":[{"embeddable":true,"href":"https:\/\/www.europesays.com\/uk\/wp-json\/wp\/v2\/comments?post=254871"}],"version-history":[{"count":0,"href":"https:\/\/www.europesays.com\/uk\/wp-json\/wp\/v2\/posts\/254871\/revisions"}],"wp:featuredmedia":[{"embeddable":true,"href":"https:\/\/www.europesays.com\/uk\/wp-json\/wp\/v2\/media\/254872"}],"wp:attachment":[{"href":"https:\/\/www.europesays.com\/uk\/wp-json\/wp\/v2\/media?parent=254871"}],"wp:term":[{"taxonomy":"category","embeddable":true,"href":"https:\/\/www.europesays.com\/uk\/wp-json\/wp\/v2\/categories?post=254871"},{"taxonomy":"post_tag","embeddable":true,"href":"https:\/\/www.europesays.com\/uk\/wp-json\/wp\/v2\/tags?post=254871"}],"curies":[{"name":"wp","href":"https:\/\/api.w.org\/{rel}","templated":true}]}}