{"id":254936,"date":"2025-07-11T01:28:11","date_gmt":"2025-07-11T01:28:11","guid":{"rendered":"https:\/\/www.europesays.com\/uk\/254936\/"},"modified":"2025-07-11T01:28:11","modified_gmt":"2025-07-11T01:28:11","slug":"micheal-ward-to-shoot-thriller-feature-in-wales","status":"publish","type":"post","link":"https:\/\/www.europesays.com\/uk\/254936\/","title":{"rendered":"Micheal Ward to shoot thriller feature in Wales"},"content":{"rendered":"<p>\t\t\t\t\t\t\t\t\t<img decoding=\"async\" src=\"https:\/\/www.europesays.com\/uk\/wp-content\/uploads\/2025\/07\/MixCollage-10-Jul-2025-09-36-AM-729-878x492.jpg\" class=\"hero-image post-img\" alt=\"Micheal Ward at the 2025 Cannes Film Festival, image by\u00a0Gabriel Hutchinson Photography\u00a0is licensed under\u00a0CC BY-SA 4.0.\"\/><br \/>\n\t\t\t\t\t\t\t\t\tMicheal Ward at the 2025 Cannes Film Festival, image by\u00a0Gabriel Hutchinson Photography\u00a0is licensed under\u00a0CC BY-SA 4.0.<\/p>\n<p>Production is underway in Wales on a new revenge thriller feature, Uncle<\/p>\n<p style=\"font-size:16px\">Joe Marcantonio is in the <a href=\"https:\/\/www.theknowledgeonline.com\/listing-category\/directors-film-television?keyword_search=directors%20&amp;location_search=\" target=\"_blank\" rel=\"noreferrer noopener\">director\u2019s chair<\/a>, guiding a cast that includes Morfydd Clark and Micheal Ward\u00a0<a href=\"https:\/\/www.theknowledgeonline.com\/listings?keyword_search=&amp;action=listeo_get_listings&amp;location_search=wales\" target=\"_blank\" rel=\"noreferrer noopener\">in Wales<\/a>\u00a0for his upcoming thriller feature.<\/p>\n<p style=\"font-size:16px\"><a href=\"https:\/\/www.theknowledgeonline.com\/listing-category\/screen-scriptwriters?keyword_search=screenwriters%20&amp;location_search=\" target=\"_blank\" rel=\"noreferrer noopener\">Co-written<\/a> by Marcantonio and Owynne Dawkins, Uncle tells the story of a teenage girl and her uncle who embark on a brutal mission of revenge and retribution following the murder of their family.<\/p>\n<p style=\"font-size:16px\">Filming will take place in various locations <a href=\"https:\/\/www.theknowledgeonline.com\/news\/netflix-production-in-wales-generates-200m\" target=\"_blank\" rel=\"noreferrer noopener\">across Wales<\/a>, with the project being produced by Rebecca Knapp and Matthew Wakeham of Auroral Pictures. The film has received backing from Ffilm Cymru Wales and the Welsh government through <a href=\"https:\/\/www.creative.wales\/\" target=\"_blank\" rel=\"noreferrer noopener\">Creative Wales<\/a>.<\/p>\n<p style=\"font-size:16px\">Ward, known for his performances in Empire of Light and Top Boy, has taken on a role that was originally intended for Sope D\u00ecr\u00eds\u00f9. Clark recently completed filming for The Lord of the Rings: The Rings of Power 3 in the UK.<\/p>\n<p>Image: Micheal Ward at the 2025 Cannes Film Festival image by\u00a0Gabriel Hutchinson Photography\u00a0is licensed under\u00a0<a href=\"https:\/\/openverse.org\/image\/f21db109-fc63-4107-82ad-1819ff0cf386?q=Micheal+Ward&amp;p=4\" target=\"_blank\" rel=\"noreferrer noopener\">CC BY-SA 4.0.<\/a><\/p>\n","protected":false},"excerpt":{"rendered":"Micheal Ward at the 2025 Cannes Film Festival, image by\u00a0Gabriel Hutchinson Photography\u00a0is licensed under\u00a0CC BY-SA 4.0. Production is&hellip;\n","protected":false},"author":2,"featured_media":254937,"comment_status":"","ping_status":"","sticky":false,"template":"","format":"standard","meta":{"footnotes":""},"categories":[5010],"tags":[748,4884,16,15,1764],"class_list":{"0":"post-254936","1":"post","2":"type-post","3":"status-publish","4":"format-standard","5":"has-post-thumbnail","7":"category-wales","8":"tag-britain","9":"tag-great-britain","10":"tag-uk","11":"tag-united-kingdom","12":"tag-wales"},"share_on_mastodon":{"url":"https:\/\/pubeurope.com\/@uk\/114832009165601607","error":""},"_links":{"self":[{"href":"https:\/\/www.europesays.com\/uk\/wp-json\/wp\/v2\/posts\/254936","targetHints":{"allow":["GET"]}}],"collection":[{"href":"https:\/\/www.europesays.com\/uk\/wp-json\/wp\/v2\/posts"}],"about":[{"href":"https:\/\/www.europesays.com\/uk\/wp-json\/wp\/v2\/types\/post"}],"author":[{"embeddable":true,"href":"https:\/\/www.europesays.com\/uk\/wp-json\/wp\/v2\/users\/2"}],"replies":[{"embeddable":true,"href":"https:\/\/www.europesays.com\/uk\/wp-json\/wp\/v2\/comments?post=254936"}],"version-history":[{"count":0,"href":"https:\/\/www.europesays.com\/uk\/wp-json\/wp\/v2\/posts\/254936\/revisions"}],"wp:featuredmedia":[{"embeddable":true,"href":"https:\/\/www.europesays.com\/uk\/wp-json\/wp\/v2\/media\/254937"}],"wp:attachment":[{"href":"https:\/\/www.europesays.com\/uk\/wp-json\/wp\/v2\/media?parent=254936"}],"wp:term":[{"taxonomy":"category","embeddable":true,"href":"https:\/\/www.europesays.com\/uk\/wp-json\/wp\/v2\/categories?post=254936"},{"taxonomy":"post_tag","embeddable":true,"href":"https:\/\/www.europesays.com\/uk\/wp-json\/wp\/v2\/tags?post=254936"}],"curies":[{"name":"wp","href":"https:\/\/api.w.org\/{rel}","templated":true}]}}