{"id":255967,"date":"2025-07-11T10:45:20","date_gmt":"2025-07-11T10:45:20","guid":{"rendered":"https:\/\/www.europesays.com\/uk\/255967\/"},"modified":"2025-07-11T10:45:20","modified_gmt":"2025-07-11T10:45:20","slug":"where-once-we-were-at-the-top-of-the-heap-were-not-anymore-can-ineos-grenadiers-survive-another-tour-de-france-flop","status":"publish","type":"post","link":"https:\/\/www.europesays.com\/uk\/255967\/","title":{"rendered":"&#8216;Where once we were at the top of the heap, we\u2019re not anymore&#8217; \u2013 Can Ineos Grenadiers survive another Tour de France flop?"},"content":{"rendered":"<p><strong>This feature originally appeared in the print edition of Cycling Weekly, on sale in newsagents and supermarkets, priced \u00a33.35. You can subscribe through <\/strong><a data-analytics-id=\"inline-link\" href=\"https:\/\/www.awin1.com\/awclick.php?awinmid=2961&amp;awinaffid=103504&amp;clickref=cyclingweekly-gb-1385210594807553122&amp;p=https%3A%2F%2Fwww.magazinesdirect.com%2Faz-magazines%2F34206751%2Fcycling-weekly-subscription.thtml\" target=\"_blank\" rel=\"sponsored noopener\" data-url=\"https:\/\/www.awin1.com\/awclick.php?awinmid=2961&amp;awinaffid=103504&amp;clickref=cyclingweekly-gb-1385210594807553122&amp;p=https%3A%2F%2Fwww.magazinesdirect.com%2Faz-magazines%2F34206751%2Fcycling-weekly-subscription.thtml\" referrerpolicy=\"no-referrer-when-downgrade\" data-hl-processed=\"none\"><strong>this link here<\/strong><\/a><strong>.<\/strong><\/p>\n<p>Another year, same recurring question. Only this time it feels urgent to the point of being potentially fatal: can <a data-analytics-id=\"inline-link\" href=\"https:\/\/www.cyclingweekly.com\/tag\/ineos-grenadiers\" data-before-rewrite-localise=\"https:\/\/www.cyclingweekly.com\/tag\/ineos-grenadiers\" target=\"_blank\" rel=\"noopener\">Ineos Grenadiers<\/a>, in a more delicate position than ever before in their 16-year history, survive another bad showing at the <a data-analytics-id=\"inline-link\" href=\"https:\/\/www.cyclingweekly.com\/racing\/tour-de-france\" data-before-rewrite-localise=\"https:\/\/www.cyclingweekly.com\/racing\/tour-de-france\" target=\"_blank\" rel=\"noopener\">Tour de France<\/a>?<\/p>\n<p class=\"paywall\" aria-hidden=\"true\">The story is by now familiar to everyone: across eight years, Ineos Grenadiers \u2013 previously Team Sky \u2013 won seven yellow jerseys with four different riders, taking 15 stages along the way. Their Grand Tour dominance was cemented further with overall victories at the <a data-analytics-id=\"inline-link\" href=\"https:\/\/www.cyclingweekly.com\/racing\/vuelta-a-espana\" data-before-rewrite-localise=\"https:\/\/www.cyclingweekly.com\/racing\/vuelta-a-espana\" target=\"_blank\" rel=\"noopener\">Vuelta a Espa\u00f1a<\/a> and the <a data-analytics-id=\"inline-link\" href=\"https:\/\/www.cyclingweekly.com\/racing\/giro-ditalia\" data-before-rewrite-localise=\"https:\/\/www.cyclingweekly.com\/racing\/giro-ditalia\" target=\"_blank\" rel=\"noopener\">Giro d\u2019Italia<\/a>. Yet, while they\u2019ve twice finished third in the following five editions of the Tour, they haven\u2019t seriously challenged for the top spot since Egan Bernal\u2019s win in 2019. There is no shame in that, you might argue, given that no one aside from Primo\u017e Rogli\u010d (in 2020) has given Tadej Poga\u010dar and Jonas Vingegaard a serious run for their money over that period \u2013 and that only Remco Evenepoel, if anyone, looks capable of doing so in forthcoming years. But Ineos are not just any team.<\/p>\n<p>You may like<\/p>\n<p class=\"paywall\" aria-hidden=\"true\">Britain\u2019s only WorldTour outfit are the second richest cycling team in the world, bankrolled to the tune of more than \u20ac50m by one of Britain\u2019s richest men, Jim Ratcliffe, and their core objective is to win Grand Tours \u2013 principally the Tour de France. Slight problem, then, when the only other three-week races they\u2019ve won this decade were the 2020 and 2021 Giro d\u2019Italia. That\u2019s a four-year barren spell, with no glory from 12 Grand Tours.<\/p>\n<p class=\"paywall\" aria-hidden=\"true\">The team\u2019s main GC rider for almost a decade, Geraint Thomas, is retiring at the end of the season; their brightest young hope Carlos Rodr\u00edguez is currently off the pace \u2013 at the time of writing, he is already 1.20 astray after just two stages; and after pursuing Evenepoel for several years,<a data-analytics-id=\"inline-link\" href=\"https:\/\/www.cyclingweekly.com\/racing\/well-talk-after-the-tour-de-france-soudal-quick-step-address-remco-evenepoel-transfer-rumours\" data-before-rewrite-localise=\"https:\/\/www.cyclingweekly.com\/racing\/well-talk-after-the-tour-de-france-soudal-quick-step-address-remco-evenepoel-transfer-rumours\" target=\"_blank\" rel=\"noopener\"> he now appears destined for Red Bull-Bora-Hansgrohe<\/a>.<\/p>\n<p class=\"paywall\" aria-hidden=\"true\">This year&#8217;s race got off to a bad start when the team\u2019s main prospect for TT stage wins, <a data-analytics-id=\"inline-link\" href=\"https:\/\/www.cyclingweekly.com\/racing\/filippo-ganna-abandons-tour-de-france-after-stage-one-crash\" data-before-rewrite-localise=\"https:\/\/www.cyclingweekly.com\/racing\/filippo-ganna-abandons-tour-de-france-after-stage-one-crash\" target=\"_blank\" rel=\"noopener\">Filippo Ganna, crashed heavily<\/a> and subsequently abandoned. Previously they\u2019d have looked to Tom Pidcock for a stage win, but he left in a rage last winter.<\/p>\n<p class=\"paywall\" aria-hidden=\"true\">Yes, Ineos have raced more positively, aggressively and entertainingly this season \u2013 just as they promised they would \u2013 and they\u2019ve already passed last season\u2019s paltry win tally of 14 (albeit eight of their 19 victories in 2025 have been national championship titles) but the stark reality is they\u2019ve no one capable of winning a Grand Tour any time soon. In the past, Ineos were willing to solve problems with money, but Ratcliffe has closed off the possibility of opening the cash taps any wider.<\/p>\n<p class=\"newsletter-form__strapline\">The latest race content, interviews, features, reviews and expert buying guides, direct to your inbox!<\/p>\n<p class=\"paywall\" aria-hidden=\"true\"><a data-analytics-id=\"inline-link\" href=\"https:\/\/www.cyclingweekly.com\/racing\/totalenergies-to-become-ineos-grenadiers-jersey-partner-from-tour-de-france\" data-before-rewrite-localise=\"https:\/\/www.cyclingweekly.com\/racing\/totalenergies-to-become-ineos-grenadiers-jersey-partner-from-tour-de-france\" target=\"_blank\" rel=\"noopener\">Total Energies was unveiled as a secondary sponsor<\/a> just before the Tour, with a new jersey drawing social media scorn for its apparently hasty logo integration. Also announced shortly before the start was <a data-analytics-id=\"inline-link\" href=\"https:\/\/www.cyclingweekly.com\/racing\/not-so-secret-weapon-dave-brailsford-welcomed-back-to-ineos-grenadiers-with-open-arms-for-tour-de-france\" data-before-rewrite-localise=\"https:\/\/www.cyclingweekly.com\/racing\/not-so-secret-weapon-dave-brailsford-welcomed-back-to-ineos-grenadiers-with-open-arms-for-tour-de-france\" target=\"_blank\" rel=\"noopener\">the return of Dave Brailsford<\/a> into team management. The longer the team go without Grand Tour wins, the bleaker their outlook appears to be, even with Brailsford \u2013 the man who engineered so much success \u2013 back in the hotseat. Can Britain\u2019s super-squad afford to plod through another lap of France? And what effect might that have on both their own long-term future and that of British cycling?<\/p>\n<p class=\"paywall\" aria-hidden=\"true\">\u201cI like to think that from 2010 we\u2019ve earned the right to be called a super-team, [but] it\u2019s a super-team that needs to win more,\u201d the team\u2019s CEO John Allert admitted on the eve of the race.<\/p>\n<p class=\"vanilla-image-block\" style=\"padding-top:66.70%;\"><img decoding=\"async\" src=\"https:\/\/www.europesays.com\/uk\/wp-content\/uploads\/2025\/07\/By5sPY8U3xEZpkkfu2GR5W.jpg\" alt=\"Tom Pidcock Liege Bastogne Liege\"   loading=\"lazy\" data-original-mos=\"https:\/\/www.europesays.com\/uk\/wp-content\/uploads\/2025\/07\/By5sPY8U3xEZpkkfu2GR5W.jpg\" data-pin-media=\"https:\/\/www.europesays.com\/uk\/wp-content\/uploads\/2025\/07\/By5sPY8U3xEZpkkfu2GR5W.jpg\"\/><\/p>\n<p>(Image credit: Getty Images)<\/p>\n<p>Trouble behind the scenes<\/p>\n<p class=\"paywall\" aria-hidden=\"true\">It\u2019s not just that Ineos have failed to match the dominance of UAE Team Emirates-XRG and Visma-Lease a Bike in recent years; behind-the-scenes unrest has also painted the picture of a team, if not in meltdown, then certainly struggling to maintain cohesion. Issues with management have been the principal bugbear. Former chief Brailsford began moving away from cycling in 2021 to focus on Ineos\u2019s wider sporting interests \u2013 namely Manchester United.<\/p>\n<p class=\"paywall\" aria-hidden=\"true\">His longtime ally <a data-analytics-id=\"inline-link\" href=\"https:\/\/www.cyclingweekly.com\/news\/sir-dave-brailsford-to-leave-ineos-grenadiers-as-rod-ellingworth-to-take-over-team-according-to-report\" data-before-rewrite-localise=\"https:\/\/www.cyclingweekly.com\/news\/sir-dave-brailsford-to-leave-ineos-grenadiers-as-rod-ellingworth-to-take-over-team-according-to-report\" target=\"_blank\" rel=\"noopener\">Rod Ellingworth took over<\/a>, but not for long, departing after two seasons. Sources told CW that Ellingworth became frustrated by the many layers of approval required to make decisions \u2013 including from Ratcliffe himself, who insists on having the final say on all transfers. One source complained that \u201cIneos men sleep too much,\u201d referring to the constant delays. Ellingworth was replaced by Australian John Allert, with Scott Drawer returning as performance manager. Geraint Thomas, in his characteristically candid style, described the set-up as a \u201ccoalition government\u201d during last year\u2019s Tour \u2013 hinting at strained internal politics.<\/p>\n<p class=\"paywall\" aria-hidden=\"true\">Through multiple reports, leaks and rumours, a pattern has emerged of riders growing unhappy with the apparently inflexible, restrictive nature of the Ineos regime. <a data-analytics-id=\"inline-link\" href=\"https:\/\/www.cyclingweekly.com\/racing\/tom-pidcock-signs-for-q36-5-pro-cycling-after-ineos-grenadiers-departure\" data-before-rewrite-localise=\"https:\/\/www.cyclingweekly.com\/racing\/tom-pidcock-signs-for-q36-5-pro-cycling-after-ineos-grenadiers-departure\" target=\"_blank\" rel=\"noopener\">Tom Pidcock, who has seemed reenergised since his move to Q365<\/a>, said earlier this year that \u201cthings were just not going how it was originally envisaged at Ineos, how I imagined it.\u201d He added: \u201cI signed my contract with different people who run the team now and that did create some difficulties.\u201d He has since added that he wasn\u2019t happy at any point last season. Fellow Brit and one-time big race hope <a data-analytics-id=\"inline-link\" href=\"https:\/\/www.cyclingweekly.com\/news\/21-things-you-didnt-know-about-ethan-hayter\" data-before-rewrite-localise=\"https:\/\/www.cyclingweekly.com\/news\/21-things-you-didnt-know-about-ethan-hayter\" target=\"_blank\" rel=\"noopener\">Ethan Hayter<\/a> expressed similar sentiments when he moved to Soudal Quick-Step at the end of last season. \u201cWhen you run a cycling team like a business, the riders and staff lose their passion,\u201d he said. \u201cThat was the case at Ineos in recent years \u2013 racing felt more and more like a job.\u201d<\/p>\n<p class=\"paywall\" aria-hidden=\"true\">Recently, Ineos have begun to address the criticism. Brailsford will be with the team for at least some of year\u2019s Tour as he prepares to return as full-time leader. \u201cWe want to win the Tour, but there\u2019s no point just saying [that]. You\u2019ve got to do something about it. That\u2019s why it\u2019s great to welcome Dave back into the fold,\u201d said Zak Dempster, the team\u2019s lead DS at the Tour. \u201cDave loves a performance challenge and this is the biggest&#8230; [He] and everyone at Ineos all want to win the Tour, but we\u2019ve got to do more than we\u2019re doing to get better than the people that are dominating at the moment.\u201d<\/p>\n<p class=\"paywall\" aria-hidden=\"true\">Thomas is also primed for a management position, which in Pidcock\u2019s view at least, would be a huge step forward. \u201cG says things how they are \u2013 he won\u2019t beat around the bush,\u201d the 25-year-old told CW recently. \u201cThat\u2019s what they need: someone straight-talking \u2013 it\u2019s what they miss at the top. It\u2019s more the political stuff up above \u2013 people just need to be told things straight.\u201d<\/p>\n<p class=\"vanilla-image-block\" style=\"padding-top:69.57%;\"><img decoding=\"async\" src=\"https:\/\/www.europesays.com\/uk\/wp-content\/uploads\/2025\/07\/M4QdL3387tUsaeb4ozKgLX.jpg\" alt=\"Sam Watson at the head of the group, speaking to team-mate Connor Swift\"   loading=\"lazy\" data-original-mos=\"https:\/\/www.europesays.com\/uk\/wp-content\/uploads\/2025\/07\/M4QdL3387tUsaeb4ozKgLX.jpg\" data-pin-media=\"https:\/\/www.europesays.com\/uk\/wp-content\/uploads\/2025\/07\/M4QdL3387tUsaeb4ozKgLX.jpg\"\/><\/p>\n<p>Late call-up Sam Watson (right) made a strong debut on stage one, finishing 10th<\/p>\n<p>(Image credit: Getty Images)<\/p>\n<p class=\"paywall\" aria-hidden=\"true\">Under what guise the team will exist next season, however, is currently unknown. Ratcliffe has been pulling back from a number of his sporting investments recently, but it is understood that he remains committed to funding the cycling team \u2013 even if he rarely attends races or training camps. In the longer-term, though, he wants financial support, and it appears to be on the way.<\/p>\n<p class=\"paywall\" aria-hidden=\"true\">The <a data-analytics-id=\"inline-link\" href=\"https:\/\/www.cyclingweekly.com\/racing\/ineos-grenadiers-close-to-multimillion-deal-with-totalenergies-reports\" data-before-rewrite-localise=\"https:\/\/www.cyclingweekly.com\/racing\/ineos-grenadiers-close-to-multimillion-deal-with-totalenergies-reports\" target=\"_blank\" rel=\"noopener\">planned co-title-sponsor deal with TotalEnergies<\/a> \u2013 the petrochemical company having multiple existing business links with Ineos \u2013 is still being worked through, though the new jersey suggests the financial contribution is already significant. Publicly at least, Ineos insist that they remain in the market for extra funds. \u201cWe\u2019ve got all sorts of discussions going on, and we haven\u2019t finished those discussions,\u201d Allert said, hinting at more money becoming available to the team.<\/p>\n<p class=\"paywall\" aria-hidden=\"true\">What the team would do with such a cash injection is clear: try to sign a latent GC superstar \u2013 though it is unclear who that would be, with Evenepoel out of the equation. For now, the search continues \u2013 and the wait has to go on.<\/p>\n<p>What can they salvage? <\/p>\n<p class=\"paywall\" aria-hidden=\"true\">In the here and now, what does success constitute for Ineos at this year\u2019s Tour? A podium on GC, or several stage wins? \u201cLike most teams, we exist for the Tour de France,\u201d said Dempster. \u201cIt\u2019s the biggest race of the year, and the feeling of winning a stage and the momentum through the race, that\u2019s what we do it for. Winning stages is going to be really important, but I think we need to be realistic on GC, and brave and bold and move the race where we can, and hopefully take time in creative ways.\u201d He seemed to be managing expectations. \u201cIt\u2019s no secret that [head-to-head] there are guys who are stronger than us. That\u2019s the reality, but at the same time, if we\u2019re smart and bold, nothing is out of the question on GC.\u201d<\/p>\n<p class=\"paywall\" aria-hidden=\"true\">The team\u2019s dreams of Tour GC success for Thomas, Rodr\u00edguez or Thymen Arensman are already fading, with Connor Swift and Axel Laurence the only other two with an outside chance of taking a stage win. \u201cCarlos is our main man and we\u2019ll see what he can do and how far he can hang in there,\u201d Thomas said just as the race got underway. \u201cThe last couple of years have been more about [targeting] stages, but that\u2019s exciting \u2013 we can go at it a bit more, but not go too crazy for the sake of it.\u201d<\/p>\n<p class=\"paywall\" aria-hidden=\"true\">Recently-crowned British champion Sam Watson was drafted into the team at the last minute, an unexpected late call-up which underlines the team\u2019s lack of a guaranteed line-up; in their peak years, their eight-man squad could have been predicted months in advance, but that\u2019s no longer the case for a team in a state of flux.<\/p>\n<p class=\"paywall\" aria-hidden=\"true\">The importance of a successful Tour de France cannot be overstated for any team. CW has seen a leaked document from a rival WorldTour team that outlines just how much of an outsized role the Tour has on media exposure and sponsorship awareness. The independent report, commissioned by said team, highlights how the Tour receives over three times more media coverage than the Giro d\u2019Italia, and over four times more than the Vuelta a Espa\u00f1a. Other races barely register interest.<\/p>\n<p class=\"paywall\" aria-hidden=\"true\">Sponsors get 2.5 times more exposure from the Tour than the Giro and Vuelta, and exposure from the biggest one-day Monuments, Tour of Flanders and Paris-Roubaix, is minuscule by comparison. In other words: far more eyes are focused on the sport in July than at any other time, and failure to produce victories during the 21 stages can harm a team\u2019s search for additional funding, as well as the obvious impact it has on how prospective riders view joining said team.<\/p>\n<p class=\"vanilla-image-block\" style=\"padding-top:66.68%;\"><img decoding=\"async\" src=\"https:\/\/www.europesays.com\/uk\/wp-content\/uploads\/2025\/07\/W69rtDbaV8vN59Thbfr4Sa.jpg\" alt=\"Ineos Grenadiers riders after stage 3 of Tour de France 2025\"   loading=\"lazy\" data-original-mos=\"https:\/\/www.europesays.com\/uk\/wp-content\/uploads\/2025\/07\/W69rtDbaV8vN59Thbfr4Sa.jpg\" data-pin-media=\"https:\/\/www.europesays.com\/uk\/wp-content\/uploads\/2025\/07\/W69rtDbaV8vN59Thbfr4Sa.jpg\"\/><\/p>\n<p>Ineos Grenadiers riders following stage <\/p>\n<p>(Image credit: Getty Images)<\/p>\n<p>The longer-term outlook<\/p>\n<p class=\"paywall\" aria-hidden=\"true\">The other question to ask about Ineos is how its demise affects British cycling. The domestic racing scene has been decimated in recent years, and Ineos are the only British men\u2019s UCI-registered team. It\u2019s difficult to give a definitive answer as to how important the team\u2019s success and continued presence in the peloton are to the sport in the UK, but it is certain that the success of Team Sky inspired the likes of Pidcock, Hayter and new national champion Sam Watson.<\/p>\n<p class=\"paywall\" aria-hidden=\"true\">Part of the team\u2019s initial focus upon launch in 2010 was to act as a pathway for British talent, and over the course of their first decade around a third of riders were British. That number has sharply dropped to six in 2025 \u2013 the lowest ever \u2013 while the team has missed out on British talent like Matthew Brennan, Oscar Onley and Max Poole. \u201cOne of the core parts of the team\u2019s original identity was that it would be a home for British riders, but that seems to have gone,\u201d one source bemoaned.<\/p>\n<p class=\"paywall\" aria-hidden=\"true\">It is not all doom and gloom, of course. Ineos still possess several big race winners, and in Ganna and Josh Tarling they have arguably two of the best time triallists in the world; possible future signing Evenepoel is the other one. What\u2019s more, the team isn\u2019t hiding behind their issues: they know they have to step up. \u201cWhere once we were at the top of the heap, we\u2019re not anymore,\u201d admitted Allert. \u201cIt\u2019s not just about money \u2013 it\u2019s also about competence, strategy, resources and hard work.\u201d Brailsford, going by his track record, should address all four of those points. That\u2019s the hope, anyway.<\/p>\n<p class=\"paywall\" aria-hidden=\"true\">It\u2019s worth adding too that the team has survived all the malpractice allegations of the late 2010s \u2013 their doctor Richard Freeman being struck off; the infamous jiffy bag accusations; and more \u2013 without their branding and appeal being significantly harmed, suggesting they can weather any storm. Even one as dark as this.<\/p>\n<p class=\"paywall\" aria-hidden=\"true\">Thomas in a management role guiding a bright new GC prot\u00e9g\u00e9 is an enticing prospect, but as things stand the British team remain a long way from their glory days. What, if anything, can they do to turn things around?<\/p>\n<p>The Ineos drought in numbers<\/p>\n<p class=\"paywall\" aria-hidden=\"true\"><strong>4:<\/strong> Riders from Team Sky\/Ineos Grenadiers won the Tour de France from 2012 to 2019.<\/p>\n<p class=\"paywall\" aria-hidden=\"true\"><strong>7:<\/strong> Tour stage wins by Chris Froome between 2012 and 2016 \u2013 the most of any rider from the team.<\/p>\n<p class=\"paywall\" aria-hidden=\"true\"><strong>5:<\/strong> British Tour stage winners from Sky\/Ineos.<\/p>\n<p class=\"paywall\" aria-hidden=\"true\"><strong>0: <\/strong>Number of GC wins by Ineos from the 12 Grand Tours leading up to this year\u2019s Tour.<\/p>\n<p class=\"paywall\" aria-hidden=\"true\"><strong>5: <\/strong>Number of Tours de France, out of the previous 15, at which Sky\/Ineos have not won a stage.<\/p>\n<p class=\"paywall\" aria-hidden=\"true\"><strong>7 minutes: <\/strong>The time gap that both Richard Carapaz (third in 2021) and Geraint Thomas (third in 2022) were adrift from the winner.<\/p>\n<p class=\"paywall\" aria-hidden=\"true\"><strong>3:<\/strong> GC victories from 28 \u2018Big Seven\u2019 one-week stage races since 2022.<\/p>\n<p class=\"paywall\" aria-hidden=\"true\"><strong>6: <\/strong>British riders on the team in 2025 \u2013 the fewest ever.<\/p>\n<p class=\"paywall\" aria-hidden=\"true\"><strong>\u20ac50m:<\/strong> Reported amount Jim Ratcliffe invests into Ineos Grenadiers annually.<\/p>\n","protected":false},"excerpt":{"rendered":"This feature originally appeared in the print edition of Cycling Weekly, on sale in newsagents and supermarkets, priced&hellip;\n","protected":false},"author":2,"featured_media":255968,"comment_status":"","ping_status":"","sticky":false,"template":"","format":"standard","meta":{"footnotes":""},"categories":[4104],"tags":[4230,79,16,15],"class_list":{"0":"post-255967","1":"post","2":"type-post","3":"status-publish","4":"format-standard","5":"has-post-thumbnail","7":"category-cycling","8":"tag-cycling","9":"tag-sports","10":"tag-uk","11":"tag-united-kingdom"},"share_on_mastodon":{"url":"https:\/\/pubeurope.com\/@uk\/114834199469082282","error":""},"_links":{"self":[{"href":"https:\/\/www.europesays.com\/uk\/wp-json\/wp\/v2\/posts\/255967","targetHints":{"allow":["GET"]}}],"collection":[{"href":"https:\/\/www.europesays.com\/uk\/wp-json\/wp\/v2\/posts"}],"about":[{"href":"https:\/\/www.europesays.com\/uk\/wp-json\/wp\/v2\/types\/post"}],"author":[{"embeddable":true,"href":"https:\/\/www.europesays.com\/uk\/wp-json\/wp\/v2\/users\/2"}],"replies":[{"embeddable":true,"href":"https:\/\/www.europesays.com\/uk\/wp-json\/wp\/v2\/comments?post=255967"}],"version-history":[{"count":0,"href":"https:\/\/www.europesays.com\/uk\/wp-json\/wp\/v2\/posts\/255967\/revisions"}],"wp:featuredmedia":[{"embeddable":true,"href":"https:\/\/www.europesays.com\/uk\/wp-json\/wp\/v2\/media\/255968"}],"wp:attachment":[{"href":"https:\/\/www.europesays.com\/uk\/wp-json\/wp\/v2\/media?parent=255967"}],"wp:term":[{"taxonomy":"category","embeddable":true,"href":"https:\/\/www.europesays.com\/uk\/wp-json\/wp\/v2\/categories?post=255967"},{"taxonomy":"post_tag","embeddable":true,"href":"https:\/\/www.europesays.com\/uk\/wp-json\/wp\/v2\/tags?post=255967"}],"curies":[{"name":"wp","href":"https:\/\/api.w.org\/{rel}","templated":true}]}}