{"id":256125,"date":"2025-07-11T12:08:11","date_gmt":"2025-07-11T12:08:11","guid":{"rendered":"https:\/\/www.europesays.com\/uk\/256125\/"},"modified":"2025-07-11T12:08:11","modified_gmt":"2025-07-11T12:08:11","slug":"perrins-yes-please-pay-me-to-live-on-an-island","status":"publish","type":"post","link":"https:\/\/www.europesays.com\/uk\/256125\/","title":{"rendered":"PERRINS: Yes please, pay me to live on an island"},"content":{"rendered":"<p style=\"font-weight: 400;\"><strong>I was watching the Wimbledon there the other day (I was lucky enough to attend in person last Saturday) and I overheard the commentator say that some female tennis player had \u2018taken a year out for her mental health.\u2019<\/strong> I stopped dead in my tracks. What\u2019s that now?<\/p>\n<p style=\"font-weight: 400;\">I have heard this a few times in the women\u2019s game. They are all\u00a0taking time out for their mental health.\u00a0Naomi Osaka said on the front of\u00a0<a href=\"https:\/\/time.com\/6077128\/naomi-osaka-essay-tokyo-olympics\/\" data-saferedirecturl=\"https:\/\/www.google.com\/url?q=https:\/\/time.com\/6077128\/naomi-osaka-essay-tokyo-olympics\/&amp;source=gmail&amp;ust=1752308742574000&amp;usg=AOvVaw0zabasUPi0bO7t92Qea8DT\" target=\"_blank\" rel=\"noopener\">Time<\/a>\u00a0magazine informing us that \u201cIt\u2019s OK not to be OK.\u2019 Quite the wordsmith she is.<\/p>\n<p style=\"font-weight: 400;\">The great gymnast Simone Biles, sparked a global conversation around mental health in sports when she chose to withdraw from the women\u2019s team final at the Olympic Games Tokyo 2020 and four subsequent individual finals to\u00a0prioritise her mental health\u00a0as she dealt with the now-infamous \u2018twisties.\u2019<\/p>\n<p style=\"font-weight: 400;\">There is a lot of this mental health stuff about. And who am I to judge these fantastic female athletes who devoted their lives to sporting perfection? I\u2019m not judging them. But I would like to join them.<\/p>\n<p style=\"font-weight: 400;\">Returning to the tennis scene when I heard this comment I said out loud for the children to hear \u2013 a year out for mental health? I\u2019d like a year out for my mental health. Let someone else do the cooking, cleaning, laundry and all the rest of it. That\u2019s what I\u2019m going to do, I told them.<\/p>\n<p style=\"font-weight: 400;\">This provoked laughter whereupon Annabelle (my eldest) gave some commentary on the excellence of my laundry skills, the brilliance of my cooking abilities and all round ruthlessness of my organisational tactics. You know, I think there might have been a mocking tone in there. I did not care for it, dear reader.<\/p>\n<p style=\"font-weight: 400;\">Anyway, they\u2019ll be laughing on the other side of their faces when they wake up and are told by their father that in fact, mother has gone off to Clare Island with \u2013 get this now \u2013 Eighty Thousand Euros of government money to do up a cottage. In fact, I\u2019ll just get someone else to do up the cottage and have my mental health break when it is ready for me. Then the family might learn the settings on the washing machine.<\/p>\n<p style=\"font-weight: 400;\">The Irish Times\u00a0<a href=\"https:\/\/www.irishtimes.com\/your-money\/2025\/07\/09\/a-better-way-of-life-what-you-need-to-know-about-moving-to-an-island\/\" data-saferedirecturl=\"https:\/\/www.google.com\/url?q=https:\/\/www.irishtimes.com\/your-money\/2025\/07\/09\/a-better-way-of-life-what-you-need-to-know-about-moving-to-an-island\/&amp;source=gmail&amp;ust=1752308742574000&amp;usg=AOvVaw0lu4Ji0ObvL4hjpOeJ7-Lx\" target=\"_blank\" rel=\"noopener\">reported:<\/a><\/p>\n<blockquote>\n<p style=\"font-weight: 400;\">\u2018The Our Living Islands scheme offers a supersized grant to renovate a home on an Irish island. The Living Islands scheme offers a topped-up grant for properties on 23 of them, including some of the most habitable and picturesque.<\/p>\n<p style=\"font-weight: 400;\">These include: \u00c1rainn Mh\u00f3r, Toraigh, Inis Me\u00e1in and Uaigh Island in Co Donegal; Clare Island, Inishturk and Inishlyre in Co Mayo; Inishbofin, Inis M\u00f3r, Inis Me\u00e1in and Inis O\u00edrr in Co Galway; and Bere, Heir and Sherkin Islands in Co Cork.<\/p>\n<p style=\"font-weight: 400;\">Applicants must own the property or be in the process of buying it. They must plan to live in the property as their principal private residence when the work is completed or make it available for rent.<\/p>\n<\/blockquote>\n<p style=\"font-weight: 400;\">I\u2019m not that fussed on which island to escape to. Whatever is the least rainy. I\u2019ll have my mental health sabbatical there for a year and then rent it out to the next hard pressed mother who also needs a \u2018break for her mental health.\u2019<\/p>\n<p style=\"font-weight: 400;\">I am not too worried about the details right now \u2013 please don\u2019t bother me with details \u2013 just get me to the island. This scheme was also reported in the Daily Mail so there is a chance you could end up on your island with a few Daily Mail readers from something \u2013 shire. That is fine by me.<\/p>\n<p style=\"font-weight: 400;\">This all fulfils my fantasy I told you about in the Anne Tyler book, Ladder of Years. In that book mother and wife Delia Grinstead went for a walk on a beach and kept walking. Then she walked some more. She didn\u2019t look back until she reached some little town. Don\u2019t worry, eventually she informed her family who visited her, while she had her own mental health sabbatical. I\u2019m not a monster.<\/p>\n<p style=\"font-weight: 400;\">What really appealed to me about this book, and about the island living to be honest, is that lack of stuff. Delia rented herself a small little room that had hardly\u00a0anything\u00a0in it. the beautiful simplicity of that. I do actually love my family but now and again I could do without the stuff. We are not big spenders here but there is just so much of it. Hardly any of it is mine but I feel it pulling me down.<\/p>\n<p style=\"font-weight: 400;\">I could easily live in some small cottage that had underfloor heating on a beautiful island with my books (granted there are a lot of those), my piano or my daughter\u2019s keyboard, my clothes and my laptop. I assume there is 5G on these islands \u2013 I\u2019m not going unless there is 5G. And a coffee machine, I demand a coffee machine. That\u2019s all I really need. The family can visit, don\u2019t get me wrong. As I said \u2013 I\u2019m not a monster. All I\u2019m asking for is a year.<\/p>\n<p style=\"font-weight: 400;\">I do have one concern about \u2018my mental health sabbatical\u2019 and that\u2019s the weather. I am very sensitive to the weather so perhaps moving to a rainy island, where \u201cthe rain is going straight up and down\u201d would undermine my mental health, on my mental health sabbatical. But I suspect the silence, the hours I would have to practice Mozart, the books I could read and perhaps even write would be more than enough.<\/p>\n<p style=\"font-weight: 400;\">What\u2019s more, when I put something down it will be\u00a0right there where I left it. No one will have moved it. A miracle! This would more than make up for the rain. I\u2019ll keep you updated.<\/p>\n","protected":false},"excerpt":{"rendered":"I was watching the Wimbledon there the other day (I was lucky enough to attend in person last&hellip;\n","protected":false},"author":2,"featured_media":256126,"comment_status":"","ping_status":"","sticky":false,"template":"","format":"standard","meta":{"footnotes":""},"categories":[4317],"tags":[2420,98391,2766,390,105,98392,218,93,16,15],"class_list":{"0":"post-256125","1":"post","2":"type-post","3":"status-publish","4":"format-standard","5":"has-post-thumbnail","7":"category-mental-health","8":"tag-parenting","9":"tag-aran-islands","10":"tag-culture","11":"tag-family","12":"tag-health","13":"tag-laura-perrins","14":"tag-mental-health","15":"tag-sport","16":"tag-uk","17":"tag-united-kingdom"},"share_on_mastodon":{"url":"https:\/\/pubeurope.com\/@uk\/114834525588544420","error":""},"_links":{"self":[{"href":"https:\/\/www.europesays.com\/uk\/wp-json\/wp\/v2\/posts\/256125","targetHints":{"allow":["GET"]}}],"collection":[{"href":"https:\/\/www.europesays.com\/uk\/wp-json\/wp\/v2\/posts"}],"about":[{"href":"https:\/\/www.europesays.com\/uk\/wp-json\/wp\/v2\/types\/post"}],"author":[{"embeddable":true,"href":"https:\/\/www.europesays.com\/uk\/wp-json\/wp\/v2\/users\/2"}],"replies":[{"embeddable":true,"href":"https:\/\/www.europesays.com\/uk\/wp-json\/wp\/v2\/comments?post=256125"}],"version-history":[{"count":0,"href":"https:\/\/www.europesays.com\/uk\/wp-json\/wp\/v2\/posts\/256125\/revisions"}],"wp:featuredmedia":[{"embeddable":true,"href":"https:\/\/www.europesays.com\/uk\/wp-json\/wp\/v2\/media\/256126"}],"wp:attachment":[{"href":"https:\/\/www.europesays.com\/uk\/wp-json\/wp\/v2\/media?parent=256125"}],"wp:term":[{"taxonomy":"category","embeddable":true,"href":"https:\/\/www.europesays.com\/uk\/wp-json\/wp\/v2\/categories?post=256125"},{"taxonomy":"post_tag","embeddable":true,"href":"https:\/\/www.europesays.com\/uk\/wp-json\/wp\/v2\/tags?post=256125"}],"curies":[{"name":"wp","href":"https:\/\/api.w.org\/{rel}","templated":true}]}}