{"id":256479,"date":"2025-07-11T15:15:31","date_gmt":"2025-07-11T15:15:31","guid":{"rendered":"https:\/\/www.europesays.com\/uk\/256479\/"},"modified":"2025-07-11T15:15:31","modified_gmt":"2025-07-11T15:15:31","slug":"as-it-happened-yellow-jersey-changes-hand-while-gc-shaken-up-by-crash-on-stage-7-of-the-tour-de-france","status":"publish","type":"post","link":"https:\/\/www.europesays.com\/uk\/256479\/","title":{"rendered":"As it happened: Yellow jersey changes hand while GC shaken up by crash on stage 7 of the Tour de France"},"content":{"rendered":"<p>Refresh <\/p>\n<p>2025-07-11T15:08:58.796Z<\/p>\n<p>Thanks for joining us today, on a stage where Tadej Poga\u010dar reclaimed control of the yellow jersey. Tomorrow attention should, for once, shift away from the Slovenian, and the sprinters come to the fore for a likely bunch sprint finish. Having had to battle through so many hill stages this first week, they won\u2019t want to let the opportunity slip.<\/p>\n<p class=\"vanilla-image-block\" style=\"padding-top:68.46%;\"><img decoding=\"async\" src=\"https:\/\/www.europesays.com\/uk\/wp-content\/uploads\/2025\/07\/ULCYYohuwBYrWtnUyzfiwW.jpg\" alt=\"MUR-DE-BRETAGNE - GUERLEDAN, FRANCE - JULY 11: Tadej Pogacar of Slovenia and UAE Team Emirates - XRG celebrates at podium as Yellow Leader Jersey winner during the 112th Tour de France, Stage 7 a 197km stage from Saint-Malo to Mur-de-Bretagne (Guerledan) \/ #UCIWT \/ on July 11, 2025 in Saint-Malo, France. (Photo by Tim de Waele\/Getty Images)\"   loading=\"lazy\" data-original-mos=\"https:\/\/www.europesays.com\/uk\/wp-content\/uploads\/2025\/07\/ULCYYohuwBYrWtnUyzfiwW.jpg\" data-pin-media=\"https:\/\/www.europesays.com\/uk\/wp-content\/uploads\/2025\/07\/ULCYYohuwBYrWtnUyzfiwW.jpg\"\/><\/p>\n<p>(Image credit: Getty Images)<\/p>\n<p>2025-07-11T15:02:05.020Z<\/p>\n<p>Another consequence of Poga\u010dar\u2019s win is that he now leads the points classification. Jonathan Milan will wear the green jersey on his behalf tomorrow, and will hope to take the jersey outright in the coming two stages, both of which should be bunch sprints.<\/p>\n<p>2025-07-11T14:59:52.753Z<\/p>\n<p>Though he was unable to come around his rival for the win, Jonas Vingegaard looked much better today than he did in the time trial. Has he sacrificed some of his time trialling speed in improving his punchy accelerations? Or was that time trial stage merely a bad day? Ultimately what will matter most is how well he goes on the long climbs, but while he remains 1:17 behind Poga\u010dar on GC, he remains very much in contention.<\/p>\n<p>2025-07-11T14:53:01.082Z<\/p>\n<p>This is Poga\u010dar second win of this year\u2019s Tour, and 19th of his career, which puts him up to joint seventh in the all-time ranking. How long until Mark Cavendish should be worried?<\/p>\n<p>2025-07-11T14:52:06.922Z<\/p>\n<p>Jack Haig looked like the worst affected by the crash, and has abandoned the race.<\/p>\n<p>2025-07-11T14:51:22.487Z<\/p>\n<p>Almeida has made it to the finish, his jersey torn, but doesn\u2019t look too hurt. His GC ambitions are over though, as he\u2019s lost over ten minutes.<\/p>\n<p>2025-07-11T14:48:37.997Z<\/p>\n<p class=\"vanilla-image-block\" style=\"padding-top:66.70%;\"><img decoding=\"async\" src=\"https:\/\/www.europesays.com\/uk\/wp-content\/uploads\/2025\/07\/TPtxYjXamVZU3enwbGAn37.jpg\" alt=\"UAE Team Emirates - XRG team's Slovenian rider Tadej Pogacar sprints to the finish line ahead of Team Visma - Lease a bike team's Danish rider Jonas Vingegaard (2nd L) placing second during the 7th stage of the 112th edition of the Tour de France cycling race, 197 km between Saint-Malo and Mur-de-Bretagne Guerledan, in Brittany, western France, on July 11, 2025. (Photo by Anne-Christine POUJOULAT \/ AFP)\"   loading=\"lazy\" data-original-mos=\"https:\/\/www.europesays.com\/uk\/wp-content\/uploads\/2025\/07\/TPtxYjXamVZU3enwbGAn37.jpg\" data-pin-media=\"https:\/\/www.europesays.com\/uk\/wp-content\/uploads\/2025\/07\/TPtxYjXamVZU3enwbGAn37.jpg\"\/><\/p>\n<p>(Image credit: Getty Images)<\/p>\n<p>2025-07-11T14:47:15.297Z<\/p>\n<p>As for some of the riders involved in the crash, Mas came home 51 seconds down and Healy 1:45, suggesting they weren\u2019t badly affected. Still no word of Almeida.<\/p>\n<p>2025-07-11T14:43:20.527Z<\/p>\n<p class=\"vanilla-image-block\" style=\"padding-top:66.70%;\"><img decoding=\"async\" src=\"https:\/\/www.europesays.com\/uk\/wp-content\/uploads\/2025\/07\/vHWDdo9FcAhoMZva3T3BQH.jpg\" alt=\"UAE Team Emirate - XRG team's Slovenian rider Tadej Pogacar cycles to the finish line to win the 7th stage of the 112th edition of the Tour de France cycling race, 197 km between Saint-Malo and Mur-de-Bretagne Guerledan, in Brittany, western France, on July 11, 2025. (Photo by Anne-Christine POUJOULAT \/ AFP)\"   loading=\"lazy\" data-original-mos=\"https:\/\/www.europesays.com\/uk\/wp-content\/uploads\/2025\/07\/vHWDdo9FcAhoMZva3T3BQH.jpg\" data-pin-media=\"https:\/\/www.europesays.com\/uk\/wp-content\/uploads\/2025\/07\/vHWDdo9FcAhoMZva3T3BQH.jpg\"\/><\/p>\n<p>(Image credit: Getty Images)<\/p>\n<p>2025-07-11T14:42:32.839Z<\/p>\n<p>That includes all of the top 6 on GC, minus Van der Poel.<\/p>\n<p>2025-07-11T14:40:35.168Z<\/p>\n<p>There were only 7 riders left in the front group at the line &#8211; Poga\u010dar, Vingegaard, Onley, Gall, Jorgenson, Evenepoel and Vauquelin.<\/p>\n<p>\n2025-07-11T14:37:27.000Z<\/p>\n<p>2025-07-11T14:36:30.066Z<\/p>\n<p>This result also means that Poga\u010dar takes the yellow jersey back from Van der Poel again.<\/p>\n<p>2025-07-11T14:36:10.561Z<\/p>\n<p>Van der Poel is only just arriving at the line now, having been dropped early on the climb. Despite the work from Alpecin during the day, he&#8217;s clearly too fatigued to compete for the stage win.<\/p>\n<p>2025-07-11T14:35:18.263Z<\/p>\n<p>Onley produced yet another brilliant performance to finish third-place.<\/p>\n<p>2025-07-11T14:34:39.175Z<\/p>\n<p>Vingegaard managed to stick in his slipstream for the sprint, but had to settle for second.<\/p>\n<p>2025-07-11T14:34:08.946Z<\/p>\n<p>Poga\u010dar sprints&#8230;and Poga\u010dar wins!<\/p>\n<p>POGACAR WINS<\/p>\n<p>2025-07-11T14:33:30.833Z<\/p>\n<p>Narvaez still leads&#8230;<\/p>\n<p>2025-07-11T14:33:17.610Z<\/p>\n<p>Only and Jorgenson are also present.<\/p>\n<p>2025-07-11T14:33:01.095Z<\/p>\n<p>Gall and Laurence are also here, the latter is a fast finisher&#8230;<\/p>\n<p>2025-07-11T14:32:44.186Z<\/p>\n<p>Narvaez is here and leading the group for Pogacar.<\/p>\n<p>2025-07-11T14:32:15.334Z<\/p>\n<p>There&#8217;s about 10 riders left in the group.<\/p>\n<p>1KM TO GO<\/p>\n<p>2025-07-11T14:31:56.404Z<\/p>\n<p>Evenepoel knocks off the pace, everyone&#8217;s looking at each other.<\/p>\n<p>2025-07-11T14:31:35.885Z<\/p>\n<p>Vauquelin leads a chase group that has bridged up to the trio.<\/p>\n<p>2025-07-11T14:31:10.825Z<\/p>\n<p>Evenepoel moves to the front to do the pace-setting.<\/p>\n<p>2025-07-11T14:30:56.175Z<\/p>\n<p>Only Evenepoel and Vingegaard are still with Pog.<\/p>\n<p>2025-07-11T14:30:27.907Z<\/p>\n<p>And now Pogacar accelerates.<\/p>\n<p>2025-07-11T14:30:13.940Z<\/p>\n<p>Van der Poel is dropped!<\/p>\n<p>2025-07-11T14:30:00.046Z<\/p>\n<p>Visma had taken over the front, but Wellens has tekn over for the start of the climb.<\/p>\n<p>MUR DE BRETAGNE<\/p>\n<p>2025-07-11T14:29:24.719Z<\/p>\n<p>At least 10 riders were involved in and\/or held up by that crash &#8211; Barguil, Haig, Mohoric, Madouas, Martin are among the others.<\/p>\n<p>2025-07-11T14:28:37.807Z<\/p>\n<p>The peloton is smaller now after that crash, with about 30 riders left.<\/p>\n<p>2025-07-11T14:28:03.276Z<\/p>\n<p>Meanwhile in the peloton, Soler leads for UAE with just over 3km to ride.<\/p>\n<p>2025-07-11T14:27:17.225Z<\/p>\n<p>None of these riders look seriously hurt, but they stand to lose time.<\/p>\n<p>2025-07-11T14:26:18.888Z<\/p>\n<p>Others involved include Mas, Healy and Buitrago.<\/p>\n<p>2025-07-11T14:25:49.828Z<\/p>\n<p>There&#8217;s been a crash, with some big names involved &#8211; including Jo\u00e3o Almeida.<\/p>\n<p>CRASH<\/p>\n<p>2025-07-11T14:22:56.588Z<\/p>\n<p>There&#8217;s a big scramble for position at the front of the peloton as they loop round back to M\u00fbr-de-Bretagne.<\/p>\n<p>10KM TO GO<\/p>\n<p>2025-07-11T14:21:34.046Z<\/p>\n<p>Here was Ewen Costiou leading the race over the M\u00fbr-de-Bretagne.<\/p>\n<p class=\"vanilla-image-block\" style=\"padding-top:66.70%;\"><img decoding=\"async\" src=\"https:\/\/www.europesays.com\/uk\/wp-content\/uploads\/2025\/07\/Ecy6G9SF2o3zLBsLKqhZDF.jpg\" alt=\"Arkea-B&amp;B Hotels team's French rider Ewen Costiou cycles in a lone breakaway in the Mur-de-Bretagne ascent during the 7th stage of the 112th edition of the Tour de France cycling race, 197 km between Saint-Malo and Mur-de-Bretagne Guerledan, in Brittany, western France, on July 11, 2025. (Photo by Anne-Christine POUJOULAT \/ AFP)\"   loading=\"lazy\" data-original-mos=\"https:\/\/www.europesays.com\/uk\/wp-content\/uploads\/2025\/07\/Ecy6G9SF2o3zLBsLKqhZDF.jpg\" data-pin-media=\"https:\/\/www.europesays.com\/uk\/wp-content\/uploads\/2025\/07\/Ecy6G9SF2o3zLBsLKqhZDF.jpg\"\/><\/p>\n<p>(Image credit: Getty Images)<\/p>\n<p>2025-07-11T14:18:48.334Z<\/p>\n<p>Soler has taken over at the front for UAE.<\/p>\n<p>2025-07-11T14:18:33.758Z<\/p>\n<p>Costiou has been caught. Chapeau to the 22-year-old for what was a fine ride.<\/p>\n<p>2025-07-11T14:17:19.191Z<\/p>\n<p>Wellens has dragged the peloton back to that Van Aert trio, and has Costiou in sight.<\/p>\n<p>2025-07-11T14:16:38.826Z<\/p>\n<p>Van Aert has two riders with him, but barely any gap.<\/p>\n<p>2025-07-11T14:15:54.925Z<\/p>\n<p>Attack from Wout van Aert! He&#8217;s made a move on the descent.<\/p>\n<p>2025-07-11T14:15:35.445Z<\/p>\n<p>Alaphilippe is not in the peloton. He won&#8217;t be contesting the stage today.<\/p>\n<p>2025-07-11T14:14:57.315Z<\/p>\n<p>Wellens moves to the front to the lead the peloton over the climb, 20 seconds after Costiou. There&#8217;s only about 50 riders left in it.<\/p>\n<p>2025-07-11T14:14:19.417Z<\/p>\n<p>Costiou crests the climb still at the front of the race. That&#8217;s some moment for the young rider!<\/p>\n<p>2025-07-11T14:13:55.329Z<\/p>\n<p>Garcia was also caught, meaning Costiou is the only rider still ahead of the peloton.<\/p>\n<p>2025-07-11T14:13:01.867Z<\/p>\n<p>Van der Poel looks to be struggling. He&#8217;s drifting down the peloton, very visibly in the yellow jersey.<\/p>\n<p>2025-07-11T14:12:28.284Z<\/p>\n<p>Costiou is still going strong, with a lead of 30 seconds.<\/p>\n<p>2025-07-11T14:12:07.849Z<\/p>\n<p>Simon Yates leads the peloton for Visma, and Thomas has been brought back, followed by Baudin.<\/p>\n<p>2025-07-11T14:11:43.075Z<\/p>\n<p>A crash for Cl\u00e9ment Champoussin at the back of the peloton, but he looks OK.<\/p>\n<p>2025-07-11T14:11:08.391Z<\/p>\n<p>They\u2019re cheering especially loudly, too, as a man from the local team leads the race &#8211; Ewen Costiou , who has dropped the rest of the break.<\/p>\n<p>2025-07-11T14:10:29.883Z<\/p>\n<p>We&#8217;re on the M\u00fbr-de-Bretagne, and the crowds are huge!<\/p>\n<p>MUR-DE-BRETAGNE<\/p>\n<p>2025-07-11T14:08:49.603Z<\/p>\n<p>Costiou beats Garcia to the line to take the single KOM point on offer.<\/p>\n<p>2025-07-11T14:08:14.680Z<\/p>\n<p>Baudin and Costiou have followed him, but Thomas is unable to.<\/p>\n<p>2025-07-11T14:07:45.041Z<\/p>\n<p>Garcia Cortina has attacked, about 400m from the top of the climb.<\/p>\n<p>2025-07-11T14:07:27.284Z<\/p>\n<p>Visma-Lease a Bike have emerged at the front of the peloton, as they start the climb.<\/p>\n<p>2025-07-11T14:07:08.100Z<\/p>\n<p>The rider are climbing, up the first of the four ascents of the day &#8211; the C\u00f4te du village de M\u00fbr-de-Bretagne (not to be confused with the M\u00fbr-de-Bretagne, which is coming up next).<\/p>\n<p>2025-07-11T14:05:21.670Z<\/p>\n<p>The four breakaway riders aren\u2019t giving up. With 20km to go, they still have a lead of 1:05.<\/p>\n<p>20KM TO GO<\/p>\n<p>2025-07-11T14:02:14.616Z<\/p>\n<p>We\u2019re approaching the M\u00fbr-de-Bretagne, where the riders will climb to the finish line a first time, before lopping back there for the finish.<\/p>\n<p class=\"paywall\" aria-hidden=\"true\">Four years ago, Van der Poel launched a first attack in this first ascent, yet, despite being caught, still had the energy to win in the finale.<\/p>\n<p>2025-07-11T13:58:05.129Z<\/p>\n<p class=\"vanilla-image-block\" style=\"padding-top:66.70%;\"><img decoding=\"async\" src=\"https:\/\/www.europesays.com\/uk\/wp-content\/uploads\/2025\/07\/jqZUFz6zDiV3FuLtywj554.jpg\" alt=\"Alpecin - Deceuninck team's Dutch rider Mathieu van der Poel wearing the overall leader's yellow jersey drinks from his hydration bottle (bidon) during the 7th stage of the 112th edition of the Tour de France cycling race, 197 km between Saint-Malo and Mur-de-Bretagne Guerledan, in Brittany, western France, on July 11, 2025. (Photo by Marco BERTORELLO \/ AFP)\"   loading=\"lazy\" data-original-mos=\"https:\/\/www.europesays.com\/uk\/wp-content\/uploads\/2025\/07\/jqZUFz6zDiV3FuLtywj554.jpg\" data-pin-media=\"https:\/\/www.europesays.com\/uk\/wp-content\/uploads\/2025\/07\/jqZUFz6zDiV3FuLtywj554.jpg\"\/><\/p>\n<p>(Image credit: Getty Images)<\/p>\n<p>2025-07-11T13:56:00.433Z<\/p>\n<p>Evenepoel is safely back in the peloton.<\/p>\n<p>2025-07-11T13:54:45.867Z<\/p>\n<p>The four leaders still have a minute on the peloton, as they pass under the 30km to go banner. The gap hasn&#8217;t come down in recent kilometres, but they still look doomed to be caught.<\/p>\n<p>30KM TO GO<\/p>\n<p>2025-07-11T13:53:40.669Z<\/p>\n<p>Tiesj Benoot is with the Visma team car picking up bidons. It&#8217;s a hot day out there, and the racing is about to intensify.<\/p>\n<p>2025-07-11T13:50:03.117Z<\/p>\n<p>Evenepoel is making his way into the peloton after taking a comfort break. The racing isn\u2019t full-on just yet, so returning won\u2019t be a problem for it.<\/p>\n<p>2025-07-11T13:46:39.746Z<\/p>\n<p>The peloton is thinning out a little on an uncategorised rise they&#8217;re currently climbing. Girmay and Milan are among those out the back, following their earlier efforts in the intermediate sprint.<\/p>\n<p>2025-07-11T13:43:15.378Z<\/p>\n<p>The indefatigable Nils Politt is leading the peloton once again for UAE. He\u2019s brought the gap down to under a minute.<\/p>\n<p>40KM TO GO<\/p>\n<p>2025-07-11T13:40:33.566Z<\/p>\n<p>Haller is done. He\u2019s sat up, seeing the other four breakaway riders disappear ahead of him.<\/p>\n<p>2025-07-11T13:37:26.030Z<\/p>\n<p>Thomas is really pressing on in the break. He was the rider who caused the brief split, and is doing a long turn at the front.<\/p>\n<p>2025-07-11T13:35:08.746Z<\/p>\n<p>There\u2019s some action in the break, which broke apart for a few moments. Thomas and Costiou briefly got a gap over the others, before it was closed down.<\/p>\n<p>2025-07-11T13:32:10.267Z<\/p>\n<p>UAE and Alpecin are back on the front of the peloton after the intermediate sprint, and the gap between it and the break has come down to 1:05.<\/p>\n<p>50KM TO GO<\/p>\n<p>2025-07-11T13:25:46.703Z<\/p>\n<p>Here\u2019s the updated points classification. With those nine points, Girmay has jumped up two places to second:<\/p>\n<p class=\"paywall\" aria-hidden=\"true\">1 Milan 122<\/p>\n<p class=\"paywall\" aria-hidden=\"true\">2 Girmay 111<\/p>\n<p class=\"paywall\" aria-hidden=\"true\">3 Van der Poel 108<\/p>\n<p class=\"paywall\" aria-hidden=\"true\">4 Poga\u010dar 106<\/p>\n<p class=\"paywall\" aria-hidden=\"true\">5 Turgis 78<\/p>\n<p>2025-07-11T13:23:43.841Z<\/p>\n<p>It was a long, drawn-out sprint, with Milan edging Girmay at the line. Quinn Simmons almost took them by surprise by starting his sprint early, but both sprinters managed to pass him. Interestingly, neither Merlier nor Van der Poel went for it, and picked up no points.<\/p>\n<p>2025-07-11T13:18:29.709Z<\/p>\n<p>That might start to change now, as Intermarch\u00e9\u2013Wanty take over at the front in anticipation of the intermediate sprint.<\/p>\n<p>2025-07-11T13:17:32.811Z<\/p>\n<p>No change in the gap, which remains at 1:30.<\/p>\n<p>60KM TO GO<\/p>\n<p>2025-07-11T13:15:59.449Z<\/p>\n<p>Not long now until the intermediate sprint. Nobody in the break will be interested, but there\u2019s points on offer for the likes of Girmay and Merlier to try to eat into green jersey Milan\u2019s gap &#8211; and we\u2019ll get a good idea of how interested Van der Poel is in the points classification based on whether or not he goes for any points again.<\/p>\n<p>2025-07-11T13:10:53.914Z<\/p>\n<p>Away from the Tour, stage 6 of the women\u2019 Giro d\u2019Italia has recently come to a close &#8211; we won\u2019t spoil the result here, but click <a data-analytics-id=\"inline-link\" href=\"https:\/\/www.cyclingnews.com\/races\/giro-d-italia-women-2025\/stage-6\/results\/\" data-before-rewrite-localise=\"https:\/\/www.cyclingnews.com\/races\/giro-d-italia-women-2025\/stage-6\/results\/\" target=\"_blank\" rel=\"noopener\">here<\/a> if you want to read about what happened.<\/p>\n<p>2025-07-11T13:03:51.210Z<\/p>\n<p>Still the gap remains stable, at 1:30.<\/p>\n<p>70KM TO GO<\/p>\n<p>2025-07-11T13:01:39.916Z<\/p>\n<p class=\"vanilla-image-block\" style=\"padding-top:66.70%;\"><img decoding=\"async\" src=\"https:\/\/www.europesays.com\/uk\/wp-content\/uploads\/2025\/07\/kVb86w7UyhLVKHNmKvdLP9.jpg\" alt=\"Alpecin - Deceuninck team's Dutch rider Mathieu van der Poel wearing the overall leader's yellow jersey cycles with the pack of riders (peloton) along the waterfront in Pleneuf-Val-Andre during the 7th stage of the 112th edition of the Tour de France cycling race, 197 km between Saint-Malo and Mur-de-Bretagne Guerledan, in Brittany, western France, on July 11, 2025. (Photo by Marco BERTORELLO \/ AFP)\"   loading=\"lazy\" data-original-mos=\"https:\/\/www.europesays.com\/uk\/wp-content\/uploads\/2025\/07\/kVb86w7UyhLVKHNmKvdLP9.jpg\" data-pin-media=\"https:\/\/www.europesays.com\/uk\/wp-content\/uploads\/2025\/07\/kVb86w7UyhLVKHNmKvdLP9.jpg\"\/><\/p>\n<p>(Image credit: Getty Images)<\/p>\n<p>2025-07-11T12:56:16.875Z<\/p>\n<p>We remain in a holding pattern, the gap between the break and the peloton at 1:40. The race will start to liven up ahead of the intermediate sprint, coming up in about 15km.<\/p>\n<p>75KM TO GO<\/p>\n<p>2025-07-11T12:51:45.410Z<\/p>\n<p>Finally, the fifth member of the breakaway, Ewen Costiou, is a Tour de France debutant flying the flag for Brittany riding for local team Ark\u00e9a &#8211; B&amp;B Hotels.<\/p>\n<p>2025-07-11T12:48:14.067Z<\/p>\n<p>With the exception of Thomas, 34-year-old Marco Haller is the most experienced rider in the break. This is the tenth Tour de France of his career, but he has yet to win a stage. Could today be today? It feels like a long shot, but he\u2019ll be dreaming big.<\/p>\n<p>2025-07-11T12:44:19.019Z<\/p>\n<p>Iv\u00e1n Garc\u00eda Cortina would have been the quickest rider in the break in the event of a pure sprint, though could also be competitive on an uphill finish like M\u00fbr-de-Bretagne. He can get over punchy climbs, as demonstrated by his top ten at the Tour of Flanders this spring.<\/p>\n<p>2025-07-11T12:41:10.171Z<\/p>\n<p>Of the riders in the break, Baudin is one who loves the kind of terrain coming up later in the stage. He\u2019s a talented puncheur, and was second in a stage of the Tour de Romandie earlier this year.<\/p>\n<p>2025-07-11T12:37:16.781Z<\/p>\n<p>The pace is up a bit from Alpecin at the front of the peloton, bringing the gap down to 1:15. Some riders are struggling to hang on at the back.<\/p>\n<p>90KM TO GO<\/p>\n<p>2025-07-11T12:32:33.021Z<\/p>\n<p>Geraint Thomas is of course the headline name in the break. This is a different style of racing for the Welshman, who has generally either targeted GC (finishing on the podium three times in his last five appearances, including his victory in 2018), or, before that, as a super-domestique for the likes of Chris Froome.<\/p>\n<p class=\"paywall\" aria-hidden=\"true\">This year, for what is his final Tour de France, the priority is stage wins; and though this break looks unlikely to succeed, his presence provokes his appetite, and we can expect him to get up the road more come the high mountains.<\/p>\n<p>2025-07-11T12:25:34.370Z<\/p>\n<p>Still the peloton are keeping the break firmly in control, at 1:30. With no threat to GC, it does seem that Alpecin are riding for the stage win &#8211; Van der Poel must be recovered and feeling good.<\/p>\n<p>100KM TO GO<\/p>\n<p>2025-07-11T12:22:35.577Z<\/p>\n<p>The highest placed rider on GC in the break is Geraint Thomas, in 39th at a distant 14 minutes, which means none are a threat to Van der Poel\u2019s yellow jersey.<\/p>\n<p class=\"paywall\" aria-hidden=\"true\">Alpecin-Deceuninck will want to keep the yellow jersey for their leader today, especially with a couple of flat stages coming up after which he should be able to defend it on &#8211; unlike UAE Team Emirates &#8211; XRG, who had been eager to give it away when Poga\u010dar had it, the quirky phenomena of which we looked into this morning.<\/p>\n<p class=\"paywall\" aria-hidden=\"true\"><a data-analytics-id=\"inline-link\" href=\"https:\/\/www.cyclingnews.com\/features\/why-are-star-riders-at-the-tour-de-france-trying-to-avoid-leading-the-biggest-race-of-the-year\/\" data-before-rewrite-localise=\"https:\/\/www.cyclingnews.com\/features\/why-are-star-riders-at-the-tour-de-france-trying-to-avoid-leading-the-biggest-race-of-the-year\/\" target=\"_blank\" rel=\"noopener\">Why are star riders at the Tour de France trying to avoid leading the biggest race of the year?<\/a><\/p>\n<p>2025-07-11T12:12:04.848Z<\/p>\n<p>The break&#8217;s lead has increased a little in recent kilometres, to 1:40. But you sense they&#8217;re going to need quite a bit more if they&#8217;re to make it to the finish to contest the stage.<\/p>\n<p>110KM TO GO<\/p>\n<p>2025-07-11T12:10:34.697Z<\/p>\n<p>Alpecin-Deceuninck riding at the front of the peloton.<\/p>\n<p class=\"vanilla-image-block\" style=\"padding-top:66.31%;\"><img decoding=\"async\" src=\"https:\/\/www.europesays.com\/uk\/wp-content\/uploads\/2025\/07\/sfoxVocGZk8QKMmc3fW6Zo.jpg\" alt=\"MUR-DE-BRETAGNE - GUERLEDAN, FRANCE - JULY 11: Mathieu van der Poel of Netherlands and Team Alpecin - Deceuninck - Yellow Leader Jersey (C) with teammates compete during the 112th Tour de France, Stage 7 a 197km stage from Saint-Malo to Mur-de-Bretagne (Guerledan) \/ #UCIWT \/ on July 11, 2025 in Saint-Malo, France. (Photo by Dario Belingheri\/Getty Images)\"   loading=\"lazy\" data-original-mos=\"https:\/\/www.europesays.com\/uk\/wp-content\/uploads\/2025\/07\/sfoxVocGZk8QKMmc3fW6Zo.jpg\" data-pin-media=\"https:\/\/www.europesays.com\/uk\/wp-content\/uploads\/2025\/07\/sfoxVocGZk8QKMmc3fW6Zo.jpg\"\/><\/p>\n<p>(Image credit: Getty Images)<\/p>\n<p>2025-07-11T12:03:29.695Z<\/p>\n<p>Mechanical for Luka Mezgec. Better to have one now when the pace is down than during the breathless racing earlier.<\/p>\n<p>2025-07-11T11:59:02.200Z<\/p>\n<p>The break aren&#8217;t being allowed much of a lead. UAE and Alpecin&#8217;s work is keeping them at about just 1:20.<\/p>\n<p>120K TO GO<\/p>\n<p>2025-07-11T11:51:01.759Z<\/p>\n<p>Alpecin-Deceuninck have joined UAE Team Emirates &#8211; XRG at the front of the peloton. They could be riding in defence of Van der Poel\u2019s jersey, but equally could be controlling the break to set up their leader for another stage win.<\/p>\n<p class=\"paywall\" aria-hidden=\"true\">Van der Poel did look very tired yesterday, but at the same time this finish suits him beautifully, and of course he won here four years ago.<\/p>\n<p>2025-07-11T11:47:41.085Z<\/p>\n<p>Here are the five riders up the road.<\/p>\n<p class=\"vanilla-image-block\" style=\"padding-top:66.60%;\"><img decoding=\"async\" src=\"https:\/\/www.europesays.com\/uk\/wp-content\/uploads\/2025\/07\/nJgpgydoku7okgdANwCB6f.jpg\" alt=\"MUR-DE-BRETAGNE - GUERLEDAN, FRANCE - JULY 11: Geraint Thomas of Great Britain and Team INEOS Grenadiers competes in the breakaway during the 112th Tour de France, Stage 7 a 197km stage from Saint-Malo to Mur-de-Bretagne (Guerledan) \/ #UCIWT \/ on July 11, 2025 in Saint-Malo, France. (Photo by Dario Belingheri\/Getty Images)\"   loading=\"lazy\" data-original-mos=\"https:\/\/www.europesays.com\/uk\/wp-content\/uploads\/2025\/07\/nJgpgydoku7okgdANwCB6f.jpg\" data-pin-media=\"https:\/\/www.europesays.com\/uk\/wp-content\/uploads\/2025\/07\/nJgpgydoku7okgdANwCB6f.jpg\"\/><\/p>\n<p>(Image credit: Getty Images)<\/p>\n<p>2025-07-11T11:46:27.891Z<\/p>\n<p>The break&#8217;s lead is up to 1:20.<\/p>\n<p>130KM TO GO<\/p>\n<p>2025-07-11T11:42:29.316Z<\/p>\n<p>The peloton has now calmed down. It does look like this five-man group will be the break of the day.<\/p>\n<p>2025-07-11T11:39:05.560Z<\/p>\n<p>UAE have taken control again with Marc Soler, and those attacks haven\u2019t been allowed to go clear.<\/p>\n<p>2025-07-11T11:36:55.313Z<\/p>\n<p>Now more attacks are coming from the peloton, instigated by an Uno-X Mobility rider.<\/p>\n<p>2025-07-11T11:36:02.772Z<\/p>\n<p>We aren\u2019t done yet! The break\u2019s lead has gone up to over a minute, but Decathlon have upped the pace in the peloton and are chasing.<\/p>\n<p>2025-07-11T11:32:33.212Z<\/p>\n<p>The peloton has indeed sat up &#8211; the break\u2019s lead is up to 45 seconds.<\/p>\n<p>140KM TO GO<\/p>\n<p>2025-07-11T11:31:59.796Z<\/p>\n<p>Those five riders are: Alex Baudin, Marco Haller, Iv\u00e1n Garc\u00eda Cortina, Ewen Costiou &#8211; and former Tour de France winner Geraint Thomas.<\/p>\n<p>2025-07-11T11:30:45.299Z<\/p>\n<p>A new group of 5 has formed..and this time the peloton has sat up. Could this be it?<\/p>\n<p>2025-07-11T11:28:40.519Z<\/p>\n<p>But as we speak that gap has disappeared, and they&#8217;ve been brought back by the peloton.<\/p>\n<p>2025-07-11T11:28:02.502Z<\/p>\n<p>A more promising group of four have emerged. Powless, Mohori\u010d, Teunissen and Gachignard have a 4 second lead.<\/p>\n<p>2025-07-11T11:23:12.435Z<\/p>\n<p>Van Aert is pushing on at the front again, but no gaps have been opened.<\/p>\n<p>2025-07-11T11:20:54.061Z<\/p>\n<p>Still no break has come close to forming. Many riders in the peloton will be in a world of pain and hating this!<\/p>\n<p>150KM TO GO<\/p>\n<p>2025-07-11T11:20:07.325Z<\/p>\n<p>Powless is among the next to try an attack in yet another flurry of moves, nearly losing control of his front wheel in the process.<\/p>\n<p>2025-07-11T11:17:08.396Z<\/p>\n<p>Madouas has been caught.<\/p>\n<p>2025-07-11T11:14:31.198Z<\/p>\n<p>Madouas is on the move again, and has a gap. It\u2019s only a few seconds, but that\u2019s more than anyone has managed for a little while.<\/p>\n<p>2025-07-11T11:13:33.991Z<\/p>\n<p class=\"vanilla-image-block\" style=\"padding-top:66.70%;\"><img decoding=\"async\" src=\"https:\/\/www.europesays.com\/uk\/wp-content\/uploads\/2025\/07\/8VdAjdA3TNa5829tbTZDn4.jpg\" alt=\"The pack of riders (peloton) cycles past the Notre-Dame church in Pleudihen-sur-Rance during the 7th stage of the 112th edition of the Tour de France cycling race, 197 km between Saint-Malo and Mur-de-Bretagne Guerledan, in Brittany, western France, on July 11, 2025. (Photo by Anne-Christine POUJOULAT \/ AFP)\"   loading=\"lazy\" data-original-mos=\"https:\/\/www.europesays.com\/uk\/wp-content\/uploads\/2025\/07\/8VdAjdA3TNa5829tbTZDn4.jpg\" data-pin-media=\"https:\/\/www.europesays.com\/uk\/wp-content\/uploads\/2025\/07\/8VdAjdA3TNa5829tbTZDn4.jpg\"\/><\/p>\n<p>(Image credit: Getty Images)<\/p>\n<p>2025-07-11T11:10:27.272Z<\/p>\n<p>Anthony Turgis briefly managed to gain a small gap, but it was shut down. Almost 40km into the stage and still no break.<\/p>\n<p>160KM TO GO<\/p>\n<p>2025-07-11T11:07:41.465Z<\/p>\n<p>The pace remains relentless, but no riders have managed to get off the front of the peloton. This is an exhausting start to the stage for everyone.<\/p>\n<p>2025-07-11T11:04:23.034Z<\/p>\n<p>EF are looking lively today, encouraged by Healy\u2019s victory yesterday. Alex Baudin followed Powless by trying his own attack, but he too has been brought back.<\/p>\n<p>2025-07-11T11:02:02.189Z<\/p>\n<p>Here were Van Aert and Schmid during their ultimately unsuccessful attack.<\/p>\n<p class=\"vanilla-image-block\" style=\"padding-top:66.60%;\"><img decoding=\"async\" src=\"https:\/\/www.europesays.com\/uk\/wp-content\/uploads\/2025\/07\/93kXCbHAx4uBeXNoBJ3GkK.jpg\" alt=\"MUR-DE-BRETAGNE - GUERLEDAN, FRANCE - JULY 11: (L-R) Mauro Schmid of Switzerland and Team Jayco AlUla and Wout Van Aert of Belgium and Team Visma | Lease a Bike compete in the breakaway during the 112th Tour de France, Stage 7 a 197km stage from Saint-Malo to Mur-de-Bretagne (Guerledan) \/ #UCIWT \/ on July 11, 2025 in Saint-Malo, France. (Photo by Dario Belingheri\/Getty Images)\"   loading=\"lazy\" data-original-mos=\"https:\/\/www.europesays.com\/uk\/wp-content\/uploads\/2025\/07\/93kXCbHAx4uBeXNoBJ3GkK.jpg\" data-pin-media=\"https:\/\/www.europesays.com\/uk\/wp-content\/uploads\/2025\/07\/93kXCbHAx4uBeXNoBJ3GkK.jpg\"\/><\/p>\n<p>(Image credit: Getty Images)<\/p>\n<p>2025-07-11T10:58:50.181Z<\/p>\n<p>That group has been brought back, and the race is, once again, all back together.<\/p>\n<p>2025-07-11T10:55:55.246Z<\/p>\n<p>Valentin Madouas has bridged up to Powless with an explosive attack, along with a few other riders.<\/p>\n<p>2025-07-11T10:54:14.704Z<\/p>\n<p>Neilson Powless does now have a gap, but only of a few seconds.<\/p>\n<p>2025-07-11T10:51:17.054Z<\/p>\n<p>That\u2019s the trigger for another series of attacks, led by Julian Alaphilippe. None have managed to get a gap yet, though.<\/p>\n<p>2025-07-11T10:50:36.340Z<\/p>\n<p>That lead has come tumbling, and the pair have been caught. The peloton is all back together again.<\/p>\n<p>2025-07-11T10:46:53.824Z<\/p>\n<p>15 seconds is Van Aert and Schmid&#8217;s lead.<\/p>\n<p>180KM TO GO<\/p>\n<p>2025-07-11T10:45:52.865Z<\/p>\n<p>The scene at the start today in Saint-Malo.<\/p>\n<p class=\"vanilla-image-block\" style=\"padding-top:66.70%;\"><img decoding=\"async\" src=\"https:\/\/www.europesays.com\/uk\/wp-content\/uploads\/2025\/07\/ag93FDMBv3mfWHxoA7rDv8.jpg\" alt=\"The pack of riders pictured at the start of stage seven of the 2025 Tour de France cycling, from Saint-Malo to Mur-de-Bretagne (194 km), on Friday 11 July 2025 in France. The 112th edition of the Tour de France starts on Saturday 5 July in Lille, France, and will finish in Paris, France on the 27th of July. BELGA PHOTO JASPER JACOBS (Photo by JASPER JACOBS \/ BELGA MAG \/ Belga via AFP)\"   loading=\"lazy\" data-original-mos=\"https:\/\/www.europesays.com\/uk\/wp-content\/uploads\/2025\/07\/ag93FDMBv3mfWHxoA7rDv8.jpg\" data-pin-media=\"https:\/\/www.europesays.com\/uk\/wp-content\/uploads\/2025\/07\/ag93FDMBv3mfWHxoA7rDv8.jpg\"\/><\/p>\n<p>(Image credit: Getty Images)<\/p>\n<p>2025-07-11T10:41:00.841Z<\/p>\n<p>More attacks keep coming out of the peloton, but so far no group has managed to form behind the two leaders.<\/p>\n<p>2025-07-11T10:37:16.693Z<\/p>\n<p>Van Aert and Schmid are growing their lead, up to 14 seconds. They&#8217;re two very powerful riders, but will likely need some company if they&#8217;re to make it to the finish.<\/p>\n<p>2025-07-11T10:36:27.795Z<\/p>\n<p>Bryan Coquard has dropped back from the peloton to pick up a bandage from the team car. He hasn&#8217;t been involved in an incident today, but clearly something ails him.<\/p>\n<p>2025-07-11T10:34:03.627Z<\/p>\n<p>Van Aert and Schmid only have a lead of about 5 seconds over the chasing peloton.<\/p>\n<p>2025-07-11T10:32:33.129Z<\/p>\n<p>Mauro Schmid joins Van Aert, as the race behind looks aout to reform.<\/p>\n<p>2025-07-11T10:31:11.291Z<\/p>\n<p>Wout van Aert was in that group, and has gone off the front of it and now leads the race alone.<\/p>\n<p>2025-07-11T10:29:56.931Z<\/p>\n<p>A group of about 15 riders have gone off the front right from the flag.<\/p>\n<p>2025-07-11T10:28:06.416Z<\/p>\n<p>And we&#8217;re off!<\/p>\n<p>OFFICIAL START<\/p>\n<p>2025-07-11T10:27:33.988Z<\/p>\n<p>It&#8217;s a beautiful day in Brittany &#8211; here were the riders at the unofficial start<\/p>\n<p class=\"vanilla-image-block\" style=\"padding-top:66.70%;\"><img decoding=\"async\" src=\"https:\/\/www.europesays.com\/uk\/wp-content\/uploads\/2025\/07\/VkkrW4DCJoR94vZjFcVEGX.jpg\" alt=\"The pack of riders (peloton) cycles along the Saint-Malo coastline at the start of the 7th stage of the 112th edition of the Tour de France cycling race, 197 km between Saint-Malo and Mur-de-Bretagne Guerledan, in Brittany, western France, on July 11, 2025. (Photo by Anne-Christine POUJOULAT \/ AFP)\"   loading=\"lazy\" data-original-mos=\"https:\/\/www.europesays.com\/uk\/wp-content\/uploads\/2025\/07\/VkkrW4DCJoR94vZjFcVEGX.jpg\" data-pin-media=\"https:\/\/www.europesays.com\/uk\/wp-content\/uploads\/2025\/07\/VkkrW4DCJoR94vZjFcVEGX.jpg\"\/><\/p>\n<p>(Image credit: Getty Images)<\/p>\n<p>2025-07-11T10:24:52.022Z<\/p>\n<p>The riders will see the flag in just a few minutes. After yesterday&#8217;s breakaway success, we imagine many will want to get up the road today, so this could be another frenetic start.<\/p>\n<p>2025-07-11T10:18:05.809Z<\/p>\n<p>Mathieu van der Poel, back in the yellow jersey.<\/p>\n<p class=\"vanilla-image-block\" style=\"padding-top:68.85%;\"><img decoding=\"async\" src=\"https:\/\/www.europesays.com\/uk\/wp-content\/uploads\/2025\/07\/W7QnYrReKEifWYSu8snzUF.jpg\" alt=\"SAINT-MALO, FRANCE - JULY 11: Mathieu van der Poel of Netherlands and Team Alpecin - Deceuninck - Yellow Leader Jersey prior to the 112th Tour de France, Stage 7 a 197km stage from Saint-Malo to Mur-de-Bretagne (Guerledan) \/ #UCIWT \/ on July 11, 2025 in Saint-Malo, France. (Photo by Dario Belingheri\/Getty Images)\"   loading=\"lazy\" data-original-mos=\"https:\/\/www.europesays.com\/uk\/wp-content\/uploads\/2025\/07\/W7QnYrReKEifWYSu8snzUF.jpg\" data-pin-media=\"https:\/\/www.europesays.com\/uk\/wp-content\/uploads\/2025\/07\/W7QnYrReKEifWYSu8snzUF.jpg\"\/><\/p>\n<p>(Image credit: Getty Images)<\/p>\n<p>2025-07-11T10:12:56.831Z<\/p>\n<p>It certainly is a day for the beach &#8211; the temperature is in the mid twenties, so the riders are in for another uncomfortably hot day in the saddle.<\/p>\n<p>2025-07-11T10:11:55.137Z<\/p>\n<p>The riders are on the move, making their way along the seaside in Saint-Malo in the neutralised zone.<\/p>\n<p>2025-07-11T10:05:31.334Z<\/p>\n<p>Here are the rankings as they stand going into today\u2019s seventh stage.<\/p>\n<p>2025-07-11T09:54:48.305Z<\/p>\n<p>Yesterday&#8217;s stage threw up an interesting tactical battle between Visma-Lease a Bike and UAE Team Emirates-XRG. Here&#8217;s what world champion Tadej Poga\u010dar had to say about the situation.<\/p>\n<p class=\"vanilla-image-block\" style=\"padding-top:66.67%;\"><img decoding=\"async\" src=\"https:\/\/www.europesays.com\/uk\/wp-content\/uploads\/2025\/07\/7FBxN8HZQmhpQUez9aCKH3.jpg\" alt=\"Slovenian Tadej Pogacar of UAE Team Emirates pictured during stage six of the 2025 Tour de France cycling, from Bayeux to Vire Normandie (201 km), on Thursday 10 July 2025 in France. The 112th edition of the Tour de France starts on Saturday 5 July in Lille, France, and will finish in Paris, France on the 27th of July. BELGA PHOTO JASPER JACOBS (Photo by JASPER JACOBS \/ BELGA MAG \/ Belga via AFP)\"   loading=\"lazy\" data-original-mos=\"https:\/\/www.europesays.com\/uk\/wp-content\/uploads\/2025\/07\/7FBxN8HZQmhpQUez9aCKH3.jpg\" data-pin-media=\"https:\/\/www.europesays.com\/uk\/wp-content\/uploads\/2025\/07\/7FBxN8HZQmhpQUez9aCKH3.jpg\"\/><\/p>\n<p>(Image credit: Getty Images)<\/p>\n<p class=\"paywall\" aria-hidden=\"true\"><a data-analytics-id=\"inline-link\" href=\"https:\/\/www.cyclingnews.com\/news\/visma-tried-to-do-i-dont-know-what-tadej-pogacar-irritated-by-rival-tactics-to-try-to-keep-him-in-the-tour-de-france-yellow-jersey\/\" target=\"_blank\" data-before-rewrite-localise=\"https:\/\/www.cyclingnews.com\/news\/visma-tried-to-do-i-dont-know-what-tadej-pogacar-irritated-by-rival-tactics-to-try-to-keep-him-in-the-tour-de-france-yellow-jersey\/\" rel=\"noopener\"><strong>READ: &#8216;Visma tried to do, I don&#8217;t know what\u2026&#8217; &#8211; Tadej Poga\u010dar irritated by rival tactics to try to keep him in the Tour de France yellow jersey<\/strong><\/a><\/p>\n<p>2025-07-11T09:48:01.973Z<\/p>\n<p>Here&#8217;s how the stage profile looks for today&#8217;s 197km route.<\/p>\n<p class=\"vanilla-image-block\" style=\"padding-top:78.42%;\"><img decoding=\"async\" src=\"https:\/\/www.europesays.com\/uk\/wp-content\/uploads\/2025\/07\/WmoJTFxNYo6E5tFQ6Wr64k.webp.webp\" alt=\"Tour de France stage 7 route\"   loading=\"lazy\" data-original-mos=\"https:\/\/www.europesays.com\/uk\/wp-content\/uploads\/2025\/07\/WmoJTFxNYo6E5tFQ6Wr64k.webp.webp\" data-pin-media=\"https:\/\/www.europesays.com\/uk\/wp-content\/uploads\/2025\/07\/WmoJTFxNYo6E5tFQ6Wr64k.webp.webp\"\/><\/p>\n<p>(Image credit: ASO)<\/p>\n<p>2025-07-11T09:39:28.090Z<\/p>\n<p class=\"vanilla-image-block\" style=\"padding-top:66.67%;\"><img decoding=\"async\" src=\"https:\/\/www.europesays.com\/uk\/wp-content\/uploads\/2025\/07\/njwbjHBdK4KnmPS7d6YjNd.jpg\" alt=\"Stage winner Team Alpecin Fenix' Mathieu van der Poel of Netherlands celebrates as he crosses the finish line at the end of the 2nd stage of the 108th edition of the Tour de France cycling race, 183 km between Perros-Guirrec and Mur de Bretagne Guerledan, on June 27, 2021. (Photo by MICHAEL STEELE \/ various sources \/ AFP) (Photo by MICHAEL STEELE\/AFP via Getty Images)\"   loading=\"lazy\" data-original-mos=\"https:\/\/www.europesays.com\/uk\/wp-content\/uploads\/2025\/07\/njwbjHBdK4KnmPS7d6YjNd.jpg\" data-pin-media=\"https:\/\/www.europesays.com\/uk\/wp-content\/uploads\/2025\/07\/njwbjHBdK4KnmPS7d6YjNd.jpg\"\/><\/p>\n<p>The Dutchman celebrates his first Tour stage in Normandy four years ago (Image credit: MICHAEL STEELE\/Getty Images)<\/p>\n<p>2025-07-11T09:32:04.524Z<\/p>\n<p>There&#8217;s just over an hour until the riders roll out from Saint Malo, with an iconic finish on the M\u00fbr-de-Bretagne awaiting them.<\/p>\n<p class=\"paywall\" aria-hidden=\"true\">The testing 2km climb was the venue for Mathieu van der Poel&#8217;s first Tour de France stage win in 2021. Could we experience a case of d\u00e9j\u00e0 vu later today?<\/p>\n<p>2025-07-04T15:20:49.875Z<\/p>\n<p>Bonjour and welcome to Cyclingnews&#8217; live coverage of stage 7 of the 2025 Tour de France!<\/p>\n","protected":false},"excerpt":{"rendered":"Refresh 2025-07-11T15:08:58.796Z Thanks for joining us today, on a stage where Tadej Poga\u010dar reclaimed control of the yellow&hellip;\n","protected":false},"author":2,"featured_media":256480,"comment_status":"","ping_status":"","sticky":false,"template":"","format":"standard","meta":{"footnotes":""},"categories":[4104],"tags":[4230,79,16,15],"class_list":{"0":"post-256479","1":"post","2":"type-post","3":"status-publish","4":"format-standard","5":"has-post-thumbnail","7":"category-cycling","8":"tag-cycling","9":"tag-sports","10":"tag-uk","11":"tag-united-kingdom"},"share_on_mastodon":{"url":"https:\/\/pubeurope.com\/@uk\/114835261627049509","error":""},"_links":{"self":[{"href":"https:\/\/www.europesays.com\/uk\/wp-json\/wp\/v2\/posts\/256479","targetHints":{"allow":["GET"]}}],"collection":[{"href":"https:\/\/www.europesays.com\/uk\/wp-json\/wp\/v2\/posts"}],"about":[{"href":"https:\/\/www.europesays.com\/uk\/wp-json\/wp\/v2\/types\/post"}],"author":[{"embeddable":true,"href":"https:\/\/www.europesays.com\/uk\/wp-json\/wp\/v2\/users\/2"}],"replies":[{"embeddable":true,"href":"https:\/\/www.europesays.com\/uk\/wp-json\/wp\/v2\/comments?post=256479"}],"version-history":[{"count":0,"href":"https:\/\/www.europesays.com\/uk\/wp-json\/wp\/v2\/posts\/256479\/revisions"}],"wp:featuredmedia":[{"embeddable":true,"href":"https:\/\/www.europesays.com\/uk\/wp-json\/wp\/v2\/media\/256480"}],"wp:attachment":[{"href":"https:\/\/www.europesays.com\/uk\/wp-json\/wp\/v2\/media?parent=256479"}],"wp:term":[{"taxonomy":"category","embeddable":true,"href":"https:\/\/www.europesays.com\/uk\/wp-json\/wp\/v2\/categories?post=256479"},{"taxonomy":"post_tag","embeddable":true,"href":"https:\/\/www.europesays.com\/uk\/wp-json\/wp\/v2\/tags?post=256479"}],"curies":[{"name":"wp","href":"https:\/\/api.w.org\/{rel}","templated":true}]}}