{"id":262026,"date":"2025-07-13T16:39:12","date_gmt":"2025-07-13T16:39:12","guid":{"rendered":"https:\/\/www.europesays.com\/uk\/262026\/"},"modified":"2025-07-13T16:39:12","modified_gmt":"2025-07-13T16:39:12","slug":"calls-grow-louder-for-europe-to-deploy-its-big-bazooka-in-tariff-negotiations-the-irish-times","status":"publish","type":"post","link":"https:\/\/www.europesays.com\/uk\/262026\/","title":{"rendered":"Calls grow louder for Europe to deploy its \u2018Big Bazooka\u2019 in tariff negotiations \u2013 The Irish Times"},"content":{"rendered":"<p class=\"c-paragraph\">There was one line at the end of <a href=\"https:\/\/www.irishtimes.com\/tags\/donald-trump\/\" target=\"_blank\" rel=\"noreferrer noopener\" title=\"https:\/\/www.irishtimes.com\/tags\/donald-trump\/\">Donald Trump\u2019s<\/a> <a href=\"https:\/\/x.com\/jackpowerIT\/status\/1944031991781109938\" target=\"_blank\" rel=\"noreferrer\" title=\"https:\/\/x.com\/jackpowerIT\/status\/1944031991781109938\">letter announcing new tariffs<\/a> of 30 per cent on trade coming from the <a href=\"https:\/\/www.irishtimes.com\/tags\/european-union\/\" target=\"_blank\" rel=\"noreferrer noopener\" title=\"https:\/\/www.irishtimes.com\/tags\/european-union\/\">European Union<\/a> that said a lot about the chaotic nature of his White House administration. <\/p>\n<p class=\"c-paragraph paywall\">The rate of <a href=\"https:\/\/www.irishtimes.com\/tags\/us-tariffs\/\" target=\"_blank\" rel=\"noreferrer noopener\" title=\"https:\/\/www.irishtimes.com\/tags\/us-tariffs\/\">US tariffs<\/a> \u201cmay be modified, upward or downward, depending on our relationship with your country,\u201d Trump told European Commission president <a href=\"https:\/\/www.irishtimes.com\/tags\/ursula-von-der-leyen\/\" target=\"_blank\" rel=\"noreferrer noopener\" title=\"https:\/\/www.irishtimes.com\/tags\/ursula-von-der-leyen\/\">Ursula von der Leyen.<\/a> <\/p>\n<p class=\"c-paragraph paywall\">The EU, of course, isn\u2019t a country, but it seems nobody spotted the error before the letter was sent out and then later posted by Trump on his Truth Social platform. <\/p>\n<p class=\"c-paragraph paywall\">Trump fired out similar letters to Canada, Mexico, Brazil and more than a dozen other trading partners in recent days. <\/p>\n<p class=\"c-paragraph paywall\">European leaders had been desperate to get a tariff deal over the line quickly and must now decide how to respond to this latest twist. <\/p>\n<p class=\"c-paragraph paywall\">EU and US negotiators had spent the past few weeks working on the outlines of a trade agreement that, among other things, locked in 10 per cent tariffs on EU goods, with some exemptions. <\/p>\n<p class=\"c-paragraph paywall\">Commission officials, diplomats and journalists in Brussels were on standby waiting for word that Trump had given the okay to the deal, which would have shielded the EU from higher trade levies.<\/p>\n<p class=\"c-paragraph paywall\">Instead the US president said tariffs of 30 per cent would be charged on EU trade from August 1st. <\/p>\n<blockquote class=\"twitter-tweet\">\n<p lang=\"en\" dir=\"ltr\">Here is the letter Donald Trump sent Ursula von der Leyen, announcing plans to put tariffs of 30% on EU trade, in what is a significant setback to negotiations to work out a preliminary EU-US trade agreement <a href=\"https:\/\/t.co\/9osaTl0tMc\">pic.twitter.com\/9osaTl0tMc<\/a><\/p>\n<p>\u2014 Jack Power (@jackpowerIT) <a href=\"https:\/\/twitter.com\/jackpowerIT\/status\/1944031991781109938?ref_src=twsrc%5Etfw\" target=\"_blank\" rel=\"noopener\">July 12, 2025<\/a><\/p><\/blockquote>\n<p class=\"c-paragraph paywall\">The European Commission, which has been leading the negotiations, has two and a half weeks to get the US administration back to the table. The experience of this weekend has burnt a lot of goodwill. <\/p>\n<p class=\"c-paragraph paywall\">The EU had avoided antagonising Trump to date, to get a deal in the bag before a July 9th deadline, which the US pushed out to August 1st. Germany, Italy and Ireland had favoured a quick deal, even if that meant stomaching tariffs Trump had already introduced, without reply. <\/p>\n<p class=\"c-paragraph paywall\">Calls for the EU to take a more aggressive stance will get louder now. French president Emmanuel Macron said the 27-state bloc should turn to its \u201canti-coercion instrument\u201d to hit back hard, if a deal isn\u2019t agreed by August 1st. <\/p>\n<p class=\"c-paragraph paywall\">The anti-coercion instrument, known as the \u201cbig bazooka\u201d of the EU\u2019s trade arsenal, would give the commission powers to go after US multinational companies, slapping extra taxes on the digital revenues of tech firms. This is a major escalation the Irish Government wants to avoid. <\/p>\n<p class=\"c-paragraph paywall\">The EU\u2019s trade ministers had already been due to meet on Monday to discuss the tariff negotiations. That will feel more like an emergency huddle given the latest twist. <\/p>\n<p class=\"c-paragraph paywall\">Part of the problem is von der Leyen\u2019s commission does not have a direct line to Trump. <\/p>\n<p class=\"c-paragraph b-it-article-body__interstitial-link\">[\u00a0<a aria-label=\"Open related story\" class=\"c-link\" href=\"https:\/\/www.irishtimes.com\/world\/europe\/2025\/07\/13\/von-der-leyen-says-eu-to-push-for-deal-ahead-of-trump-deadline-on-tariffs\/\" rel=\"noreferrer noopener\" target=\"_blank\">EU to push for deal ahead of Trump deadline on tariffs, says Von der LeyenOpens in new window<\/a>\u00a0]<\/p>\n<p class=\"c-paragraph paywall\">EU trade commissioner Maro\u0161 \u0160ef\u010dovi\u010d was frequently talking to commerce secretary Howard Lutnick and trade negotiator Jamieson Greer on the phone, nudging the initial draft agreement into place. The about-turn by Trump has shown up the lack of influence US interlocutors have in his White House. <\/p>\n<p class=\"c-paragraph paywall\">Trump\u2019s letter demanded the EU eliminate its \u201ctariff and non-tariffs\u201d barriers, to get a more favourable US rate. He has complained about value-added tax (VAT) charged on products and rules banning US chlorine-washed chicken from the European market. The commission will not budge on either point. <\/p>\n<p class=\"c-paragraph paywall\">One Government source said the letter appeared to be an attempt to squeeze the EU for more concessions. <\/p>\n<p class=\"c-paragraph b-it-article-body__interstitial-link\">[\u00a0<a aria-label=\"Open related story\" class=\"c-link\" href=\"https:\/\/www.irishtimes.com\/business\/economy\/2025\/07\/12\/donald-trumps-eu-tariffs-letter-analysed-this-is-how-trade-wars-start\/\" rel=\"noreferrer noopener\" target=\"_blank\">Donald Trump\u2019s EU tariffs letter: This is how trade wars startOpens in new window<\/a>\u00a0]<\/p>\n<p class=\"c-paragraph paywall\">There should come a point where Trump will be in the mood to start signing agreements, to sell to his supporters as huge wins.<\/p>\n<p class=\"c-paragraph paywall\">Plenty of countries are jostling for spots in the queue to get tariff deals done, and European leaders might suddenly be feeling a little less confident about where the EU stands in that line. <\/p>\n<p><script async src=\"https:\/\/platform.twitter.com\/widgets.js\" charset=\"utf-8\"><\/script><\/p>\n","protected":false},"excerpt":{"rendered":"There was one line at the end of Donald Trump\u2019s letter announcing new tariffs of 30 per cent&hellip;\n","protected":false},"author":2,"featured_media":262027,"comment_status":"","ping_status":"","sticky":false,"template":"","format":"standard","meta":{"footnotes":""},"categories":[5174],"tags":[32,2000,299,5187,2557,1699,1220,2612],"class_list":{"0":"post-262026","1":"post","2":"type-post","3":"status-publish","4":"format-standard","5":"has-post-thumbnail","7":"category-eu","8":"tag-donald-trump","9":"tag-eu","10":"tag-europe","11":"tag-european","12":"tag-european-commission","13":"tag-european-union","14":"tag-ursula-von-der-leyen","15":"tag-us-tariffs"},"share_on_mastodon":{"url":"https:\/\/pubeurope.com\/@uk\/114846915874204891","error":""},"_links":{"self":[{"href":"https:\/\/www.europesays.com\/uk\/wp-json\/wp\/v2\/posts\/262026","targetHints":{"allow":["GET"]}}],"collection":[{"href":"https:\/\/www.europesays.com\/uk\/wp-json\/wp\/v2\/posts"}],"about":[{"href":"https:\/\/www.europesays.com\/uk\/wp-json\/wp\/v2\/types\/post"}],"author":[{"embeddable":true,"href":"https:\/\/www.europesays.com\/uk\/wp-json\/wp\/v2\/users\/2"}],"replies":[{"embeddable":true,"href":"https:\/\/www.europesays.com\/uk\/wp-json\/wp\/v2\/comments?post=262026"}],"version-history":[{"count":0,"href":"https:\/\/www.europesays.com\/uk\/wp-json\/wp\/v2\/posts\/262026\/revisions"}],"wp:featuredmedia":[{"embeddable":true,"href":"https:\/\/www.europesays.com\/uk\/wp-json\/wp\/v2\/media\/262027"}],"wp:attachment":[{"href":"https:\/\/www.europesays.com\/uk\/wp-json\/wp\/v2\/media?parent=262026"}],"wp:term":[{"taxonomy":"category","embeddable":true,"href":"https:\/\/www.europesays.com\/uk\/wp-json\/wp\/v2\/categories?post=262026"},{"taxonomy":"post_tag","embeddable":true,"href":"https:\/\/www.europesays.com\/uk\/wp-json\/wp\/v2\/tags?post=262026"}],"curies":[{"name":"wp","href":"https:\/\/api.w.org\/{rel}","templated":true}]}}