{"id":262542,"date":"2025-07-13T21:19:15","date_gmt":"2025-07-13T21:19:15","guid":{"rendered":"https:\/\/www.europesays.com\/uk\/262542\/"},"modified":"2025-07-13T21:19:15","modified_gmt":"2025-07-13T21:19:15","slug":"uk-ambassador-simon-manley-im-a-great-admirer-of-genevas-international-ecosystem","status":"publish","type":"post","link":"https:\/\/www.europesays.com\/uk\/262542\/","title":{"rendered":"UK ambassador Simon Manley: \u2018I\u2019m a great admirer of Geneva\u2019s international ecosystem\u2019"},"content":{"rendered":"<p>After four years representing the United Kingdom at the United Nations in Geneva, Simon Manley\u2019s posting on the shores of Lake Geneva is coming to an end. Despite recent upheavals, the ambassador remains confident in the rebound of international Geneva \u2013 especially the World Trade Organization.<\/p>\n<p>Among Geneva\u2019s international diplomatic corps, one familiar voice will soon be missing. British ambassador to the United Nations Simon Manley is wrapping up a four-year term. Despite Brexit, his country has remained a key player on Geneva\u2019s multilateral scene. With children who also hold Swiss nationality, and a wife who fled Franco\u2019s Spain to Lausanne, where she trained as a lawyer, Manley is clearly at ease in Switzerland \u2013 a country he leaves with a hint of nostalgia.<\/p>\n<p><strong>Le Temps: What will you take away from your time in international Geneva?<\/strong><\/p>\n<p><strong>Simon Manley:<\/strong> I look back on my time here very positively, even though the multilateral system has been facing extraordinary challenges since I arrived in 2021. I came just before Russia\u2019s invasion of Ukraine, before the coup in Sudan and the horrific civil war that followed, and before Hamas\u2019s 7 October 2023 attack. I also arrived before many new leaders took the helm of UN agencies in Geneva \u2013 which is one reason why I remain optimistic. These are outstanding individuals. There are obvious political and financial challenges to multilateralism, but even in tough times, we\u2019ve shown that collective action is better than going at it alone. The recent pandemic agreement at the World Health Organization is a clear example \u2013 as was the WTO fisheries deal. I\u2019m a firm admirer of Geneva\u2019s multilateral ecosystem.<\/p>\n<p><strong>But with job cuts, relocations and cost pressures, there is a real risk of that ecosystem fragmenting. Where would you draw the line?<\/strong><\/p>\n<p>Over more than a century, Geneva has developed a dense network of organisations that thrive from their proximity. One of its big advantages over New York is the strong presence of civil society. Its participation in the Human Rights Council is absolutely vital. That said, I regret that the private sector doesn\u2019t have similar access to the WTO. Job relocations seem inevitable \u2013 it\u2019s up to each organisation to make those decisions. But the danger is when each agency makes a decision individually, which might make sense internally but which could also undermine the coherence and effectiveness of the whole system.<\/p>\n<p><strong>The UN secretary-general\u2019s UN reform initiative \u2013 UN80 \u2013 involves relocations and shutting down certain units. Do you support it?<\/strong><\/p>\n<p>We fully support it, because we in the UK believe in the UN. The UN does a good job, but it could do even better with less duplication, less competition for funding between agencies and more cooperation. There have been many reform attempts over the years, but too often they haven\u2019t delivered what was needed. That\u2019s why it\u2019s so important we succeed this time.<\/p>\n<p><strong>Yet many international staff in Geneva feel UN80 is too opaque and driven by turf wars between agency heads, with no shared vision.<\/strong><\/p>\n<p>It\u2019s true that there\u2019s concern here in Geneva \u2013 which is why it was so helpful that Guy Ryder, head of the UN80 task force \u2013 and a former Geneva insider himself (as former director-general of the ILO \u2013 ed.), \u2013 came to explain the process. The anxiety is a reflection of a well-known issue \u2013 the relationship between New York and Geneva. Some missions \u2013 not ours \u2013 don\u2019t have a particularly close connection with New York, so people here often feel out of the loop. That said, it\u2019s also true that some of the cuts have had more immediate consequences in Geneva than in New York. There\u2019s a slight imbalance.<\/p>\n<p>What we need is a system-wide approach. People here, in Vienna and elsewhere, need to feel some ownership of the UN80 process. But given the circumstances, no one should expect miracles.<\/p>\n<p><strong>Has Geneva rested too much on its laurels?<\/strong><\/p>\n<p>We\u2019ve relied too heavily on the budgetary generosity of the United States, particularly under the Biden administration. Humanitarian agencies have seen needs skyrocket due to a proliferation of conflicts and the growing impact of climate change. And because the Biden administration was relatively generous, dependency on US funding deepened. But the US had warned us: don\u2019t become too reliant, because everything could change depending on who wins the 2024 election.<\/p>\n<p>For agencies heavily dependent on US contributions, the challenge will be huge. It\u2019s a very difficult moment, but we will get through it. It is especially tough for people who will lose their jobs, but also for people on the ground who will receive smaller food rations or for victims of sexual violence who will lose access to care. The cuts made here have very real consequences. It\u2019s not just bureaucrats losing their posts.<\/p>\n<p>Still, the hope is that on the other side of this, the system will be more agile, stronger and more ready to collaborate.<\/p>\n<p>  <a class=\"glightbox\" href=\"https:\/\/genevasolutions.news\/placeholder.png\" data-type=\"image\" data-description=\"Simon Manley, UK ambassador to the UN, at the British mission in Geneva, 18 June 2025. (Le Temps\/David Wagni\u00e8res)\" data- target=\"_blank\" rel=\"noopener\"><\/p>\n<p>      <img decoding=\"async\" class=\"lazy\" title=\"Simon Manley, UK ambassador to the UN, at the British mission in Geneva, 18 June 2025. (Le Temps\/David Wagni\u00e8res)\" alt=\"be131a6_upload-1-xphtq3dm6ks4-simon-manley-1511.jpg\" src=\"https:\/\/www.europesays.com\/uk\/wp-content\/uploads\/2025\/07\/large.jpeg\"\/><\/p>\n<p>  <\/a><br \/>\n  Simon Manley, UK ambassador to the UN, at the British mission in Geneva, 18 June 2025. (Le Temps\/David Wagni\u00e8res)<\/p>\n<p><strong>You\u2019ve just relocated the UK mission to a new building right next to the WTO. Is that a vote of confidence in the institution, despite some saying it\u2019s on life support?<\/strong><\/p>\n<p>The WTO absolutely has a future, and it\u2019s nowhere near brain-dead, as some suggest. And no organisation led by Ngozi Okonjo-Iweala is going to wither away. The WTO director general is a talented politician and leader, a visionary who is deeply committed. We\u2019re very lucky to have her.<\/p>\n<p>But there\u2019s no denying we have work to do to secure the WTO\u2019s future. It needs repositioning. Three years ago, we succeeded in negotiating the fisheries subsidies agreement \u2013 now it just needs a few more ratifications to come into force. That will be a milestone.<\/p>\n<p>But we need to go much further. There are deals close to completion on development-related investment and e-commerce to loosen the rules for digital trade. Sadly, a few member states are blocking progress. We need to find a way to tell them: you\u2019re welcome to get on board \u2013 but the train is moving, with or without you. We may need to revisit how decisions are made.<\/p>\n<p><strong>Has the US attitude at the WTO surprised you?<\/strong><\/p>\n<p>We should listen to the Americans \u2013 they\u2019ve got a point, especially around transparency. When countries join the WTO, they commit to certain rules. Yet some major economies are falling short when it comes to disclosing subsidies. On many fronts, the UK is aligned with the US. What they say about China is not far off from what I\u2019ve said myself here at the WTO.<\/p>\n<p>This is a critical moment. We have to seize it, because the WTO is a vital institution. When you\u2019re a country like the UK, which Napoleon once described as a \u201cnation of shopkeepers\u201d, you rely heavily, like Switzerland, on trade and strong export industries, whether in financial services, banking or high-precision manufacturing. Our companies\u2019 ability to export depends on the rules set by the WTO. And despite current turbulence, the vast majority of global trade, including free trade agreements, still rests on those rules.<\/p>\n<p><strong>And what about China, which joined the WTO in 2001?<\/strong><\/p>\n<p>This might surprise you, but in many areas, we work closely with China to try to encourage investment in developing countries. China says it wants to be a champion of the multilateral system at the WTO. Well, it can prove it with some simple solutions, by embracing greater transparency around subsidies.<\/p>\n<p>I\u2019m not questioning their desire to keep their developing country status \u2013 but it has real consequences. Today\u2019s China isn\u2019t the China of 40 years ago. Its accession to the WTO was a success story \u2013 access to global trade transformed China and lifted millions of Chinese out of poverty. But with that success comes responsibility. Beijing can work with us to secure the WTO\u2019s future.<\/p>\n<p><strong>Some human rights advocates worry that China, which doesn\u2019t recognise the universality of the Universal Declaration of Human Rights, is trying to rewrite the rules. Do you share that concern?<\/strong><\/p>\n<p>That is a fact. China\u2019s approach to human rights is fundamentally different to ours. There are areas where we cooperate, and others where we compete, like the Human Rights Council. We continue to raise concerns about human rights in Xinjiang and Tibet. For us, safeguarding the post\u2013Second World War human rights framework is a priority.<\/p>\n<p><strong>Some powers seem to want to return to a 19th-century-style balance of power. How can multilateralism be redefined to include China, without sacrificing the values underpinning the international order?<\/strong><\/p>\n<p>The UK stands firmly for democracy, human rights and the rule of law. It would be dangerous to hastily unpick what\u2019s been built. The answer isn\u2019t to abandon the progress we\u2019ve made \u2013 especially on inclusion and diversity.<\/p>\n<p><strong>Are you concerned that the rise of far-right populism could damage multilateralism?<\/strong><\/p>\n<p>Domestic politics always have an impact, of course. But even putting the rise of populism aside, citizens in countries like the UK or Switzerland want to know that their money is being used wisely \u2013 they want to see the impact of that investment.<\/p>\n<p>It\u2019s always interesting to see how often the results of a negotiation in Geneva directly affect real lives. When you negotiate global e-commerce rules at the WTO, it can mean people get free access to digital services. When the WHO secures a pandemic deal, it boosts global health security. When the International Telecommunication Union regulates satellite technology, economies like the UK and Switzerland benefit. But we need to do a better job of telling these stories that show the positive impact of multilateralism. Otherwise, it can seem opaque.<\/p>\n<p><strong>Proust questionnaire<\/strong><\/p>\n<p>Your favourite holiday spot in Switzerland?<\/p>\n<p>Saint-Saphorin (canton of Vaud).<\/p>\n<p>Diplomacy today, in two words?<\/p>\n<p>Collaborative and innovative.<\/p>\n<p>Your take on Jane Austen, as we mark the 250th anniversary of her birth?<\/p>\n<p>Check out my Instagram video on Pride and Prejudice \u2013 Geneva-style&#8230;<\/p>\n<p>Still rocking out to British bands?<\/p>\n<p>Of course. The Clash \u2013 especially London Calling.<\/p>\n<p>Mountains or sea?<\/p>\n<p>Easy \u2013 the mountains (Swiss and Scottish). We love skiing.<\/p>\n<p>The political figure who inspired you most in your career?<\/p>\n<p>Churchill. Obviously.<\/p>\n<p><strong>Profile<\/strong><\/p>\n<p><strong>1967<\/strong> Born in Ealing, west London<\/p>\n<p><strong>1988<\/strong> Graduated from Magdalen College, Oxford<\/p>\n<p><strong>1990<\/strong> Masters from Yale University<\/p>\n<p><strong>1990<\/strong> Joined the UK foreign office<\/p>\n<p><strong>1996<\/strong> Married lawyer Mar\u00eda Isabel Fern\u00e1ndez Utg\u00e8s Manley<\/p>\n<p><strong>2013<\/strong> Appointed UK ambassador to Spain and Andorra<\/p>\n<p><strong>2021<\/strong> Appointed UK ambassador to the UN and WTO in Geneva<\/p>\n<p>This article was originally published in French in <a href=\"https:\/\/www.letemps.ch\/\" rel=\"nofollow noopener\" target=\"_blank\">Le Temps<\/a>. It has been adapted and translated into English by Geneva Solutions. Articles from third-party websites are not licensed under Creative Commons and cannot be republished without the media\u2019s consent.<\/p>\n","protected":false},"excerpt":{"rendered":"After four years representing the United Kingdom at the United Nations in Geneva, Simon Manley\u2019s posting on the&hellip;\n","protected":false},"author":2,"featured_media":262543,"comment_status":"","ping_status":"","sticky":false,"template":"","format":"standard","meta":{"footnotes":""},"categories":[3,4],"tags":[748,393,4884,1144,712,16,15,1764,2151],"class_list":{"0":"post-262542","1":"post","2":"type-post","3":"status-publish","4":"format-standard","5":"has-post-thumbnail","7":"category-uk","8":"category-united-kingdom","9":"tag-britain","10":"tag-england","11":"tag-great-britain","12":"tag-northern-ireland","13":"tag-scotland","14":"tag-uk","15":"tag-united-kingdom","16":"tag-wales","17":"tag-wto"},"share_on_mastodon":{"url":"https:\/\/pubeurope.com\/@uk\/114848016890062166","error":""},"_links":{"self":[{"href":"https:\/\/www.europesays.com\/uk\/wp-json\/wp\/v2\/posts\/262542","targetHints":{"allow":["GET"]}}],"collection":[{"href":"https:\/\/www.europesays.com\/uk\/wp-json\/wp\/v2\/posts"}],"about":[{"href":"https:\/\/www.europesays.com\/uk\/wp-json\/wp\/v2\/types\/post"}],"author":[{"embeddable":true,"href":"https:\/\/www.europesays.com\/uk\/wp-json\/wp\/v2\/users\/2"}],"replies":[{"embeddable":true,"href":"https:\/\/www.europesays.com\/uk\/wp-json\/wp\/v2\/comments?post=262542"}],"version-history":[{"count":0,"href":"https:\/\/www.europesays.com\/uk\/wp-json\/wp\/v2\/posts\/262542\/revisions"}],"wp:featuredmedia":[{"embeddable":true,"href":"https:\/\/www.europesays.com\/uk\/wp-json\/wp\/v2\/media\/262543"}],"wp:attachment":[{"href":"https:\/\/www.europesays.com\/uk\/wp-json\/wp\/v2\/media?parent=262542"}],"wp:term":[{"taxonomy":"category","embeddable":true,"href":"https:\/\/www.europesays.com\/uk\/wp-json\/wp\/v2\/categories?post=262542"},{"taxonomy":"post_tag","embeddable":true,"href":"https:\/\/www.europesays.com\/uk\/wp-json\/wp\/v2\/tags?post=262542"}],"curies":[{"name":"wp","href":"https:\/\/api.w.org\/{rel}","templated":true}]}}