{"id":262850,"date":"2025-07-14T00:07:10","date_gmt":"2025-07-14T00:07:10","guid":{"rendered":"https:\/\/www.europesays.com\/uk\/262850\/"},"modified":"2025-07-14T00:07:10","modified_gmt":"2025-07-14T00:07:10","slug":"tour-de-france-2025-stage-10-preview-gc-fireworks-expected-on-bastille-day","status":"publish","type":"post","link":"https:\/\/www.europesays.com\/uk\/262850\/","title":{"rendered":"Tour de France 2025 stage 10 preview &#8211; GC fireworks expected on Bastille Day"},"content":{"rendered":"<p>Stage 10 of the Tour de France promises to be a turning point in the race, offering the hardest test yet in the highlands of the Massif Central. It\u2019s Bastille Day, always a big target for the French riders, but this year it also marks the first major climbing day of the Tour. With 4,450m of elevation and eight categorised climbs, this 165km stage from Ennezat to Le Mont-Dore is expected to ignite the general classification fight.<\/p>\n<p>The peloton has now raced ten days straight, and while Tuesday brings the long-awaited rest day, today\u2019s route will be far from restful. It could also be the moment we finally see what Tadej Poga\u010dar, Jonas Vingegaard and Remco Evenepoel have in the tank when the road really turns uphill.<\/p>\n<p><img loading=\"lazy\" data-od-added-loading=\"\" data-od-removed-fetchpriority=\"high\" data-od-replaced- data-od-xpath=\"\/HTML\/BODY\/DIV[@id='td-outer-wrap']\/*[2][self::DIV]\/*[2][self::SECTION]\/*[1][self::DIV]\/*[1][self::DIV]\/*[1][self::DIV]\/*[2][self::DIV]\/*[1][self::DIV]\/*[3][self::DIV]\/*[1][self::FIGURE]\/*[1][self::IMG]\" data-dominant-color=\"f1eed3\" data-has-transparency=\"false\" style=\"--dominant-color: #f1eed3;\" decoding=\"async\" width=\"1024\" height=\"803\" src=\"data:image\/svg+xml,%3Csvg%20xmlns=\" http:=\"\" alt=\"divTour-de-France-2025-stage-10-preview-Pogacar-vs-Vingegaard-battle-set-for-big-explosion-across-eight-climbs-on-Bastille-Daydiv\" class=\"wp-image-33424230882 not-transparent\" data-lazy- data-lazy- data-lazy-src=\"https:\/\/procyclinguk.com\/wp-content\/uploads\/2025\/07\/divTour-de-France-2025-stage-10-preview-Pogacar-vs-Vingegaard-battle-set-for-big-explosion-across-eight-climbs-on-Bastille-Daydiv-1024x803.avif\"\/><\/p>\n<p>The route \u2013 relentless climbing through the Massif Central<\/p>\n<p>It begins tamely enough in the town of Ennezat, but within 12km the riders hit the C\u00f4te de Loubeyrat (4.1km at 6.3%) and from that point, there\u2019s barely a flat road all day. Three more categorised climbs arrive in the middle third of the stage \u2013 C\u00f4te de La Baraque (4.8km at 7.4%), C\u00f4te de Charade (5.1km at 6.8%), and C\u00f4te de Berzet (3.4km at 7.4%) \u2013 forming a tough central block likely to host fierce breakaway attempts.<\/p>\n<p>With the stage falling on France\u2019s national day, expect multiple French riders to go on the offensive. The likes of Julian Alaphilippe, Romain Gr\u00e9goire, and Aur\u00e9lien Paret-Peintre are obvious candidates, though whether they\u2019re allowed enough freedom will depend on how seriously the GC teams take the stage.<\/p>\n<p>The real test comes late. After the Col de Gu\u00e9ry (3.4km at 6.7%) and Col de la Croix Morand (3.4km at 5.7%), the final climb pairing will shape the outcome. The Col de la Croix Saint-Robert (5.1km at 6.4%) tops out just 10km from the line, and is followed by a fast descent before the short, steep final ascent to Puy de Sancy (3.3km at 8%).<\/p>\n<p>This is where the fireworks are expected \u2013 a punchy summit finish after over 4,000m of climbing, with the Tour\u2019s top climbers and GC leaders all looking to gain time before the Pyrenees.<\/p>\n<p>What\u2019s on offer<\/p>\n<p>Date: Monday, 14th July<br \/>Distance: 165km<br \/>Start\/Finish: Ennezat \u2013 Le Mont-Dore<br \/>Sprint:<\/p>\n<p>Climbs:<\/p>\n<ul class=\"wp-block-list\">\n<li>C\u00f4te de Loubeyrat (cat. 2, km 11.8)<\/li>\n<li>C\u00f4te de La Baraque (cat. 2, km 54.5)<\/li>\n<li>C\u00f4te de Charade (cat. 2, km 66.6)<\/li>\n<li>C\u00f4te de Berzet (cat. 2, km 78.4)<\/li>\n<li>Col de Gu\u00e9ry (cat. 2, km 115.4)<\/li>\n<li>Col de la Croix Morand (cat. 3, km 124.1)<\/li>\n<li>Col de la Croix Saint-Robert (cat. 2, km 155.4)<\/li>\n<li>Puy de Sancy (cat. 2, km 165.3)<\/li>\n<\/ul>\n<p>Prediction<\/p>\n<p>With Jo\u00e3o Almeida now out of the race, <strong>Tadej Poga\u010dar<\/strong> will have to manage his efforts more carefully, but his explosiveness and climbing form should make the difference here. The steep finale suits him perfectly, and his 1:17 advantage over Jonas Vingegaard gives him room to attack or defend as he sees fit. On a day when others may start showing cracks, Poga\u010dar has the chance to underline his dominance. We expect him to win the stage and extend his lead in yellow.<\/p>\n","protected":false},"excerpt":{"rendered":"Stage 10 of the Tour de France promises to be a turning point in the race, offering the&hellip;\n","protected":false},"author":2,"featured_media":262851,"comment_status":"","ping_status":"","sticky":false,"template":"","format":"standard","meta":{"footnotes":""},"categories":[5309],"tags":[2000,299,36,100511,7270,20680,100512],"class_list":{"0":"post-262850","1":"post","2":"type-post","3":"status-publish","4":"format-standard","5":"has-post-thumbnail","7":"category-france","8":"tag-eu","9":"tag-europe","10":"tag-france","11":"tag-pogacar","12":"tag-race-preview","13":"tag-tour-de-france","14":"tag-vingegaard"},"share_on_mastodon":{"url":"https:\/\/pubeurope.com\/@uk\/114848677493499673","error":""},"_links":{"self":[{"href":"https:\/\/www.europesays.com\/uk\/wp-json\/wp\/v2\/posts\/262850","targetHints":{"allow":["GET"]}}],"collection":[{"href":"https:\/\/www.europesays.com\/uk\/wp-json\/wp\/v2\/posts"}],"about":[{"href":"https:\/\/www.europesays.com\/uk\/wp-json\/wp\/v2\/types\/post"}],"author":[{"embeddable":true,"href":"https:\/\/www.europesays.com\/uk\/wp-json\/wp\/v2\/users\/2"}],"replies":[{"embeddable":true,"href":"https:\/\/www.europesays.com\/uk\/wp-json\/wp\/v2\/comments?post=262850"}],"version-history":[{"count":0,"href":"https:\/\/www.europesays.com\/uk\/wp-json\/wp\/v2\/posts\/262850\/revisions"}],"wp:featuredmedia":[{"embeddable":true,"href":"https:\/\/www.europesays.com\/uk\/wp-json\/wp\/v2\/media\/262851"}],"wp:attachment":[{"href":"https:\/\/www.europesays.com\/uk\/wp-json\/wp\/v2\/media?parent=262850"}],"wp:term":[{"taxonomy":"category","embeddable":true,"href":"https:\/\/www.europesays.com\/uk\/wp-json\/wp\/v2\/categories?post=262850"},{"taxonomy":"post_tag","embeddable":true,"href":"https:\/\/www.europesays.com\/uk\/wp-json\/wp\/v2\/tags?post=262850"}],"curies":[{"name":"wp","href":"https:\/\/api.w.org\/{rel}","templated":true}]}}