{"id":263009,"date":"2025-07-14T01:36:10","date_gmt":"2025-07-14T01:36:10","guid":{"rendered":"https:\/\/www.europesays.com\/uk\/263009\/"},"modified":"2025-07-14T01:36:10","modified_gmt":"2025-07-14T01:36:10","slug":"why-the-french-hate-bastille-day","status":"publish","type":"post","link":"https:\/\/www.europesays.com\/uk\/263009\/","title":{"rendered":"Why the French hate Bastille Day"},"content":{"rendered":"<p>Today is Bastille Day \u2014 except in France. Spend long here, and you\u2019ll quickly find that this national day of celebration is instead known simply as Le Quatorze Juillet. There are plenty of explanations, but probably the most convincing is that the storming of the Bastille, one of the foundational moments of the French Revolution, was also a bloody riot. The day ended with the prison\u2019s director having his head sliced off with a pocket knife, the gory trophy paraded through the streets by jubilant Parisians. The unspoken implication, especially among the politer strains of French society, is that explicitly celebrating such violence would be improper, even if it remains central to the French Republic\u2019s self-image.<\/p>\n<p>These days, of course, the truth is more prosaic. Rowdy \u201cbals populaires\u201d can still be found, full of drinking and dancing, the most famous being the bal des pompiers held at the firefighters\u2019 barracks at Port-Royal until 4am (not a good night for your house to catch fire). Usually, though, the arrival of 14 July simply marks the beginning of high summer. Rather than \u201cVive la France\u201d, you\u2019re more likely to hear \u201cVous partez quand?\u201d (\u201cWhen are you leaving?\u201d) in Paris shops and offices. It\u2019s a reference to the\u00a0grandes vacances that will soon sweep France, reducing all activity in business and politics to the absolute minimum.<\/p>\n<p>And though the march-pasts and fly-overs will still dominate the capital today, this demonstration of confident state power has increasingly faced an anarchic counterpoint. Over the last couple of years, the night of 14 July has seen running battles between the police and youths in the banlieues, with fireworks designed to celebrate the French nation instead aimed at the so-called \u201cforces of order\u201d, as well as schools, libraries and other Republican symbols. These battles took on a frightening intensity in June 2023, after a 17-year-old was shot at a traffic stop in the Paris suburb of Nanterre. Back then, there was some talk of banning the 14 July festivities entirely. That didn\u2019t happen, but this summer, too, there are nightly skirmishes in the cit\u00e9 (council estate) not far from where I live, muffled howls echoing off the graffitied concrete walls.<\/p>\n<p>This is nothing new. Between order and disorder, indifference and activism, 14 July has long been contested territory. The bickering first began in 1879, when a semi-official public festival was held in France to commemorate that epic day 90 years before. The event proved so popular that the Third Republic decided to turn it into an official celebration. Yet then, as now, the problems started with that nastiness at the Bastille, with conservatives instead preferring a commemoration of the more peaceful F\u00eate de la F\u00e9d\u00e9ration. Falling\u00a0on 14 July 1790, it was a suitably wholesome celebration of Republican virtue, and safely free of lynching too.<\/p>\n<p>In the end, of course, the conservatives lost the debate. From 1880, the anniversary of the Bastille\u2019s fall has been a national holiday. And, in a sense, the violence it recalls is appropriate, given the festival was partly encouraged to promote national unity after the humiliation of the Franco-Prussian War. Yet, as the yearly chatter around grandes vacances implies, the French have often been unsure about what 14 July is really commemorating and why. Is it about the institution of the Republic? The French nation more generally? Or is it simply about bloody insurrection, one that famously freed only a handful of prisoners? Notably, there has always been a small but vocal fringe Royalist faction that believes the French Revolution was a mistake and that \u201cBastille Day\u201d is simply the grubby glorification of proletarian violence.<\/p>\n<p>Interestingly, though, this is not the position of Marine Le Pen\u2019s Rassemblement National, which has always proudly embraced 14 July \u2014 albeit with rising warnings of anti-Republican \u201cbarbarism\u201d in the banlieues. And no wonder: the most shocking recent example of anti-French violence came on 14 July 2016, when a Tunisian terrorist ploughed a 19-tonne cargo truck into the holiday crowds at Nice, killing 86 people.<\/p>\n<p>Recent criticism of the holiday has come from the Left. Some have argued that the displays of military might are crassly jingoistic in an age of European unity, even as invitations to Algeria and Morocco cause a degree of post-colonial angst. These controversies have been compounded by absurd exhortations by well-meaning Leftist for Muslims to \u201cpray for France\u201d \u2014 on a day, let\u2019s not forget, that commemorates the refounding of France as a strictly secular state.<\/p>\n<p>There has always been an ambivalence in France\u2019s Muslim Community \u2014 the largest in Europe \u2014 towards Le Quatorze.\u00a0 Hardliners insist that Islam forbids celebrating festivals belonging to non-Muslims, or \u201cmiscreants\u201d. There have also been well-intended gestures from moderates such as the Union des Mosqu\u00e9es de France (UMF) who regularly appeal to Muslims to join in with \u201cthe spirit of fraternity\u201d in the interests of national unity. The truth is however, that most Muslims of varying shades of piety think that Le Quatorze Juillet has nothing to do with them.<\/p>\n<p>\u201cThere has always been an ambivalence in France\u2019s Muslim Community.\u201d<\/p>\n<p>Most significantly, today\u2019s celebrations have come under attack from Left-wing historians, with Patrick Boucheron, a medieval historian at the Coll\u00e8ge de France, leading the charge. Boucheron is not only an academic but a media figure in France, regularly appearing on television to expound against French exceptionalism, the idea of the \u201cGreat Nation\u201d with a duty to show the world how to live.<\/p>\n<p>Instead, Boucheron argues that French history is merely a component part of what he calls \u201cglobal history\u201d \u2014 the complicated matrix of geography, geopolitics, and colonialism which have together shaped the present. His opponents accuse him of being \u201canti-French\u201d, using dubious Anglo-American ideas to rewrite French history in favour of diversity. This was a talking point during the opening ceremony of last year\u2019s Olympic Games in Paris, partly scripted by Boucheron, and which depicted the French Revolution, and especially Marie Antoinette, in an irreverent way (the unfortunate queen was shown holding her head in hands, singing a revolutionary anthem). There was also, most provocatively, no mention of the Declaration of the Rights of Man. \u201cThe Revolution was violence,\u201d said Boucheron in his defence. \u201cWe have to show how it was. We should not exalt it.\u201d<\/p>\n<p>It\u2019s clear, then, that 14 July has lately morphed not just into a debate about history, or even the legacy of the past on the present. Rather, it has become a proxy for a far broader dispute \u2014 about what France is. For their part, Boucheron\u2019s enemies accuse him of being part of a globalised intellectual \u00e9lite, one which loathes France and its people. Typical here is Loris Chavanette, a specialist of the Revolution. In the pages of Marianne, a Leftist publication sceptical of liberal handwringing, Chavanette argued that Boucheron and his friends helped prod France towards \u201ccultural and moral decadence\u201d. Ignorance of 14 July, he added, \u201cis the symptom of the fracturing of our national bonds\u201d.<\/p>\n<p>Yet for all their diffidence towards the holiday, and even if their own historical knowledge is blurred and unsure, most ordinary French people would probably side with Chavanette and not Boucheron. Though attitudes towards the 14 July are indeed a clear marker of how \u201cfractured\u201d France is these days, whether they think they are celebrating the patrie or the Republic most people still need to feel, even in some vague way, French. At the same time, a recent IFOP poll found that some 63% of French people, although in favour of Le Quatorze Juillet, were unsure of the meaning of the term Republic these days.<\/p>\n<p>And besides, whatever the controversies that surround it, the fact is that the storming of the Bastille is not merely one of the most important moments in the story of France \u2014 it\u2019s also a key moment in world history. It\u2019s a totem, still alive in many political cultures across the world, not just Marxist but socialist and liberal too. Despite the apparent cultivated indifference of the French, it is also impossible to imagine France without Le Quatorze Juillet, a sentiment endorsed not only by the French at home but also homesick French expatriates who celebrate it in South Kensington, and other international French enclaves, as fervently as they do in Paris.\u00a0Just whatever you do, don\u2019t call it \u201cBastille Day\u201d.<\/p>\n","protected":false},"excerpt":{"rendered":"Today is Bastille Day \u2014 except in France. Spend long here, and you\u2019ll quickly find that this national&hellip;\n","protected":false},"author":2,"featured_media":263010,"comment_status":"","ping_status":"","sticky":false,"template":"","format":"standard","meta":{"footnotes":""},"categories":[5309],"tags":[84995,2766,2000,299,36,5321,2348],"class_list":{"0":"post-263009","1":"post","2":"type-post","3":"status-publish","4":"format-standard","5":"has-post-thumbnail","7":"category-france","8":"tag-bastille-day","9":"tag-culture","10":"tag-eu","11":"tag-europe","12":"tag-france","13":"tag-french-revolution","14":"tag-history"},"share_on_mastodon":{"url":"https:\/\/pubeurope.com\/@uk\/114849027351154540","error":""},"_links":{"self":[{"href":"https:\/\/www.europesays.com\/uk\/wp-json\/wp\/v2\/posts\/263009","targetHints":{"allow":["GET"]}}],"collection":[{"href":"https:\/\/www.europesays.com\/uk\/wp-json\/wp\/v2\/posts"}],"about":[{"href":"https:\/\/www.europesays.com\/uk\/wp-json\/wp\/v2\/types\/post"}],"author":[{"embeddable":true,"href":"https:\/\/www.europesays.com\/uk\/wp-json\/wp\/v2\/users\/2"}],"replies":[{"embeddable":true,"href":"https:\/\/www.europesays.com\/uk\/wp-json\/wp\/v2\/comments?post=263009"}],"version-history":[{"count":0,"href":"https:\/\/www.europesays.com\/uk\/wp-json\/wp\/v2\/posts\/263009\/revisions"}],"wp:featuredmedia":[{"embeddable":true,"href":"https:\/\/www.europesays.com\/uk\/wp-json\/wp\/v2\/media\/263010"}],"wp:attachment":[{"href":"https:\/\/www.europesays.com\/uk\/wp-json\/wp\/v2\/media?parent=263009"}],"wp:term":[{"taxonomy":"category","embeddable":true,"href":"https:\/\/www.europesays.com\/uk\/wp-json\/wp\/v2\/categories?post=263009"},{"taxonomy":"post_tag","embeddable":true,"href":"https:\/\/www.europesays.com\/uk\/wp-json\/wp\/v2\/tags?post=263009"}],"curies":[{"name":"wp","href":"https:\/\/api.w.org\/{rel}","templated":true}]}}