{"id":267047,"date":"2025-07-16T16:43:09","date_gmt":"2025-07-16T16:43:09","guid":{"rendered":"https:\/\/www.europesays.com\/uk\/267047\/"},"modified":"2025-07-16T16:43:09","modified_gmt":"2025-07-16T16:43:09","slug":"volcano-on-reykjanes-peninsula-in-iceland-erupts-for-ninth-time-since-2023-iceland","status":"publish","type":"post","link":"https:\/\/www.europesays.com\/uk\/267047\/","title":{"rendered":"Volcano on Reykjanes peninsula in Iceland erupts for ninth time since 2023 | Iceland"},"content":{"rendered":"<p class=\"dcr-16w5gq9\">A volcano erupted on Wednesday on Iceland\u2019s Reykjanes peninsula in the south-west of the country, the ninth eruption in region since the end of 2023.<\/p>\n<p class=\"dcr-16w5gq9\">The Icelandic Meteorological Office (IMO) said the eruption had begun just before 4am local time (05:00 BST), and live video feeds showed lava spewing from a fissure in the ground.<\/p>\n<p class=\"dcr-16w5gq9\">The IMO later said the main fissure was about 1.5 miles (2.4km) long, and that a second fissure of about 500 metres long had opened up nearby.<\/p>\n<p class=\"dcr-16w5gq9\">Residents were advised to say indoors because high levels of toxic gas in the air.<\/p>\n<p class=\"dcr-16w5gq9\">The broadcaster RUV reported that a nearby fishing village, Grindav\u00edk, had been evacuated, as had the Blue Lagoon spa, a famous tourist spot.<\/p>\n<p class=\"dcr-16w5gq9\">Police commissioner Margr\u00e9t Krist\u00edn P\u00e1lsd\u00f3ttir told RUV the evacuation of about 100 people had gone smoothly.<\/p>\n<p class=\"dcr-16w5gq9\">She also said police had prevented some tourists from entering the area. \u201cOf course, we understand that this is a fascinating event, especially for tourists who are not as accustomed to it as we are,\u201d she said.<\/p>\n<p>Tourists watch the eruption from a road near Keflav\u00edk airport. Photograph: Halldor Kolbeins\/AFP\/Getty Images<\/p>\n<p class=\"dcr-16w5gq9\">Benedikt \u00d3feigsson, a geophysicist with the IMO, told RUV that the eruption didn\u2019t seem as big as earlier ones and was not near any infrastructure.<\/p>\n<p class=\"dcr-16w5gq9\">The last eruption in the area was in April, and a risk assessment published on Tuesday didn\u2019t expect another eruption until the autumn.<\/p>\n<p class=\"dcr-16w5gq9\">When the first eruption took place in late 2023, most of Grindav\u00edk\u2019s 4,000 residents were evacuated. Almost all of the homes in the village have since been sold to the state, and most of the residents have left.<\/p>\n<p class=\"dcr-16w5gq9\">Volcanoes on the Reykjanes peninsula had not erupted for eight centuries when a period of heightened seismic activity began in March 2021.<\/p>\n<p><a data-ignore=\"global-link-styling\" href=\"#EmailSignup-skip-link-12\" class=\"dcr-jzxpee\">skip past newsletter promotion<\/a><\/p>\n<p class=\"dcr-rsfwa\">Sign up to This is Europe<\/p>\n<p class=\"dcr-1xjndtj\">The most pressing stories and debates for Europeans \u2013 from identity to economics to the environment<\/p>\n<p><strong>Privacy Notice: <\/strong>Newsletters may contain info about charities, online ads, and content funded by outside parties. For more information see our <a data-ignore=\"global-link-styling\" href=\"https:\/\/www.theguardian.com\/help\/privacy-policy\" rel=\"noreferrer noopener\" class=\"dcr-1rjy2q9\" target=\"_blank\">Privacy Policy<\/a>. We use Google reCaptcha to protect our website and the Google <a data-ignore=\"global-link-styling\" href=\"https:\/\/policies.google.com\/privacy\" rel=\"noreferrer noopener\" class=\"dcr-1rjy2q9\" target=\"_blank\">Privacy Policy<\/a> and <a data-ignore=\"global-link-styling\" href=\"https:\/\/policies.google.com\/terms\" rel=\"noreferrer noopener\" class=\"dcr-1rjy2q9\" target=\"_blank\">Terms of Service<\/a> apply.<\/p>\n<p id=\"EmailSignup-skip-link-12\" tabindex=\"0\" aria-label=\"after newsletter promotion\" role=\"note\" class=\"dcr-jzxpee\">after newsletter promotion<\/p>\n<p class=\"dcr-16w5gq9\">Volcanologists have said in recent years that activity in the region had entered a new era.<\/p>\n<p class=\"dcr-16w5gq9\">RUV said the latest eruption was not expected to affect international flights.<\/p>\n<p class=\"dcr-16w5gq9\">An eruption in another part of Iceland in 2010 caused worldwide travel chaos when an ash cloud forced the closure of airspace.<\/p>\n<p class=\"dcr-16w5gq9\">Iceland has 33 active volcanic systems, more than any other European country. It is located on the mid-atlantic ridge, a fault line in the ocean floor between the Eurasian and North American tectonic plates.<\/p>\n","protected":false},"excerpt":{"rendered":"A volcano erupted on Wednesday on Iceland\u2019s Reykjanes peninsula in the south-west of the country, the ninth eruption&hellip;\n","protected":false},"author":2,"featured_media":267048,"comment_status":"","ping_status":"","sticky":false,"template":"","format":"standard","meta":{"footnotes":""},"categories":[5],"tags":[12,26],"class_list":{"0":"post-267047","1":"post","2":"type-post","3":"status-publish","4":"format-standard","5":"has-post-thumbnail","7":"category-world","8":"tag-news","9":"tag-world"},"share_on_mastodon":{"url":"https:\/\/pubeurope.com\/@uk\/114863918519263456","error":""},"_links":{"self":[{"href":"https:\/\/www.europesays.com\/uk\/wp-json\/wp\/v2\/posts\/267047","targetHints":{"allow":["GET"]}}],"collection":[{"href":"https:\/\/www.europesays.com\/uk\/wp-json\/wp\/v2\/posts"}],"about":[{"href":"https:\/\/www.europesays.com\/uk\/wp-json\/wp\/v2\/types\/post"}],"author":[{"embeddable":true,"href":"https:\/\/www.europesays.com\/uk\/wp-json\/wp\/v2\/users\/2"}],"replies":[{"embeddable":true,"href":"https:\/\/www.europesays.com\/uk\/wp-json\/wp\/v2\/comments?post=267047"}],"version-history":[{"count":0,"href":"https:\/\/www.europesays.com\/uk\/wp-json\/wp\/v2\/posts\/267047\/revisions"}],"wp:featuredmedia":[{"embeddable":true,"href":"https:\/\/www.europesays.com\/uk\/wp-json\/wp\/v2\/media\/267048"}],"wp:attachment":[{"href":"https:\/\/www.europesays.com\/uk\/wp-json\/wp\/v2\/media?parent=267047"}],"wp:term":[{"taxonomy":"category","embeddable":true,"href":"https:\/\/www.europesays.com\/uk\/wp-json\/wp\/v2\/categories?post=267047"},{"taxonomy":"post_tag","embeddable":true,"href":"https:\/\/www.europesays.com\/uk\/wp-json\/wp\/v2\/tags?post=267047"}],"curies":[{"name":"wp","href":"https:\/\/api.w.org\/{rel}","templated":true}]}}