{"id":269049,"date":"2025-07-17T10:17:11","date_gmt":"2025-07-17T10:17:11","guid":{"rendered":"https:\/\/www.europesays.com\/uk\/269049\/"},"modified":"2025-07-17T10:17:11","modified_gmt":"2025-07-17T10:17:11","slug":"france-turn-to-experience-for-final-all-blacks-test-with-8-changes","status":"publish","type":"post","link":"https:\/\/www.europesays.com\/uk\/269049\/","title":{"rendered":"France turn to experience for final All Blacks Test with 8 changes"},"content":{"rendered":"\n<p>France head coach <a href=\"https:\/\/www.rugbypass.com\/players\/fabien-galthie\/\" target=\"_blank\" rel=\"noopener\">Fabien Galthie<\/a> has recalled his more experienced players for their final Test against the <a href=\"https:\/\/www.rugbypass.com\/teams\/new-zealand\/\" target=\"_blank\" rel=\"noopener\">All Blacks<\/a> in Hamilton on Saturday.<\/p>\n<p>After fielding a vastly inexperienced side in the 43-17 defeat in Wellington, where over a third of the team were making their debuts, Galthie has opted to recall the established internationals he has at his disposal.<\/p>\n<p>The 95-cap Ga\u00ebl Fickou returns to the matchday squad after missing the second Test, and will resume his role as captain at inside centre. He will be joined by fellow 50-cap veteran <a href=\"https:\/\/www.rugbypass.com\/players\/rabah-slimani\/\" target=\"_blank\" rel=\"noopener\">Rabah Slimani<\/a>, who will pack down at tighthead after also being rested for the second Test.<\/p>\n<p>Even decisions by Galthie to hand first starts of the tour to the 16-cap hooker <a href=\"https:\/\/www.rugbypass.com\/players\/pierre-bourgarit\/\" target=\"_blank\" rel=\"noopener\">Pierre Bourgarit<\/a> over the marginally less experienced Ga\u00ebtan Barlot and the nine-cap <a href=\"https:\/\/www.rugbypass.com\/players\/antoine-hastoy\/\" target=\"_blank\" rel=\"noopener\">Antoine Hastoy<\/a> at fly-half over <a href=\"https:\/\/www.rugbypass.com\/players\/joris-segonds\/\" target=\"_blank\" rel=\"noopener\">Joris Segonds<\/a>, who only made his debut in the first Test, suggest he is attempting to field the most seasoned international team he has from what is a green squad that he took to New Zealand.<\/p>\n<p>      <img decoding=\"async\" src=\"https:\/\/www.europesays.com\/uk\/wp-content\/uploads\/2025\/07\/1752747431_613_811.png.webp\"\/> <\/p>\n<p> New Zealand <\/p>\n<p>    <img decoding=\"async\" src=\"https:\/\/www.europesays.com\/uk\/wp-content\/uploads\/2025\/07\/1752747431_462_806.png.webp\"\/> <\/p>\n<p> France <\/p>\n<p>    <a href=\"https:\/\/www.rugbypass.com\/live\/france-vs-new-zealand\/?g=946102\/\" class=\"link-box\" target=\"_blank\" rel=\"noopener\">   <\/p>\n<p><strong>France XV<\/strong><br \/>1. <a href=\"https:\/\/www.rugbypass.com\/players\/baptiste-erdocio\/\" target=\"_blank\" rel=\"noopener\">Baptiste Erdocio<\/a>, 25, 1 cap, Montpellier<br \/>2. <a href=\"https:\/\/www.rugbypass.com\/players\/pierre-bourgarit\/\" target=\"_blank\" rel=\"noopener\">Pierre Bourgarit<\/a>, 27, 16 caps, La Rochelle<br \/>3. Rabah Slimani, 35, 58 caps, Leinster Rugby<br \/>4. <a href=\"https:\/\/www.rugbypass.com\/players\/hugo-auradou\/\" target=\"_blank\" rel=\"noopener\">Hugo Auradou<\/a>, 21, 6 caps, Pau<br \/>5. <a href=\"https:\/\/www.rugbypass.com\/players\/matthias-halagahu\/\" target=\"_blank\" rel=\"noopener\">Matthias Halagahu<\/a>, 23, 1 cap, Toulon<br \/>6. <a href=\"https:\/\/www.rugbypass.com\/players\/alexandre-fischer\/\" target=\"_blank\" rel=\"noopener\">Alexandre Fischer<\/a>, 27, 1 cap, Bayonne<br \/>7. <a href=\"https:\/\/www.rugbypass.com\/players\/joshua-brennan\/\" target=\"_blank\" rel=\"noopener\">Joshua Brennan<\/a>, 23, 1 cap, Toulouse<br \/>8. Micka\u00ebl Guillard, 24, 11 caps, Lyon<br \/>9. <a href=\"https:\/\/www.rugbypass.com\/players\/nolann-le-garrec\/\" target=\"_blank\" rel=\"noopener\">Nolann Le Garrec<\/a>, 23, 12 caps, La Rochelle<br \/>10. <a href=\"https:\/\/www.rugbypass.com\/players\/antoine-hastoy\/\" target=\"_blank\" rel=\"noopener\">Antoine Hastoy<\/a>, 28, 9 caps, La Rochelle<br \/>11. Gabin Villi\u00e8re, 28, 19 Caps, Toulon<br \/>12. Ga\u00ebl Fickou (captain), 31, 95 caps, Racing 92<br \/>13. Nicolas Depoort\u00e8re, 22, 3 caps, Bordeaux-B\u00e8gles<br \/>14. Th\u00e9o Attissogb\u00e9, 20, 7 caps, Pau<br \/>15. L\u00e9o Barr\u00e9, 22, 8 caps, Stade Fran\u00e7ais<\/p>\n<p><strong>Replacements<\/strong><br \/>16. Ga\u00ebtan Barlot, 28, 11 caps, Bordeaux-B\u00e8gles<br \/>17. <a href=\"https:\/\/www.rugbypass.com\/players\/paul-mallez\/\" target=\"_blank\" rel=\"noopener\">Paul Mallez<\/a>, 24, 2 caps, Provence Rugby<br \/>18. <a href=\"https:\/\/www.rugbypass.com\/players\/demba-bamba\/\" target=\"_blank\" rel=\"noopener\">Demba Bamba<\/a>, 27, 28 caps, Racing 92<br \/>19. Romain Taofif\u00e9nua, 34, 56 caps, Racing 92<br \/>20. <a href=\"https:\/\/www.rugbypass.com\/players\/killian-tixeront\/\" target=\"_blank\" rel=\"noopener\">Killian Tixeront<\/a>, 23, 2 caps, ASM Clermont<br \/>21. <a href=\"https:\/\/www.rugbypass.com\/players\/pierre-bochaton\/\" target=\"_blank\" rel=\"noopener\">Pierre Bochaton<\/a>, 24, 1 cap, Bordeaux-B\u00e8gles<br \/>22. <a href=\"https:\/\/www.rugbypass.com\/players\/thibault-daubagna\/\" target=\"_blank\" rel=\"noopener\">Thibault Daubagna<\/a>, 31, 1 cap, Pau<br \/>23. \u00c9milien Gailleton, 22, 9 caps, Pau<\/p>\n","protected":false},"excerpt":{"rendered":"France head coach Fabien Galthie has recalled his more experienced players for their final Test against the All&hellip;\n","protected":false},"author":2,"featured_media":269050,"comment_status":"","ping_status":"","sticky":false,"template":"","format":"standard","meta":{"footnotes":""},"categories":[4102],"tags":[4151,79,16,15],"class_list":{"0":"post-269049","1":"post","2":"type-post","3":"status-publish","4":"format-standard","5":"has-post-thumbnail","7":"category-rugby","8":"tag-rugby","9":"tag-sports","10":"tag-uk","11":"tag-united-kingdom"},"share_on_mastodon":{"url":"https:\/\/pubeurope.com\/@uk\/114868063060386918","error":""},"_links":{"self":[{"href":"https:\/\/www.europesays.com\/uk\/wp-json\/wp\/v2\/posts\/269049","targetHints":{"allow":["GET"]}}],"collection":[{"href":"https:\/\/www.europesays.com\/uk\/wp-json\/wp\/v2\/posts"}],"about":[{"href":"https:\/\/www.europesays.com\/uk\/wp-json\/wp\/v2\/types\/post"}],"author":[{"embeddable":true,"href":"https:\/\/www.europesays.com\/uk\/wp-json\/wp\/v2\/users\/2"}],"replies":[{"embeddable":true,"href":"https:\/\/www.europesays.com\/uk\/wp-json\/wp\/v2\/comments?post=269049"}],"version-history":[{"count":0,"href":"https:\/\/www.europesays.com\/uk\/wp-json\/wp\/v2\/posts\/269049\/revisions"}],"wp:featuredmedia":[{"embeddable":true,"href":"https:\/\/www.europesays.com\/uk\/wp-json\/wp\/v2\/media\/269050"}],"wp:attachment":[{"href":"https:\/\/www.europesays.com\/uk\/wp-json\/wp\/v2\/media?parent=269049"}],"wp:term":[{"taxonomy":"category","embeddable":true,"href":"https:\/\/www.europesays.com\/uk\/wp-json\/wp\/v2\/categories?post=269049"},{"taxonomy":"post_tag","embeddable":true,"href":"https:\/\/www.europesays.com\/uk\/wp-json\/wp\/v2\/tags?post=269049"}],"curies":[{"name":"wp","href":"https:\/\/api.w.org\/{rel}","templated":true}]}}