{"id":270494,"date":"2025-07-17T22:57:09","date_gmt":"2025-07-17T22:57:09","guid":{"rendered":"https:\/\/www.europesays.com\/uk\/270494\/"},"modified":"2025-07-17T22:57:09","modified_gmt":"2025-07-17T22:57:09","slug":"belladrum-tartan-heart-festival-set-to-embrace-cinema-with-picture-dome-festival-to-link-movies-theme-for-2025-with-support-from-eventscotland-film-hub-scotland-glasgow-short-film-festival-discove-2","status":"publish","type":"post","link":"https:\/\/www.europesays.com\/uk\/270494\/","title":{"rendered":"Belladrum Tartan Heart Festival set to embrace cinema with Picture Dome Festival to link movies theme for 2025 with support from EventScotland, Film Hub Scotland, Glasgow Short Film Festival &#038; Discovery Film Festival"},"content":{"rendered":"\n<p>Belladrum Tartan Heart Festival is set to host a groundbreaking film festival experience as a brand new addition to the <a href=\"https:\/\/tartanheartfestival.com\/\" target=\"_blank\" rel=\"noopener\">much-loved summer event.<\/a><\/p>\n<p>Part of the music the <a href=\"https:\/\/www.inverness-courier.co.uk\/news\/a-magical-memory-provoking-meander-in-solitude-around-the-be-387138\/\" target=\"_blank\" rel=\"noopener\">2025 music festival\u2019s<\/a> \u2018Bella Goes to the Movies\u2019 theme, organisers have teamed up with leading Scottish film organisations to create a film extravaganza.<\/p>\n<p>The Picture Dome Festival, an on-site cinema and film festival experience, will offer attendees a different cultural dimension to enjoy alongside <a href=\"https:\/\/www.inverness-courier.co.uk\/news\/texas-and-paul-heaton-to-headline-belladrum-2025-365816\/\" target=\"_blank\" rel=\"noopener\">the great music and live entertainment the festival is renowned for.<\/a><\/p>\n<p><img decoding=\"async\" class=\"rthmb\" src=\"data:image\/svg+xml,%3Csvg xmlns=\" http:=\"\" viewbox=\"0 0 1224 864\" alt=\"DCA Discovery Cinema. Picture: Erika Stevenson.\" data-root=\"\/_media\/img\/\" data-path=\"3OTHISM5G5UKAXAA87TN.jpg\" data-ar=\"1.42\"\/>DCA Discovery Cinema. Picture: Erika Stevenson.<\/p>\n<p>Funded with support from EventScotland, the Picture Dome has been developed alongside Film Hub Scotland.<\/p>\n<p>It will feature a carefully curated programme, showcasing a diverse mix of short films from across the world through a partnership with Glasgow Short Film Festival &amp; Discovery Film Festival, family favourites, music documentaries, Gaelic language cinema and late-night feature-length classics.<\/p>\n<p>Bella producer Dougie Brown said: \u201cWe are delighted to launch this exciting new addition to our already eclectic and packed programme at Belladrum Festival.<\/p>\n<p>\u201cThe Picture Dome Festival will be an incredible new experience for festival goers, where they can lose themselves in the world of film from stunning animations to movie classics to family blockbusters and exciting new Scottish and Gaelic movies.\u201d<\/p>\n<p><img decoding=\"async\" class=\"rthmb\" src=\"data:image\/svg+xml,%3Csvg xmlns=\" http:=\"\" viewbox=\"0 0 1890 1334\" alt=\"Belladrum Day 1, 2024\" data-root=\"\/_media\/img\/\" data-path=\"RX1AZISU3061MGNH2ZZ9.jpg\" data-ar=\"1.42\"\/>Belladrum Day 1, 2024<\/p>\n<p>Rebecca Edser, head of EventScotland, was thrilled to be able to support the festival through their national events funding programme<\/p>\n<p>She said: \u201cThis brand new element of the festival is fantastic addition to their 21st birthday event and will help to reinforce Scotland\u2019s reputation as a leading tourism and events destination.<\/p>\n<p>\u201cWith a line-up already showcasing some of the best Scottish pop and traditional acts and much more, I\u2019m sure visitors from the local Inverness community, the surrounding areas and beyond will have plenty to enjoy at this milestone celebration for Belladrum.\u201d<\/p>\n<p>Those who embrace the cinematic offerings will have a rich choice of subject.<\/p>\n<p><img decoding=\"async\" class=\"rthmb\" src=\"data:image\/svg+xml,%3Csvg xmlns=\" http:=\"\" viewbox=\"0 0 1024 722\" alt=\"The Test, one of the shorts\" data-root=\"\/_media\/img\/\" data-path=\"QBR6XL83KJNYMJXQ75QC.jpg\" data-ar=\"1.42\"\/>The Test, one of the shorts<img decoding=\"async\" class=\"rthmb\" src=\"data:image\/svg+xml,%3Csvg xmlns=\" http:=\"\" viewbox=\"0 0 1024 722\" alt=\"Carp and Child family short.\" data-root=\"\/_media\/img\/\" data-path=\"W601W61WLKBZN3AMY2OZ.jpg\" data-ar=\"1.42\"\/>Carp and Child family short.<\/p>\n<p>Scotland\u2019s leading celebration of short-form cinema, Glasgow Short Film Festival, will present a vibrant programme of curated shorts.<\/p>\n<p>From comedies to family-friendly features, the international selection spans storytelling from Estonia, the Czech Republic, France, Spain and more, and offers a rare chance to experience creative filmmaking from around the globe, right in the heart of the Highlands.<\/p>\n<p>Dundee Contemporary Arts\u2019 Discovery Film Festival has also curated a heart-warming family programme, including their much-loved Shorts for Wee Ones and Shorts for Families, with a selection of colourful films perfect for Belladrum\u2019s younger audiences.<\/p>\n<p>Additional highlights include Out Loud, from Gaelic singer Kim Carnie who is no stranger to Belladrum as both a solo artist and member of M\u00e0nran.<\/p>\n<p>The documentary follows Kim as she reflects on her own journey with identity and sexuality, meeting LGBTQ+ individuals and activists from around the world.<\/p>\n<p>Kim said: \u201cBelladrum draws in such a loving and fun audience &#8211; and it\u2019s easily one of my favourite festivals.<\/p>\n<p><img decoding=\"async\" class=\"rthmb\" src=\"data:image\/svg+xml,%3Csvg xmlns=\" http:=\"\" viewbox=\"0 0 1080 1047\" alt=\"Kim Carnie Out Loud poster.\" data-root=\"\/_media\/img\/\" data-path=\"0TD5X7RIMETLG8U17UQS.jpg\" data-ar=\"1.03\"\/>Kim Carnie Out Loud poster.<\/p>\n<p>\u201cI was over the moon when they asked to show the film. I think the festival is a really nice fit for the film.\u201d<\/p>\n<p>Also showing will be Since Yesterday: The Untold Story of Scotland\u2019s Girl Bands, written and narrated in part by musician Carla J. Easton, again, no stranger to Belladrum having last performed alongside The Vaselines in 2024.<\/p>\n<p>This documentary shines a light on the overlooked women who shaped Scotland\u2019s music scene across the decades, combining rare archive footage, personal stories, and powerful commentary.<\/p>\n<p>It\u2019s said to be a celebration of trailblazers past and a rallying cry for the next generation of female talent.<\/p>\n<p>\u2018Runrig: There Must Be A Place\u2019 will feature on Friday afternoon and tells the story of Runrig \u2013 a tale of ups and downs, twists and turns, tears of joy and heartbreak.<\/p>\n<p>Packed with never-before-seen footage and photographs from the band\u2019s private archives, it charts the unlikely rise of a ragtag band of friends who would go on to become Scotland\u2019s Band: Runrig.<\/p>\n<p><img decoding=\"async\" class=\"rthmb\" src=\"data:image\/svg+xml,%3Csvg xmlns=\" http:=\"\" viewbox=\"0 0 2835 2001\" alt=\"Baelladrum 2024\" data-root=\"\/_media\/img\/\" data-path=\"GS2ND5BDGO18NQA3JI2A.jpg\" data-ar=\"1.42\"\/>Baelladrum 2024<\/p>\n<p>There\u2019s a selection of Gaelic language movies across the weekend including new short film Marram, directed by Elspeth Turner and Robbie Jones, shot in Berneray, North Uist and in Edinburgh. It stars Dolina Maclennan, Daibhidh Walker and Ewan James Armstrong, featuring a transcendent score by Gaelic electronica duo, WHYTE.<\/p>\n<p>Other Gaelic showings include 2 animated short-films by Scottish BAFTA winner Catriona Black, P\u00ecobairean Bh\u00f2rnais and Calum Noah.<\/p>\n<p>Gra\u017eina \u0160\u010du\u010dkait\u0117, spotlight co-ordinator for Film Hub Scotland, said: \u201cIt\u2019s been a real joy to team up with Belladrum to bring a pop-up cinema into the festival mix.<\/p>\n<p>\u201cWe\u2019re working alongside brilliant partners like Glasgow Short Film Festival and Discovery Film Festival to shape a thoughtful, fun, and engaging programme.<\/p>\n<p>\u201cIt\u2019s a wonderful opportunity to share the magic of cinema in a fresh setting and connect audiences through powerful, imaginative storytelling.\u201d<\/p>\n<p><img decoding=\"async\" class=\"rthmb\" src=\"data:image\/svg+xml,%3Csvg xmlns=\" http:=\"\" viewbox=\"0 0 1700 1200\" alt=\"What's Up with the Sky still.\" data-root=\"\/_media\/img\/\" data-path=\"3O50CCAB367DFRAHMTZ7.jpg\" data-ar=\"1.42\"\/>What&#8217;s Up with the Sky still.<\/p>\n<p>For those seeking cinematic escapism after dark, the Picture Dome promises plenty of late-night fun.<\/p>\n<p>Visitors will enjoy screenings of beloved Scottish classics including Local Hero and cult favourite Highlander, following the festival\u2019s main stage headliners.<\/p>\n<p>Then, on Saturday evening there will be a mass singalong of Mamma Mia!<\/p>\n<p>Early morning sessions will see a family focus including animated movie favourites Finding Nemo, and iconic Scottish Disney Princess, Merida, in Brave.<\/p>\n<p>In a festival first and in keeping with the 2025 movies theme, SkyUp Academy will be based in the Walled Garden throughout the weekend and giving attendees the chance to learn hands-on filmmaking skills and techniques.<\/p>\n<p>As part of the fun, a selection of short films created by festivalgoers across the weekend while visiting SkyUp will premiere in a special showcase at the Picture Dome on Saturday afternoon, bringing new voices and creative talents straight to the big screen.<\/p>\n<p>Belladrum says the initiative further underlines their commitment to offering more than just music and enhancing the festival\u2019s unique appeal as a multi-arts celebration.<\/p>\n<p>    Do you want to respond to this article? If so, click <a href=\"http:\/\/www.ross-shirejournal.co.uk\/response\/?popform=true&amp;Url=https%3a%2f%2fwww.ross-shirejournal.co.uk%2fnews%2fbelladrum-2025-ready-to-host-big-screen-cinema-extravaganza-387398%2f&amp;Title=Belladrum+Tartan+Heart+Festival+set+to+embrace+cinema+with+Picture+Dome+Festival+to+link+movies+theme+for+2025+with+support+from+EventScotland%2c+Film+Hub+Scotland%2c+Glasgow+Short+Film+Festival+%26+Discovery+Film+Festival\" target=\"_blank\" rel=\"noopener\"><b>here<\/b><\/a> to submit your thoughts and they may be published in print.   <\/p>\n","protected":false},"excerpt":{"rendered":"Belladrum Tartan Heart Festival is set to host a groundbreaking film festival experience as a brand new addition&hellip;\n","protected":false},"author":2,"featured_media":270495,"comment_status":"","ping_status":"","sticky":false,"template":"","format":"standard","meta":{"footnotes":""},"categories":[8816],"tags":[748,1102,5899,4884,6685,1501,712,16,15],"class_list":{"0":"post-270494","1":"post","2":"type-post","3":"status-publish","4":"format-standard","5":"has-post-thumbnail","7":"category-edinburgh","8":"tag-britain","9":"tag-edinburgh","10":"tag-free","11":"tag-great-britain","12":"tag-keep-me-on-trend","13":"tag-latest-news","14":"tag-scotland","15":"tag-uk","16":"tag-united-kingdom"},"share_on_mastodon":{"url":"https:\/\/pubeurope.com\/@uk\/114871051826914343","error":""},"_links":{"self":[{"href":"https:\/\/www.europesays.com\/uk\/wp-json\/wp\/v2\/posts\/270494","targetHints":{"allow":["GET"]}}],"collection":[{"href":"https:\/\/www.europesays.com\/uk\/wp-json\/wp\/v2\/posts"}],"about":[{"href":"https:\/\/www.europesays.com\/uk\/wp-json\/wp\/v2\/types\/post"}],"author":[{"embeddable":true,"href":"https:\/\/www.europesays.com\/uk\/wp-json\/wp\/v2\/users\/2"}],"replies":[{"embeddable":true,"href":"https:\/\/www.europesays.com\/uk\/wp-json\/wp\/v2\/comments?post=270494"}],"version-history":[{"count":0,"href":"https:\/\/www.europesays.com\/uk\/wp-json\/wp\/v2\/posts\/270494\/revisions"}],"wp:featuredmedia":[{"embeddable":true,"href":"https:\/\/www.europesays.com\/uk\/wp-json\/wp\/v2\/media\/270495"}],"wp:attachment":[{"href":"https:\/\/www.europesays.com\/uk\/wp-json\/wp\/v2\/media?parent=270494"}],"wp:term":[{"taxonomy":"category","embeddable":true,"href":"https:\/\/www.europesays.com\/uk\/wp-json\/wp\/v2\/categories?post=270494"},{"taxonomy":"post_tag","embeddable":true,"href":"https:\/\/www.europesays.com\/uk\/wp-json\/wp\/v2\/tags?post=270494"}],"curies":[{"name":"wp","href":"https:\/\/api.w.org\/{rel}","templated":true}]}}