{"id":271098,"date":"2025-07-18T04:17:09","date_gmt":"2025-07-18T04:17:09","guid":{"rendered":"https:\/\/www.europesays.com\/uk\/271098\/"},"modified":"2025-07-18T04:17:09","modified_gmt":"2025-07-18T04:17:09","slug":"a-tour-of-transition","status":"publish","type":"post","link":"https:\/\/www.europesays.com\/uk\/271098\/","title":{"rendered":"A Tour of transition"},"content":{"rendered":"<p>                        <img decoding=\"async\"   src=\"https:\/\/www.europesays.com\/uk\/wp-content\/uploads\/2025\/07\/Z8B_0652-2.jpg\" alt=\"A Tour of transition\" loading=\"lazy\"\/><\/p>\n<p>                        <a class=\"article__category\" href=\"https:\/\/escapecollective.com\/tag\/tour-de-france\/\" target=\"_blank\" rel=\"noopener\">Tour de France<\/a><\/p>\n<p class=\"article__sub-title\">Tadej Poga\u010dar will likely reign over the Tour de France for a long time. But not forever.<\/p>\n<p>                                <img decoding=\"async\" alt=\"Kate Wagner\" loading=\"lazy\" class=\"author__photo lazy \" src=\"https:\/\/www.europesays.com\/uk\/wp-content\/uploads\/2025\/07\/XXX_PROFILE-150x150.png\" width=\"99\" height=\"99\"\/><\/p>\n<p>Gruber Images, Cor Vos<\/p>\n<p>It is hard to call something revenge when ressentiment is absent. It went simply, the gap, quietly even, not full of rage or impudence, nor, on the other hand, joy. One moment there were two riders at the steep foot of the Hautacam, the next there was one. It felt inevitable. Perhaps it was. The span of road between one man and the next and the man after him stretched out impersonally. The ensuing gaps spanned from hairpins to kilometers, as though the climb were a black hole men disappeared into. <\/p>\n<p>Tadej Poga\u010dar, injured, was unusually stiff as he made his way through the orgy of spectators, passed under one banner after the next. Jonas Vingegaard, who finally teetered off the edge of belief, had his mouth open, his hands on the tops of his bars. He kept his cadence steady \u2013 that\u2019s his style of riding \u2013 as the world blurred by him and wouldn\u2019t stop. Everyone on Hautacam languished under the heat of the Pyrenean sun. Not a single soul was spared from suffering. It\u2019s been like that for a while now.\u00a0<\/p>\n<p>This has been a strange Tour de France to watch. There is something simultaneously stagnant and desperate about it. The inevitability of Poga\u010dar, we all knew deep down, began before the race, perhaps in the Crit\u00e9rium du Dauphin\u00e9, which he made look like a club ride, or perhaps, even, in Paris last year. Those who forwent hope as early as Rouen were right to do so, though no one feels good about conceding things so easily. It\u2019s been half a decade since Poga\u010dar\u2019s first Tour win, if you can believe it. It might take another before we see any cracks in his armor.\u00a0<\/p>\n<p>Often in the last few years, there\u2019s been a sense of bleak resignation from much of the peloton whenever Poga\u010dar, Vingegaard or Mathieu van der Poel start a race. A sense of: there\u2019s no possibility of winning, so why even bother? But it\u2019s a funny fact of human nature that, when all feels decided, when dominance is indisputable \u2013 when there is no such thing as hope \u2013 the possibility of another world, the stirrings of the future can always be found beneath the surface. Not at once, but in piecemeal.\u00a0<\/p>\n<p>            This post is for paying subscribers only<br \/>\n            <a class=\"gh-btn\" data-portal=\"signup\" href=\"#\/portal\/signup\" style=\"color:#FF6F42\">Subscribe now<\/a><\/p>\n<p>Already have an account? <a data-portal=\"signin\" href=\"#\/portal\/signin\">Sign in<\/a><\/p>\n<p>                Did we do a good job with this story?<\/p>\n<p class=\"reactions\" data-post-id=\"68796007717cae0274ca258a\">\n                    \ud83d\udc4dYep<br \/>\n                    \ud83d\udc4eNope\n                <\/p>\n<p class=\"tags\">\n                        <a href=\"https:\/\/escapecollective.com\/tag\/tour-de-france\/\" title=\"Tour de France\" class=\"tag tag-67a677ae0c7ad49bf4f295a6 tour-de-france\" rel=\"tag noopener\" target=\"_blank\">Tour de France<\/a><br \/>\n                        <a href=\"https:\/\/escapecollective.com\/tag\/news-and-racing\/\" title=\"News &amp; Racing\" class=\"tag tag-67a677ae0c7ad49bf4f293b3 news-and-racing\" rel=\"tag noopener\" target=\"_blank\">News &amp; Racing<\/a>\n                <\/p>\n","protected":false},"excerpt":{"rendered":"Tour de France Tadej Poga\u010dar will likely reign over the Tour de France for a long time. But&hellip;\n","protected":false},"author":2,"featured_media":271099,"comment_status":"","ping_status":"","sticky":false,"template":"","format":"standard","meta":{"footnotes":""},"categories":[4104],"tags":[4230,79,16,15],"class_list":{"0":"post-271098","1":"post","2":"type-post","3":"status-publish","4":"format-standard","5":"has-post-thumbnail","7":"category-cycling","8":"tag-cycling","9":"tag-sports","10":"tag-uk","11":"tag-united-kingdom"},"share_on_mastodon":{"url":"https:\/\/pubeurope.com\/@uk\/114872309803280162","error":""},"_links":{"self":[{"href":"https:\/\/www.europesays.com\/uk\/wp-json\/wp\/v2\/posts\/271098","targetHints":{"allow":["GET"]}}],"collection":[{"href":"https:\/\/www.europesays.com\/uk\/wp-json\/wp\/v2\/posts"}],"about":[{"href":"https:\/\/www.europesays.com\/uk\/wp-json\/wp\/v2\/types\/post"}],"author":[{"embeddable":true,"href":"https:\/\/www.europesays.com\/uk\/wp-json\/wp\/v2\/users\/2"}],"replies":[{"embeddable":true,"href":"https:\/\/www.europesays.com\/uk\/wp-json\/wp\/v2\/comments?post=271098"}],"version-history":[{"count":0,"href":"https:\/\/www.europesays.com\/uk\/wp-json\/wp\/v2\/posts\/271098\/revisions"}],"wp:featuredmedia":[{"embeddable":true,"href":"https:\/\/www.europesays.com\/uk\/wp-json\/wp\/v2\/media\/271099"}],"wp:attachment":[{"href":"https:\/\/www.europesays.com\/uk\/wp-json\/wp\/v2\/media?parent=271098"}],"wp:term":[{"taxonomy":"category","embeddable":true,"href":"https:\/\/www.europesays.com\/uk\/wp-json\/wp\/v2\/categories?post=271098"},{"taxonomy":"post_tag","embeddable":true,"href":"https:\/\/www.europesays.com\/uk\/wp-json\/wp\/v2\/tags?post=271098"}],"curies":[{"name":"wp","href":"https:\/\/api.w.org\/{rel}","templated":true}]}}