{"id":273235,"date":"2025-07-18T23:10:14","date_gmt":"2025-07-18T23:10:14","guid":{"rendered":"https:\/\/www.europesays.com\/uk\/273235\/"},"modified":"2025-07-18T23:10:14","modified_gmt":"2025-07-18T23:10:14","slug":"kneecap-take-swipe-at-john-swinney-after-glasgow-show-sells-out-in-hours","status":"publish","type":"post","link":"https:\/\/www.europesays.com\/uk\/273235\/","title":{"rendered":"Kneecap take swipe at John Swinney after Glasgow show sells out in hours"},"content":{"rendered":"<p>IRISH rap trio Kneecap took a swipe at John Swinney as their Glasgow show sold out in hours.<\/p>\n<p>The Belfast-based group announced tickets for <a href=\"https:\/\/www.thescottishsun.co.uk\/tvandshowbiz\/15084672\/kneecap-announce-show-in-scotland-trnsmt-axe\/\" target=\"_blank\" rel=\"noopener\">their show at the OVO Hydro<\/a> had completely gone.<\/p>\n<p><a href=\"#\"><img decoding=\"async\" alt=\"Kneecap performing at Bilbao BBK Live.\" height=\"640\" width=\"960\" data-credit=\"\" data-img=\"https:\/\/www.europesays.com\/uk\/wp-content\/uploads\/2025\/07\/moglai-bap-dj-provai-mo-1009299492.jpg\" data-caption=\"Kneecap took a swipe at John Swinney\"   loading=\"lazy\" src=\"https:\/\/www.europesays.com\/uk\/wp-content\/uploads\/2025\/07\/moglai-bap-dj-provai-mo-1009299492.jpg\" role=\"img\"\/><\/a><\/p>\n<p>5<\/p>\n<p>Kneecap took a swipe at John Swinney<a href=\"#\"><img decoding=\"async\" alt=\"Police officers outside a sold-out Kneecap concert venue.\" height=\"639\" width=\"960\" data-credit=\"\" data-img=\"https:\/\/www.europesays.com\/uk\/wp-content\/uploads\/2025\/07\/police-officers-outside-02-academy-1008494200_6c0f95.jpg\" data-caption=\"They performed at the O2 Academy earlier this month\"   loading=\"lazy\" src=\"https:\/\/www.europesays.com\/uk\/wp-content\/uploads\/2025\/07\/police-officers-outside-02-academy-1008494200_6c0f95.jpg\" role=\"img\"\/><\/a><\/p>\n<p>5<\/p>\n<p>They performed at the O2 Academy earlier this month<a href=\"#\"><img decoding=\"async\" alt=\"Three musicians performing on stage.\" height=\"640\" width=\"960\" data-credit=\"\" data-img=\"https:\/\/www.europesays.com\/uk\/wp-content\/uploads\/2025\/07\/wearing-keffiyeh-naoise-o-caireallain-1007838328.jpg\" data-caption=\"Tickets for their OVO Hydro show sold out in hour\"   loading=\"lazy\" src=\"https:\/\/www.europesays.com\/uk\/wp-content\/uploads\/2025\/07\/wearing-keffiyeh-naoise-o-caireallain-1007838328.jpg\" role=\"img\"\/><\/a><\/p>\n<p>5<\/p>\n<p>Tickets for their OVO Hydro show sold out in hour<a href=\"#\"><img decoding=\"async\" alt=\"John Swinney at a business park in Glasgow.\" height=\"640\" width=\"960\" data-credit=\"\" data-img=\"https:\/\/www.europesays.com\/uk\/wp-content\/uploads\/2025\/07\/first-minister-john-swinney-visit-1010227576.jpg\" data-caption=\"They called out John Swinney in a post on social media\"   loading=\"lazy\" src=\"https:\/\/www.europesays.com\/uk\/wp-content\/uploads\/2025\/07\/first-minister-john-swinney-visit-1010227576.jpg\" role=\"img\"\/><\/a><\/p>\n<p>5<\/p>\n<p>They called out John Swinney in a post on social media<a href=\"#\"><img decoding=\"async\" alt=\"Night view of the OVO Hydro in Glasgow, Scotland, illuminated in green.\" height=\"640\" width=\"960\" data-credit=\"\" data-img=\"https:\/\/www.europesays.com\/uk\/wp-content\/uploads\/2025\/07\/secc-front-car-park-outside-687878513.jpg\" data-caption=\"Kneecap are performing at the OVO Hydro later this year\"   loading=\"lazy\" src=\"https:\/\/www.europesays.com\/uk\/wp-content\/uploads\/2025\/07\/secc-front-car-park-outside-687878513.jpg\" role=\"img\"\/><\/a><\/p>\n<p>5<\/p>\n<p>Kneecap are performing at the OVO Hydro later this year<\/p>\n<p>Tickets for the show at the arena on November 30 went on sale this morning.<\/p>\n<p>The trio, whose stage names are Mo Chara, M\u00f3gla\u00ed Bap and DJ Pr\u00f3va\u00ed, have been at the centre of controversy.<\/p>\n<p>They came under fire after their <a href=\"https:\/\/www.thesun.co.uk\/topic\/coachella\/\" target=\"_blank\" rel=\"noopener\">Coachella<\/a> set in April where <a href=\"https:\/\/www.thescottishsun.co.uk\/tvandshowbiz\/14672516\/trnsmt-act-sparks-backlash-after-anti-israel-display\/\" target=\"_blank\" rel=\"noopener\">they projected anti-Israel messages on stage<\/a>.<\/p>\n<p>Footage from 2023 emerged of them <a href=\"https:\/\/www.thescottishsun.co.uk\/news\/scottish-news\/14702805\/tories-call-rappers-kneecap-to-be-axed-from-trnsmt\/\" target=\"_blank\" rel=\"noopener\">urging audience members to &#8220;kill your local MP&#8221;<\/a> and claiming that &#8220;the only good Tory is a dead Tory&#8221;.<\/p>\n<p>Mo Chara, whose real name is Liam \u00d3g \u00d3 hAnnaidh, is <a href=\"https:\/\/www.thescottishsun.co.uk\/news\/14826192\/major-trnsmt-act-kneecap-member-charged-terror\/\" target=\"_blank\" rel=\"noopener\">also facing terror charges<\/a> after allegedly displaying a flag in support of Hezbollah.<\/p>\n<p>The band were <a href=\"https:\/\/www.thescottishsun.co.uk\/tvandshowbiz\/14721839\/kneecap-axed-trnsmt-glasgow\/\" target=\"_blank\" rel=\"noopener\">axed from the TRNSMT music festival<\/a> in Glasgow <a href=\"https:\/\/www.thescottishsun.co.uk\/tvandshowbiz\/14867472\/politicians-blast-police-scotland-over-kneecap-trnsmt-axe\/\" target=\"_blank\" rel=\"noopener\">after cops raised safety fears<\/a>.<\/p>\n<p>Scotland&#8217;s First Minister <a href=\"https:\/\/www.thesun.co.uk\/who\/john-swinney\/\" target=\"_blank\" rel=\"noopener\">John Swinney<\/a> even weighed in on the controversy, <a href=\"https:\/\/www.thescottishsun.co.uk\/news\/14711720\/john-swinney-kneecap-removed-trnsmt-festival\/\" target=\"_blank\" rel=\"noopener\">saying it would be &#8220;unacceptable&#8221; for them to perform<\/a> at the <a href=\"https:\/\/www.thescottishsun.co.uk\/topic\/glasgow\/\" target=\"_blank\" rel=\"noopener\">Glasgow<\/a> Green festival.<\/p>\n<p>After being axed from the <a href=\"https:\/\/www.thescottishsun.co.uk\/topic\/festival\/\" target=\"_blank\" rel=\"noopener\">festival<\/a>, the controversial group performed <a href=\"https:\/\/www.thescottishsun.co.uk\/tvandshowbiz\/15048721\/kneecap-to-perform-glasgow-gig-after-trnsmt-axe\/\" target=\"_blank\" rel=\"noopener\">a sold out show at the city&#8217;s O2 Academy<\/a>.<\/p>\n<p>During the show the band took a swipe at the SNP leader with M\u00f3gla\u00ed Bap, real name Naoise \u00d3 Caireall\u00e1in, saying: &#8220;What do you call your First Minister?<\/p>\n<p>Crowds gather as Kneecap play Glasgow gig after TRNSMT axe<\/p>\n<p>&#8220;He wanted us off the line-up, f*** him.&#8221;<\/p>\n<p>The group have made yet another jibe at Mr Swinney after today&#8217;s ticket sell-out.<\/p>\n<p>Kneecap branded the FM their &#8220;head of PR&#8221; in a <a href=\"https:\/\/www.thescottishsun.co.uk\/topic\/social-media\/\" target=\"_blank\" rel=\"noopener\">social media<\/a> post.<\/p>\n<p>They said: &#8220;<a href=\"https:\/\/www.thescottishsun.co.uk\/topic\/glasgow\/\" target=\"_blank\" rel=\"noopener\">Glasgow<\/a> SOLD OUT in a few hours.<\/p>\n<p>&#8220;13,000 Scottish comrades\u2026let&#8217;s go!<\/p>\n<p>&#8220;A very special thank you to our Head of PR in <a href=\"https:\/\/www.thescottishsun.co.uk\/topic\/scotland\/\" target=\"_blank\" rel=\"noopener\">Scotland<\/a> Mr John Swinney\u2026. best in the <a href=\"https:\/\/www.thesun.co.uk\/topic\/business\/\" target=\"_blank\" rel=\"noopener\">business<\/a> x.&#8221;<\/p>\n<p>The band issued a <a href=\"https:\/\/www.thescottishsun.co.uk\/tvandshowbiz\/14713690\/kneecap-response-john-swinney-trnsmt\/\" target=\"_blank\" rel=\"noopener\">furious response after Swinney called for them to be axed<\/a> from TRNSMT.<\/p>\n<p>They said they they have never supported either Hamas and Hezbollah, condemned all attacks on civilians and \u2018rejected any suggestion they would seek to incit violence\u2019 against any individual.<\/p>\n<p>They claim the footage from their show was taken &#8220;out of context&#8221; and they are facing a &#8220;co-ordinated smear campaign&#8221; because of their stance in support of <a href=\"https:\/\/www.thesun.co.uk\/topic\/palestine\/\" target=\"_blank\" rel=\"noopener\">Palestine<\/a>.<\/p>\n<p>Kneecap have also <a href=\"https:\/\/www.thesun.co.uk\/news\/35512083\/kneecap-starmer-glastonbury-terror-charge\/\" target=\"_blank\" rel=\"noopener\">taken swipes at the PM Sir Keir Starmer<\/a> after he called for their Glastonbury set to be axed.<\/p>\n<p>The group have led chants of &#8220;f*** <a href=\"https:\/\/www.thesun.co.uk\/topic\/keir-starmer\/\" target=\"_blank\" rel=\"noopener\">Keir Starmer<\/a>&#8221; at several shows.<\/p>\n<p>Read more on the Scottish Sun<\/p>\n<p>Kneecap did perform for fans, many brandishing Palestine <a href=\"https:\/\/www.thescottishsun.co.uk\/topic\/flags\/\" target=\"_blank\" rel=\"noopener\">flags<\/a>, donning tri-colour balaclavas and &#8220;Free Mo Chara&#8221; t-shirts, at <a href=\"https:\/\/www.thesun.co.uk\/topic\/glastonbury\/\" target=\"_blank\" rel=\"noopener\">Glastonbury<\/a>.<\/p>\n<p>Cops announced they were probing the group over the Glasto set, but today said no further action would be taken.<\/p>\n","protected":false},"excerpt":{"rendered":"IRISH rap trio Kneecap took a swipe at John Swinney as their Glasgow show sold out in hours.&hellip;\n","protected":false},"author":2,"featured_media":273236,"comment_status":"","ping_status":"","sticky":false,"template":"","format":"standard","meta":{"footnotes":""},"categories":[7826],"tags":[748,10841,918,4884,1815,7852,1144,712,2533,16,15],"class_list":{"0":"post-273235","1":"post","2":"type-post","3":"status-publish","4":"format-standard","5":"has-post-thumbnail","7":"category-glasgow","8":"tag-britain","9":"tag-festivals","10":"tag-glasgow","11":"tag-great-britain","12":"tag-israel-hamas-war","13":"tag-john-swinney","14":"tag-northern-ireland","15":"tag-scotland","16":"tag-section-showbizmusic","17":"tag-uk","18":"tag-united-kingdom"},"share_on_mastodon":{"url":"https:\/\/pubeurope.com\/@uk\/114876766054476069","error":""},"_links":{"self":[{"href":"https:\/\/www.europesays.com\/uk\/wp-json\/wp\/v2\/posts\/273235","targetHints":{"allow":["GET"]}}],"collection":[{"href":"https:\/\/www.europesays.com\/uk\/wp-json\/wp\/v2\/posts"}],"about":[{"href":"https:\/\/www.europesays.com\/uk\/wp-json\/wp\/v2\/types\/post"}],"author":[{"embeddable":true,"href":"https:\/\/www.europesays.com\/uk\/wp-json\/wp\/v2\/users\/2"}],"replies":[{"embeddable":true,"href":"https:\/\/www.europesays.com\/uk\/wp-json\/wp\/v2\/comments?post=273235"}],"version-history":[{"count":0,"href":"https:\/\/www.europesays.com\/uk\/wp-json\/wp\/v2\/posts\/273235\/revisions"}],"wp:featuredmedia":[{"embeddable":true,"href":"https:\/\/www.europesays.com\/uk\/wp-json\/wp\/v2\/media\/273236"}],"wp:attachment":[{"href":"https:\/\/www.europesays.com\/uk\/wp-json\/wp\/v2\/media?parent=273235"}],"wp:term":[{"taxonomy":"category","embeddable":true,"href":"https:\/\/www.europesays.com\/uk\/wp-json\/wp\/v2\/categories?post=273235"},{"taxonomy":"post_tag","embeddable":true,"href":"https:\/\/www.europesays.com\/uk\/wp-json\/wp\/v2\/tags?post=273235"}],"curies":[{"name":"wp","href":"https:\/\/api.w.org\/{rel}","templated":true}]}}