{"id":275110,"date":"2025-07-19T16:04:10","date_gmt":"2025-07-19T16:04:10","guid":{"rendered":"https:\/\/www.europesays.com\/uk\/275110\/"},"modified":"2025-07-19T16:04:10","modified_gmt":"2025-07-19T16:04:10","slug":"2031-ryder-cup-to-be-hosted-in-girona-spain-says-catalan-golf-federation","status":"publish","type":"post","link":"https:\/\/www.europesays.com\/uk\/275110\/","title":{"rendered":"2031 Ryder Cup To Be Hosted In Girona, Spain, Says Catalan Golf Federation"},"content":{"rendered":"<p>Barcelona, Spain (AP) \u2014 The 2031 Ryder Cup will be held in northeastern Spain, the president of the Catalan golf federation has told The Associated Press.<\/p>\n<p>Ramon Nogu\u00e9, president of the Catalan golf federation, told the AP by phone Friday that \u201cnext week it will be official\u201d that Girona will be announced as the host of the golfing event between the best male players of Europe and the United States.<\/p>\n<p>The choice of Girona\u2019s Camiral Golf course was first reported by Spanish newspaper La Vanguardia.<\/p>\n<p>\u201cAny announcement in relation to future editions of the Ryder Cup will be made in due course,\u201d Ryder Cup Europe said.<\/p>\n<p>The Camiral resort, which was previously called PGA Catalunya, has hosted European Tour events and the Spanish Open.<\/p>\n<p>It has been owned by Irish businessman Denis O\u2019Brien since 2008. Irish media have reported that O\u2019Brien has invested tens of millions of euros in upgrades to the courses and the hotel, as well as accommodation on the property.<\/p>\n<p>This will be the second time for Spain to host the Cup after Valderrama in 1997, and just the fourth time it will be played in continental Europe after Le Golf National outside Paris in 2018 and Marco Simone outside Rome in 2023.<\/p>\n<p>The Ryder Cup is closely tied to Spain because of European team stalwarts Seve Ballesteros, Jos\u00e9 Mar\u00eda Olaz\u00e1bal and Sergio Garc\u00eda.<\/p>\n<p>This year\u2019s Ryder Cup will be held at Bethpage Black in New York in September. The next one staged in Europe is in 2027 at Adare Manor in Ireland.<\/p>\n","protected":false},"excerpt":{"rendered":"Barcelona, Spain (AP) \u2014 The 2031 Ryder Cup will be held in northeastern Spain, the president of the&hellip;\n","protected":false},"author":2,"featured_media":275111,"comment_status":"","ping_status":"","sticky":false,"template":"","format":"standard","meta":{"footnotes":""},"categories":[5312],"tags":[2000,299,104],"class_list":{"0":"post-275110","1":"post","2":"type-post","3":"status-publish","4":"format-standard","5":"has-post-thumbnail","7":"category-spain","8":"tag-eu","9":"tag-europe","10":"tag-spain"},"share_on_mastodon":{"url":"https:\/\/pubeurope.com\/@uk\/114880752205990247","error":""},"_links":{"self":[{"href":"https:\/\/www.europesays.com\/uk\/wp-json\/wp\/v2\/posts\/275110","targetHints":{"allow":["GET"]}}],"collection":[{"href":"https:\/\/www.europesays.com\/uk\/wp-json\/wp\/v2\/posts"}],"about":[{"href":"https:\/\/www.europesays.com\/uk\/wp-json\/wp\/v2\/types\/post"}],"author":[{"embeddable":true,"href":"https:\/\/www.europesays.com\/uk\/wp-json\/wp\/v2\/users\/2"}],"replies":[{"embeddable":true,"href":"https:\/\/www.europesays.com\/uk\/wp-json\/wp\/v2\/comments?post=275110"}],"version-history":[{"count":0,"href":"https:\/\/www.europesays.com\/uk\/wp-json\/wp\/v2\/posts\/275110\/revisions"}],"wp:featuredmedia":[{"embeddable":true,"href":"https:\/\/www.europesays.com\/uk\/wp-json\/wp\/v2\/media\/275111"}],"wp:attachment":[{"href":"https:\/\/www.europesays.com\/uk\/wp-json\/wp\/v2\/media?parent=275110"}],"wp:term":[{"taxonomy":"category","embeddable":true,"href":"https:\/\/www.europesays.com\/uk\/wp-json\/wp\/v2\/categories?post=275110"},{"taxonomy":"post_tag","embeddable":true,"href":"https:\/\/www.europesays.com\/uk\/wp-json\/wp\/v2\/tags?post=275110"}],"curies":[{"name":"wp","href":"https:\/\/api.w.org\/{rel}","templated":true}]}}