{"id":277460,"date":"2025-07-20T13:31:18","date_gmt":"2025-07-20T13:31:18","guid":{"rendered":"https:\/\/www.europesays.com\/uk\/277460\/"},"modified":"2025-07-20T13:31:18","modified_gmt":"2025-07-20T13:31:18","slug":"us-and-eu-firms-strike-major-gas-deal-as-trade-talks-hit-crunch-time-politico","status":"publish","type":"post","link":"https:\/\/www.europesays.com\/uk\/277460\/","title":{"rendered":"US and EU firms strike major gas deal as trade talks hit crunch time \u2013 POLITICO"},"content":{"rendered":"<p>President Trump has consistently cited LNG as an opportunity to avoid a worsening trade war with Washington. \u201cI told the European Union that they must make up their tremendous deficit with the United States by the large scale purchase of our oil and gas. Otherwise, it is TARIFFS all the way,\u201d he said in December.<\/p>\n<p>The deal between Venture Global and ENI comes after Italian Prime Minister met with Trump and insisted \u00a0that Italy would have to increase its LNG imports to maintain friendly relations. The size and value of the contract will likely make a significant dent in the size of the apparent trade deficit calculated by the White House.<\/p>\n<p>Trump on Saturday published a surprise letter sent to European Commission President Ursula von der Leyen in which he <a href=\"https:\/\/www.politico.eu\/article\/donald-trump-hits-eu-with-sweeping-30-percent-tariffs\/\" target=\"_blank\" rel=\"noopener\">announced 30 percent tariffs would be applied to the bloc\u2019s exports<\/a> from Aug. 1. However, officials have expressed hope that the grace period can be used to negotiate an alternative deal.<\/p>\n<p>The EU\u2019s chief trade negotiator, Maro\u0161 \u0160ef\u010dovi\u010d, <a href=\"https:\/\/pro.politico.eu\/news\/202023\" target=\"_blank\" rel=\"noopener\">was flying to Washington<\/a> on Wednesday for high-level talks to try and salvage a deal before Trump\u2019s deadline.<\/p>\n","protected":false},"excerpt":{"rendered":"President Trump has consistently cited LNG as an opportunity to avoid a worsening trade war with Washington. \u201cI&hellip;\n","protected":false},"author":2,"featured_media":277461,"comment_status":"","ping_status":"","sticky":false,"template":"","format":"standard","meta":{"footnotes":""},"categories":[5174],"tags":[2437,32,35,2000,8954,299,5187,1699,1214,7159,5435,475,2199,12270,5443,5436,2661,479,1201,1219,49,1220,771],"class_list":{"0":"post-277460","1":"post","2":"type-post","3":"status-publish","4":"format-standard","5":"has-post-thumbnail","7":"category-eu","8":"tag-companies","9":"tag-donald-trump","10":"tag-energy","11":"tag-eu","12":"tag-eu-us-trade-talks","13":"tag-europe","14":"tag-european","15":"tag-european-union","16":"tag-exports","17":"tag-fossil-fuels","18":"tag-gas","19":"tag-imports","20":"tag-italy","21":"tag-liquefied-natural-gas","22":"tag-lng","23":"tag-natural-gas","24":"tag-oil","25":"tag-tariffs","26":"tag-trade","27":"tag-trade-war","28":"tag-united-states","29":"tag-ursula-von-der-leyen","30":"tag-war"},"share_on_mastodon":{"url":"https:\/\/pubeurope.com\/@uk\/114885812836515746","error":""},"_links":{"self":[{"href":"https:\/\/www.europesays.com\/uk\/wp-json\/wp\/v2\/posts\/277460","targetHints":{"allow":["GET"]}}],"collection":[{"href":"https:\/\/www.europesays.com\/uk\/wp-json\/wp\/v2\/posts"}],"about":[{"href":"https:\/\/www.europesays.com\/uk\/wp-json\/wp\/v2\/types\/post"}],"author":[{"embeddable":true,"href":"https:\/\/www.europesays.com\/uk\/wp-json\/wp\/v2\/users\/2"}],"replies":[{"embeddable":true,"href":"https:\/\/www.europesays.com\/uk\/wp-json\/wp\/v2\/comments?post=277460"}],"version-history":[{"count":0,"href":"https:\/\/www.europesays.com\/uk\/wp-json\/wp\/v2\/posts\/277460\/revisions"}],"wp:featuredmedia":[{"embeddable":true,"href":"https:\/\/www.europesays.com\/uk\/wp-json\/wp\/v2\/media\/277461"}],"wp:attachment":[{"href":"https:\/\/www.europesays.com\/uk\/wp-json\/wp\/v2\/media?parent=277460"}],"wp:term":[{"taxonomy":"category","embeddable":true,"href":"https:\/\/www.europesays.com\/uk\/wp-json\/wp\/v2\/categories?post=277460"},{"taxonomy":"post_tag","embeddable":true,"href":"https:\/\/www.europesays.com\/uk\/wp-json\/wp\/v2\/tags?post=277460"}],"curies":[{"name":"wp","href":"https:\/\/api.w.org\/{rel}","templated":true}]}}