{"id":27774,"date":"2025-04-17T14:46:29","date_gmt":"2025-04-17T14:46:29","guid":{"rendered":"https:\/\/www.europesays.com\/uk\/27774\/"},"modified":"2025-04-17T14:46:29","modified_gmt":"2025-04-17T14:46:29","slug":"tom-cruise-62-and-actress-ana-de-armas-36-continue-to-fuel-romance-rumours-as-they-arrive-in-london-via-helicopter-with-her-two-pet-pooches","status":"publish","type":"post","link":"https:\/\/www.europesays.com\/uk\/27774\/","title":{"rendered":"Tom Cruise, 62, and actress Ana De Armas, 36, continue to fuel romance rumours as they arrive in London via helicopter with her two pet pooches"},"content":{"rendered":"<p class=\"mol-para-with-font\">Ana de Armas<a style=\"font-weight: bold;\" target=\"_self\" href=\"https:\/\/www.dailymail.co.uk\/tvshowbiz\/ana-de-armas\/index.html\" id=\"mol-38338540-1ac7-11f0-93e4-458973310b1e\" class=\"\" rel=\"noopener\">\u00a0<\/a> and <a style=\"font-weight: bold;\" target=\"_self\" href=\"https:\/\/www.dailymail.co.uk\/tvshowbiz\/tom-cruise\/index.html\" id=\"mol-cf399070-ed44-11ef-a3d8-6568ca47c133\" class=\"\" rel=\"noopener\">Tom Cruise<\/a>\u00a0were seen arriving in London together on Sunday amid rumours of a romance between the pair.\u00a0<\/p>\n<p class=\"mol-para-with-font\">The 62-year-old action star and the 36-year-old actress were spotted at an airport after getting out of Tom&#8217;s helicopter &#8211; after\u00a0returning from Madrid, <a style=\"font-weight: bold;\" target=\"_self\" href=\"https:\/\/www.dailymail.co.uk\/news\/spain\/index.html\" id=\"mol-1e4ccd20-1ac3-11f0-93e4-458973310b1e\" rel=\"noopener\">Spain<\/a>.<\/p>\n<p class=\"mol-para-with-font\">Ana wore a leather jacket and blue jeans while carrying her dog Elvis and walking her other pooch Salsa.\u00a0Cruise had on a white polo shirt under a pea coat with dark slacks.<\/p>\n<p class=\"mol-para-with-font\">And it isn&#8217;t the first time they have been seen together.\u00a0<\/p>\n<p class=\"mol-para-with-font\">On Valentine&#8217;s Day they were\u00a0<a style=\"font-weight: bold;\" target=\"_self\" class=\"\" href=\"https:\/\/www.dailymail.co.uk\/tvshowbiz\/article-14400945\/Valentines-Day-date-Tom-Cruise-Ana-Armas.html\" rel=\"noopener\">spotted grabbing dinner <\/a>in Soho, London, sparking rumors that the two were dating.<\/p>\n<p class=\"mol-para-with-font\">The Oscar nominee and the Cuban-born actress were mobbed by fans during their evening out and stopped to take pictures as a crowd formed around them.\u00a0<\/p>\n<p>   <img decoding=\"async\" id=\"i-fcc7cd5c9a8f7901\" src=\"https:\/\/www.europesays.com\/uk\/wp-content\/uploads\/2025\/04\/97344973-14618259-Ana_de_Armas_and_Tom_Cruise_were_seen_arriving_in_London_togethe-a-1_1744811430609.jpeg\" height=\"509\" width=\"634\" alt=\"Ana de Armas and Tom Cruise were seen arriving in London together on Sunday amid ongoing rumours of a romance between the pair\" class=\"blkBorder img-share\" style=\"max-width:100%\" loading=\"lazy\" \/>   <\/p>\n<p class=\"imageCaption\">Ana de Armas and Tom Cruise were seen arriving in London together on Sunday amid ongoing rumours of a romance between the pair<\/p>\n<p>   <img decoding=\"async\" id=\"i-5855726d6d49acd8\" src=\"https:\/\/www.europesays.com\/uk\/wp-content\/uploads\/2025\/04\/97344981-14618259-The_62_year_old_action_star_and_the_36_year_old_actress_were_spo-a-3_1744811430776.jpeg\" height=\"818\" width=\"634\" alt=\"The 62-year-old action star and the 36-year-old actress were spotted at an airport after getting out of Tom's helicopter - after returning from Madrid, Spain\" class=\"blkBorder img-share\" style=\"max-width:100%\" loading=\"lazy\" \/>   <\/p>\n<p class=\"imageCaption\">The 62-year-old action star and the 36-year-old actress were spotted at an airport after getting out of Tom&#8217;s helicopter &#8211; after returning from Madrid, Spain\u00a0<\/p>\n<p>   <img decoding=\"async\" id=\"i-d751673412a5fb9a\" src=\"https:\/\/www.europesays.com\/uk\/wp-content\/uploads\/2025\/04\/97344985-14618259-image-m-40_1744810169364.jpg\" height=\"849\" width=\"634\" alt=\"Ana wore a leather jacket and blue jeans while carrying her dog Elvis and walking her other pooch Salsa\" class=\"blkBorder img-share\" style=\"max-width:100%\" loading=\"lazy\" \/>   <\/p>\n<p class=\"imageCaption\">Ana wore a leather jacket and blue jeans while carrying her dog Elvis and walking her other pooch Salsa<\/p>\n<p>   <img decoding=\"async\" id=\"i-601c56ac89ae8d59\" src=\"https:\/\/www.europesays.com\/uk\/wp-content\/uploads\/2025\/04\/97353035-14618259-image-a-1_1744819243785.jpg\" height=\"691\" width=\"634\" alt=\"Just last month, the pair were seen touching down in London on Tom's heliport together\" class=\"blkBorder img-share\" style=\"max-width:100%\" loading=\"lazy\" \/>   <\/p>\n<p class=\"imageCaption\">Just last month, the pair were seen touching down in London on Tom&#8217;s heliport together\u00a0<\/p>\n<p class=\"mol-para-with-font\">The A-list pairing put on animated display and carried two bags of takeaway food on their way out of the restaurant, before hopping into a taxi together.<\/p>\n<p class=\"mol-para-with-font\">DailyMail.com has reached out to reps for both stars to comment on the sighting.<\/p>\n<p class=\"mol-para-with-font\">Before that the pair was seen arriving to a heliport in London together.\u00a0<\/p>\n<p class=\"mol-para-with-font\">At the time a source told DailyMail.com that they are not romantically involved.\u00a0The insider insisted that the dates were strictly business as the actor is <a style=\"font-weight: bold;\" target=\"_self\" class=\"\" href=\"https:\/\/www.dailymail.co.uk\/tvshowbiz\/article-14508195\/Why-Tom-Cruise-Ana-Armas-prove-not-dating.html\" rel=\"noopener\">eyeing up Ana for future projects<\/a>.<\/p>\n<p class=\"mol-para-with-font\">&#8216;Everything with Tom and Ana is innocent. They are hanging out to talk about future movies that they could do together,&#8217; the insider said.<\/p>\n<p class=\"mol-para-with-font\">&#8216;One of those ideas is the Days of Thunder sequel that Tom wants to get off the ground. It is currently in its infancy.<\/p>\n<p class=\"mol-para-with-font\">&#8216;He&#8217;s talking [to Paramount] about and It&#8217;s going to be what comes together first in terms of a script. It depends on the idea and, ultimately, the script.&#8217;<\/p>\n<p class=\"mol-para-with-font\">Both stars have big summer movies this year: Cruise&#8217;s upcoming Mission: Impossible &#8211; The Final Reckoning hits theaters May 23, and de Armas&#8217; Ballerina, a continuation of the <a style=\"font-weight: bold;\" target=\"_self\" href=\"https:\/\/www.dailymail.co.uk\/tvshowbiz\/john-wick\/index.html\" id=\"mol-422edeb0-1963-11f0-8183-3bd383a1f9c9\" class=\"\" rel=\"noopener\">John Wick<\/a> franchise, is in theaters June 6.<\/p>\n<p class=\"mol-para-with-font\">Cruise will <a style=\"font-weight: bold;\" target=\"_self\" href=\"https:\/\/www.dailymail.co.uk\/tvshowbiz\/article-13116047\/Tom-Cruise-talks-Alejandro-Inarritu-Warner-Bros.html\" class=\"\" rel=\"noopener\">work with director Alejandro Gonz\u00e1lez I\u00f1\u00e1rritu&#8217;s on his 2026 film, his first English-language project since The Revenant.<\/a><\/p>\n<p>   <img decoding=\"async\" id=\"i-3f0dda660044d9d3\" src=\"https:\/\/www.europesays.com\/uk\/wp-content\/uploads\/2025\/04\/97344983-14618259-Last_month_the_Oscar_nominee_and_the_Cuban_born_actress_were_mob-a-2_1744811430610.jpeg\" height=\"699\" width=\"634\" alt=\"Last month the Oscar nominee and the Cuban-born actress were mobbed by fans during their evening out and stopped to take pictures as a crowd formed around them\" class=\"blkBorder img-share\" style=\"max-width:100%\" loading=\"lazy\" \/>   <\/p>\n<p class=\"imageCaption\">Last month the Oscar nominee and the Cuban-born actress were mobbed by fans during their evening out and stopped to take pictures as a crowd formed around them<\/p>\n<p>   <img decoding=\"async\" id=\"i-780f1e12c892c2d7\" src=\"https:\/\/www.europesays.com\/uk\/wp-content\/uploads\/2025\/04\/97344987-14618259-At_the_time_a_source_told_DailyMail_com_that_they_are_not_romant-a-4_1744811430796.jpeg\" height=\"678\" width=\"634\" alt=\"At the time a source told DailyMail.com that they are not romantically involved. The insider insisted that the dates were strictly business as the actor is eyeing up Ana for future projects\" class=\"blkBorder img-share\" style=\"max-width:100%\" loading=\"lazy\" \/>   <\/p>\n<p class=\"imageCaption\">At the time a source told DailyMail.com that they are not romantically involved. The insider insisted that the dates were strictly business as the actor is eyeing up Ana for future projects<\/p>\n<p>   <img decoding=\"async\" id=\"i-ee01fd23e2f6ed2\" src=\"https:\/\/www.europesays.com\/uk\/wp-content\/uploads\/2025\/04\/97344977-14618259-Cruise_had_on_a_white_polo_shirt_under_a_pea_coat_with_dark_slac-a-8_1744811430885.jpeg\" height=\"669\" width=\"634\" alt=\"Cruise had on a white polo shirt under a pea coat with dark slacks\" class=\"blkBorder img-share\" style=\"max-width:100%\" loading=\"lazy\" \/>   <\/p>\n<p class=\"imageCaption\">Cruise had on a white polo shirt under a pea coat with dark slacks<\/p>\n<p>   <img decoding=\"async\" id=\"i-47f56c13754fa556\" src=\"https:\/\/www.europesays.com\/uk\/wp-content\/uploads\/2025\/04\/97344969-14618259-_Everything_with_Tom_and_Ana_is_innocent_They_are_hanging_out_to-a-5_1744811430805.jpeg\" height=\"678\" width=\"634\" alt=\"'Everything with Tom and Ana is innocent. They are hanging out to talk about future movies that they could do together,' the insider said\" class=\"blkBorder img-share\" style=\"max-width:100%\" loading=\"lazy\" \/>   <\/p>\n<p class=\"imageCaption\">&#8216;Everything with Tom and Ana is innocent. They are hanging out to talk about future movies that they could do together,&#8217; the insider said<\/p>\n<p>   <img decoding=\"async\" id=\"i-f2e02988fc20d3c1\" src=\"https:\/\/www.europesays.com\/uk\/wp-content\/uploads\/2025\/04\/97344991-14618259-Both_stars_have_big_summer_movies_this_year_Cruise_s_upcoming_Mi-a-6_1744811430830.jpeg\" height=\"871\" width=\"634\" alt=\"Both stars have big summer movies this year: Cruise's upcoming Mission: Impossible - The Final Reckoning hits theaters May 23, and de Armas' Ballerina, a continuation of the John Wick franchise, is in theaters June 6\" class=\"blkBorder img-share\" style=\"max-width:100%\" loading=\"lazy\" \/>   <\/p>\n<p class=\"imageCaption\">Both stars have big summer movies this year: Cruise&#8217;s upcoming Mission: Impossible &#8211; The Final Reckoning hits theaters May 23, and de Armas&#8217; Ballerina, a continuation of the John Wick franchise, is in theaters June 6<\/p>\n<p>   <img decoding=\"async\" id=\"i-9d12852564905f\" src=\"https:\/\/www.europesays.com\/uk\/wp-content\/uploads\/2025\/04\/97344995-14618259-She_wore_jeans_and_a_stylish_black_leather_jacket-a-11_1744811430910.jpg\" height=\"1217\" width=\"634\" alt=\"She wore jeans and a stylish black leather jacket\" class=\"blkBorder img-share\" style=\"max-width:100%\" loading=\"lazy\" \/>   <\/p>\n<p class=\"imageCaption\">She wore jeans and a stylish black leather jacket<\/p>\n<p>   <img decoding=\"async\" id=\"i-11d2218d4a36e866\" src=\"https:\/\/www.europesays.com\/uk\/wp-content\/uploads\/2025\/04\/97344989-14618259-She_wore_her_brunette_tresses_in_a_bouncy_blow_dry-a-12_1744811430925.jpg\" height=\"669\" width=\"634\" alt=\"She wore her brunette tresses in a bouncy blow dry\" class=\"blkBorder img-share\" style=\"max-width:100%\" loading=\"lazy\" \/>   <\/p>\n<p class=\"imageCaption\">She wore her brunette tresses in a bouncy blow dry\u00a0<\/p>\n<p class=\"mol-para-with-font\">The film will reportedly follow &#8216;the most powerful man in the world&#8217; as he &#8217;embarks on a frantic mission to prove he is humanity&#8217;s savior before the disaster he&#8217;s unleashed destroys everything.&#8217;<\/p>\n<p class=\"mol-para-with-font\">De Armas is also up for\u00a0<a style=\"font-weight: bold;\" target=\"_self\" href=\"https:\/\/www.dailymail.co.uk\/tvshowbiz\/netflix\/index.html\" id=\"mol-42214a20-1963-11f0-8183-3bd383a1f9c9\" rel=\"noopener\">Netflix<\/a>&#8216;s upcoming adaptation of The Seven Husbands of Evelyn Hugo, based on Taylor Jenkins Reid&#8217;s bestselling 2017 novel.<\/p>\n<p class=\"mol-para-with-font\">While speaking with Entertainment Tonight, the Eden star said she would play Evelyn Hugo.<\/p>\n<p class=\"mol-para-with-font\">&#8216;I think one of the things I love about acting and my career is to be able to do everything,&#8217; de Armas said. &#8216;You have to try all the things you can. You can&#8217;t just always eat the same thing.&#8217;<\/p>\n<p class=\"mol-para-with-font\">She last dated a man who slightly resembles Cruise.<\/p>\n<p class=\"mol-para-with-font\">Ana met Spanish actor and model Mac Clotet in 2010, while she was an up and coming actress living in\u00a0<a style=\"font-weight: bold;\" target=\"_self\" href=\"https:\/\/www.dailymail.co.uk\/news\/spain\/index.html\" id=\"mol-3faa7660-1966-11f0-8183-3bd383a1f9c9\" class=\"\" rel=\"noopener\">Spain<\/a>. Marc is best known for his roles in the soap opera El cor de la ciutat and the drama series F\u00edsica o qu\u00edmica.\u00a0<\/p>\n<p class=\"mol-para-with-font\">They wed in July 2011 during a private ceremony in\u00a0<a style=\"font-weight: bold;\" target=\"_self\" href=\"https:\/\/www.dailymail.co.uk\/news\/costa-coffee\/index.html\" id=\"mol-3faa7661-1966-11f0-8183-3bd383a1f9c9\" class=\"\" rel=\"noopener\">Costa<\/a> Brava, Spain, but they split in 2013 after two years of marriage.<\/p>\n<p class=\"mol-para-with-font\">It&#8217;s unclear what lead to their breakup, but Ana moved to\u00a0<a style=\"font-weight: bold;\" target=\"_self\" href=\"https:\/\/www.dailymail.co.uk\/news\/los-angeles\/index.html\" id=\"mol-e980eee0-ed37-11ef-a3d8-6568ca47c133\" class=\"\" rel=\"noopener\">Los Angeles<\/a>\u00a0soon after to focus on starring in American shows and movies.<\/p>\n<p class=\"mol-para-with-font\">After her divorce and move to the states, Ana started dating Hollywood talent agent\u00a0Franklin Latt.<\/p>\n<p class=\"mol-para-with-font\">They first got together in 2015, right after her Hollywood breakout role in the Keanu Reeves-led flick Knock Knock.<\/p>\n<p class=\"mol-para-with-font\">The two became engaged soon after, but they called off the wedding and went their separate ways less then a year later.<\/p>\n<p class=\"mol-para-with-font\">Franklin now works for\u00a0Creative Artists Agency (CAA) and currently manages actor Pedro Pascal<\/p>\n<p>   <img decoding=\"async\" id=\"i-ce9af720e3662bd1\" src=\"https:\/\/www.europesays.com\/uk\/wp-content\/uploads\/2025\/04\/97344971-14618259-The_dogs_hopped_out_of_the_helicopter_too-a-7_1744811430852.jpg\" height=\"846\" width=\"634\" alt=\"The dogs hopped out of the helicopter too\" class=\"blkBorder img-share\" style=\"max-width:100%\" loading=\"lazy\" \/>   <\/p>\n<p class=\"imageCaption\">The dogs hopped out of the helicopter too\u00a0<\/p>\n<p>   <img decoding=\"async\" id=\"i-f908d876dffe843\" src=\"https:\/\/www.europesays.com\/uk\/wp-content\/uploads\/2025\/04\/97344975-14618259-She_was_joined_by_her_pet_dogs-a-11_1744816833202.jpg\" height=\"568\" width=\"634\" alt=\"She was joined by her pet dogs\" class=\"blkBorder img-share\" style=\"max-width:100%\" loading=\"lazy\" \/>   <\/p>\n<p class=\"imageCaption\">She was joined by her pet dogs\u00a0<\/p>\n<p class=\"mol-para-with-font\">Ana was linked to Cuban artist\u00a0Alejandro Pi\u00f1eiro Bello in 2017.<\/p>\n<p class=\"mol-para-with-font\">As she began rising at a Hollywood starlet, he was usually spotted by her side at events and\u00a0often popped up on her social media accounts.\u00a0<\/p>\n<p class=\"mol-para-with-font\">They were together for two years before they broke up in 2019.<\/p>\n<p class=\"mol-para-with-font\">Ana met Ben on set of the thriller Deep Water in 2019, in which they played husband and wife.<\/p>\n<p class=\"mol-para-with-font\">Soon after, rumors began to erupt that they had taken their love off screen and into real life after they were <a style=\"font-weight: bold;\" target=\"_self\" class=\"\" href=\"https:\/\/www.dailymail.co.uk\/tvshowbiz\/article-8092947\/Ben-Affleck-looks-smitten-Deep-Water-star-Ana-Armas-airport-Costa-Rica.html\" rel=\"noopener\">spotted on vacation in Ana&#8217;s home country<\/a> Cuba together.<\/p>\n<p class=\"mol-para-with-font\">They then confirmed that they were indeed a couple when they were spotting kissing in March 2020, and by April 2020, they were Instagram official.<\/p>\n<p class=\"mol-para-with-font\">At the time, Ana posted a loved-up selfie of her and Ben, in which he placed his hand tenderly on her stomach.\u00a0<\/p>\n<p class=\"mol-para-with-font\">That June things heated up as she jetted off on vacation with him, his kids, and his mother in\u00a0Georgia.<\/p>\n<p class=\"mol-para-with-font\">They spent much of 2020 inseparable, <a style=\"font-weight: bold;\" target=\"_self\" class=\"\" href=\"https:\/\/www.dailymail.co.uk\/tvshowbiz\/article-8448503\/Ben-Affleck-girlfriend-Ana-Armas-gaze-actress-dog-walk.html\" rel=\"noopener\">enjoying walks in LA with their dogs<\/a> and casual outings for coffee.\u00a0But in January 2021, news broke that the couple had called it quits.<\/p>\n<p class=\"mol-para-with-font\">&#8216;Ben is no longer dating Ana. She broke it off. Their relationship was complicated,&#8217; a source told <a style=\"font-weight: bold;\" class=\"\" rel=\"noreferrer noopener\" target=\"_blank\" href=\"https:\/\/people.com\/movies\/ben-affleck-and-ana-de-armas-split-source\/\">People <\/a>at the time. &#8216;Ana doesn&#8217;t want to be Los Angeles-based, and Ben obviously has to since his kids live in Los Angeles.&#8217;<\/p>\n<p class=\"mol-para-with-font\">Another insider dished, &#8216;This is something that was mutual and something that is completely amicable.\u00a0<\/p>\n<p class=\"mol-para-with-font\">&#8216;They are in different points in their lives; there is deep love and respect there.&#8217;<\/p>\n<p class=\"mol-para-with-font\">Ana &#8211; who<a style=\"font-weight: bold;\" target=\"_self\" class=\"\" href=\"https:\/\/www.dailymail.co.uk\/tvshowbiz\/article-13840005\/ana-de-armas-living-off-the-grid-in-rural-7m-vermont-home-she-moved-to-after-whirlwind-ben-affleck-romance-to-get-away-from-the-craziness.html\" rel=\"noopener\"> moved to Vermont in 2023<\/a> &#8211; later spoke of the highly publicized relationship to <a style=\"font-weight: bold;\" class=\"\" rel=\"nofollow noreferrer noopener\" target=\"_blank\" href=\"https:\/\/www.elle.com\/culture\/celebrities\/a40574846\/ana-de-armas-interview-2022\/\">Elle<\/a>, calling all the attention they received &#8216;horrible.&#8217;<\/p>\n<p class=\"mol-para-with-font\">&#8216;That&#8217;s one of the reasons why I left LA,&#8217; she shared. &#8216;This is not the place for me to be,&#8217; she added of LA. &#8216;It became a little bit too much. There&#8217;s no escape. There&#8217;s no way out.&#8217;<\/p>\n<p class=\"mol-para-with-font\">In June 2021, it was revealed that Ana had been &#8216;quietly seeing&#8217; Tinder Vice President Paul Boukadakis.<\/p>\n<p>   <img decoding=\"async\" id=\"i-2a9858d8007b7962\" src=\"https:\/\/www.europesays.com\/uk\/wp-content\/uploads\/2025\/04\/97344997-14618259-The_pair_looked_in_good_spirits-a-10_1744811430892.jpg\" height=\"652\" width=\"634\" alt=\"The pair looked in good spirits\" class=\"blkBorder img-share\" style=\"max-width:100%\" loading=\"lazy\" \/>   <\/p>\n<p class=\"imageCaption\">The pair looked in good spirits\u00a0<\/p>\n<p>   <img decoding=\"async\" id=\"i-75ddfd6a873861b4\" src=\"https:\/\/www.europesays.com\/uk\/wp-content\/uploads\/2025\/04\/97345001-14618259-He_is_a_frequent_flyer_in_his_helicopter-a-13_1744811430937.jpg\" height=\"699\" width=\"634\" alt=\"He is a frequent flyer in his helicopter\" class=\"blkBorder img-share\" style=\"max-width:100%\" loading=\"lazy\" \/>   <\/p>\n<p class=\"imageCaption\">He is a frequent flyer in his helicopter\u00a0<\/p>\n<p>   <img decoding=\"async\" id=\"i-cb38b036e2f6f9d5\" src=\"https:\/\/www.europesays.com\/uk\/wp-content\/uploads\/2025\/04\/97344999-14618259-She_carried_one_dog_and_had_one_on_a_lead-a-14_1744811430957.jpg\" height=\"509\" width=\"634\" alt=\"She carried one dog and had one on a lead\" class=\"blkBorder img-share\" style=\"max-width:100%\" loading=\"lazy\" \/>   <\/p>\n<p class=\"imageCaption\">She carried one dog and had one on a lead\u00a0<\/p>\n<p class=\"mol-para-with-font\">&#8216;Paul and Ana were introduced through friends,&#8217; a source told <a style=\"font-weight: bold;\" class=\"\" rel=\"noreferrer noopener\" target=\"_blank\" href=\"https:\/\/pagesix.com\/2021\/06\/15\/ana-de-armas-moves-on-from-ben-affleck-with-paul-boukadakis\/?utm_campaign=iphone_nyp&amp;utm_source=mail_app\">Page Six <\/a>at the time.\u00a0 &#8216;He has been spending a lot of time with Ana before she left the US to film her new movie.&#8217;<\/p>\n<p class=\"mol-para-with-font\">While they kept the details of their romance mostly out of the spotlight, <a style=\"font-weight: bold;\" target=\"_self\" class=\"\" href=\"https:\/\/www.dailymail.co.uk\/tvshowbiz\/article-11986827\/Ana-Armas-cozies-boyfriend-Paul-Boukadakis-two-kiss-hold-hands.html\" rel=\"noopener\">they were spotted packing on the PDA<\/a> on multiple occasions over the next few years.<\/p>\n<p class=\"mol-para-with-font\">It&#8217;s not known when exactly they went their separate ways, but in November 2024, <a style=\"font-weight: bold;\" target=\"_self\" class=\"\" href=\"https:\/\/www.dailymail.co.uk\/tvshowbiz\/article-14112689\/ana-armas-kisses-cuban-president-stepson-madrid.html\" rel=\"noopener\">she was spotted smooching Manue<\/a>l, seemingly confirming that she and Paul had ended their romance.<\/p>\n<p class=\"mol-para-with-font\">Ana and Manuel, who is the\u00a0stepson of Cuba&#8217;s president, made headlines when they were photographed kissing during a night out in Madrid, Spain, in November 2024.<\/p>\n<p class=\"mol-para-with-font\">The actress\u00a0<a style=\"font-weight: bold;\" target=\"_self\" class=\"\" href=\"https:\/\/www.dailymail.co.uk\/news\/article-14114685\/ana-armas-backlash-manuel-anido-cuesto-boyfriend-cuba.html\" rel=\"noopener\">faced immense scrutiny online <\/a>over the relationship at first.<\/p>\n<p class=\"mol-para-with-font\">She was\u00a0savaged by her compatriots and others who accused her of dating the son of a dictatorship that she fled from.\u00a0 But they did not let the public outrage stop them from <a style=\"font-weight: bold;\" target=\"_self\" class=\"\" href=\"https:\/\/www.dailymail.co.uk\/tvshowbiz\/article-14183799\/ana-armas-manuel-anido-cuesta-controversial-romance.html\" rel=\"noopener\">stepping out together for a loved-up stroll <\/a>in Madrid weeks later.<\/p>\n<p class=\"mol-para-with-font\">The couple held hands and looked perfectly in sync in similar outfits as they went for a walk together in mid-December. Ana has stayed tight lipped on the romance, but many people took her Valentine&#8217;s Day outing with Tom as a sign that she and Manuel had split.<\/p>\n","protected":false},"excerpt":{"rendered":"Ana de Armas\u00a0 and Tom Cruise\u00a0were seen arriving in London together on Sunday amid rumours of a romance&hellip;\n","protected":false},"author":2,"featured_media":27775,"comment_status":"","ping_status":"","sticky":false,"template":"","format":"standard","meta":{"footnotes":""},"categories":[7757],"tags":[16739,748,92,393,4884,257,104,15763,813,16,15],"class_list":{"0":"post-27774","1":"post","2":"type-post","3":"status-publish","4":"format-standard","5":"has-post-thumbnail","7":"category-london","8":"tag-ana-de-armas","9":"tag-britain","10":"tag-dailymail","11":"tag-england","12":"tag-great-britain","13":"tag-london","14":"tag-spain","15":"tag-tom-cruise","16":"tag-tvshowbiz","17":"tag-uk","18":"tag-united-kingdom"},"share_on_mastodon":{"url":"https:\/\/pubeurope.com\/@uk\/114353850727901236","error":""},"_links":{"self":[{"href":"https:\/\/www.europesays.com\/uk\/wp-json\/wp\/v2\/posts\/27774","targetHints":{"allow":["GET"]}}],"collection":[{"href":"https:\/\/www.europesays.com\/uk\/wp-json\/wp\/v2\/posts"}],"about":[{"href":"https:\/\/www.europesays.com\/uk\/wp-json\/wp\/v2\/types\/post"}],"author":[{"embeddable":true,"href":"https:\/\/www.europesays.com\/uk\/wp-json\/wp\/v2\/users\/2"}],"replies":[{"embeddable":true,"href":"https:\/\/www.europesays.com\/uk\/wp-json\/wp\/v2\/comments?post=27774"}],"version-history":[{"count":0,"href":"https:\/\/www.europesays.com\/uk\/wp-json\/wp\/v2\/posts\/27774\/revisions"}],"wp:featuredmedia":[{"embeddable":true,"href":"https:\/\/www.europesays.com\/uk\/wp-json\/wp\/v2\/media\/27775"}],"wp:attachment":[{"href":"https:\/\/www.europesays.com\/uk\/wp-json\/wp\/v2\/media?parent=27774"}],"wp:term":[{"taxonomy":"category","embeddable":true,"href":"https:\/\/www.europesays.com\/uk\/wp-json\/wp\/v2\/categories?post=27774"},{"taxonomy":"post_tag","embeddable":true,"href":"https:\/\/www.europesays.com\/uk\/wp-json\/wp\/v2\/tags?post=27774"}],"curies":[{"name":"wp","href":"https:\/\/api.w.org\/{rel}","templated":true}]}}