{"id":288320,"date":"2025-07-24T16:20:21","date_gmt":"2025-07-24T16:20:21","guid":{"rendered":"https:\/\/www.europesays.com\/uk\/288320\/"},"modified":"2025-07-24T16:20:21","modified_gmt":"2025-07-24T16:20:21","slug":"mla-calls-on-health-officials-to-explain-rationale-for-trans-healthcare-funding","status":"publish","type":"post","link":"https:\/\/www.europesays.com\/uk\/288320\/","title":{"rendered":"MLA calls on Health officials to explain rationale for Trans healthcare funding"},"content":{"rendered":"<p>Diane Dodds hit out at the Minister for making the announcement while the Assembly is on recess<img decoding=\"async\" src=\"https:\/\/www.europesays.com\/uk\/wp-content\/uploads\/2025\/07\/0_Diane-Dodds-launches-post-Covid-strategy-for-Northern-Ireland-economy.jpg\" alt=\"DUP Health Spokesperson Diane Dodds\" loading=\"eager\"  \/>DUP Health Spokesperson Diane Dodds(Image: Liam McBurney\/PA Wire)<\/p>\n<p class=\"Paragraph_paragraph-text__PVKlh \">An MLA has called on health officials to explain the rationale behind funding for Transgender health services.<\/p>\n<p class=\"Paragraph_paragraph-text__PVKlh \"><a class=\"TextLink_text-link__dBSS0 TextLink_enabled__dJF3l\" href=\"https:\/\/www.belfastlive.co.uk\/all-about\/dup\" target=\"\" aria-label=\"\" tabindex=\"0\" rel=\"noopener\">DUP<\/a> Health spokesperson Diane Dodds has called for <a class=\"TextLink_text-link__dBSS0 TextLink_enabled__dJF3l\" href=\"https:\/\/www.belfastlive.co.uk\/all-about\/department-of-health\" target=\"_self\" aria-label=\"\" tabindex=\"0\" rel=\"noopener\">Department of Health<\/a> officials to be summoned before the Health Committee to discuss funding announced by the Health Minister for Transgender health services.<\/p>\n<p class=\"Paragraph_paragraph-text__PVKlh \">Mrs Dodds was speaking after <a class=\"TextLink_text-link__dBSS0 TextLink_enabled__dJF3l\" href=\"https:\/\/www.belfastlive.co.uk\/news\/northern-ireland\/minister-confirms-how-much-allocated-32112468\" target=\"_self\" aria-label=\"\" tabindex=\"0\" rel=\"noopener\">Belfast Live reported that the Department had allocated more than \u00a3800,000 <\/a>to the Gender Identity Service within the Belfast Trust with the money set to be made available in the coming weeks.<\/p>\n<p class=\"Paragraph_paragraph-text__PVKlh \">The Brackenburn Clinic, Northern Ireland&#8217;s adult <a class=\"TextLink_text-link__dBSS0 TextLink_enabled__dJF3l\" href=\"https:\/\/www.belfastlive.co.uk\/all-about\/transgender-community\" target=\"_self\" aria-label=\"\" tabindex=\"0\" rel=\"noopener\">Gender Identity Clinic<\/a>, has been functioning with severely restricted capacity for the past seven years owing to staffing shortages and financial limitations.<\/p>\n<p class=\"Paragraph_paragraph-text__PVKlh \">Mrs Dodds said the <a class=\"TextLink_text-link__dBSS0 TextLink_enabled__dJF3l\" href=\"https:\/\/www.belfastlive.co.uk\/all-about\/department-of-health\" target=\"_self\" aria-label=\"\" tabindex=\"0\" rel=\"noopener\">Health Minister<\/a>\u2019s decision to allocate \u00a3800,000 for a gender identity service reflects misplaced priorities at a time when our health service is in crisis.<\/p>\n<p class=\"Paragraph_paragraph-text__PVKlh \">\u201cPatients are waiting years for treatment, <a class=\"TextLink_text-link__dBSS0 TextLink_enabled__dJF3l\" href=\"https:\/\/www.belfastlive.co.uk\/all-about\/health\" target=\"_self\" aria-label=\"\" tabindex=\"0\" rel=\"noopener\">GP services<\/a> are overwhelmed, and cancer pathways are under immense strain. Yet the Minister has chosen to divert scarce resources into a service rooted not in medical necessity, but in a radical ideology.<\/p>\n<p class=\"Paragraph_paragraph-text__PVKlh \">&#8220;This move is even more concerning in light of the recent UK Supreme Court ruling which reaffirmed that biological sex is a legal and material reality. That ruling should guide public policy, not be ignored in favour of an ideology that denies biological truth.<\/p>\n<p class=\"Paragraph_paragraph-text__PVKlh \">&#8220;Mike Nesbitt frequently calls for more funding from <a class=\"TextLink_text-link__dBSS0 TextLink_enabled__dJF3l\" href=\"https:\/\/www.belfastlive.co.uk\/all-about\/stormont\" target=\"_self\" aria-label=\"\" tabindex=\"0\" rel=\"noopener\">the Executive<\/a>, highlighting pressures across the system. But while pleading poverty publicly, he has found \u00a3800,000 to pursue a project that does not reflect the priorities or values of the majority of people in Northern Ireland. Moreover, beyond the headline and the financial cost, no details are provided as to how the service will operate and the principles it will adhere to, even on what age referrals can be made to this service.&#8221;<\/p>\n<p class=\"Paragraph_paragraph-text__PVKlh \"><a class=\"TextLink_text-link__dBSS0 TextLink_enabled__dJF3l\" href=\"https:\/\/www.belfastlive.co.uk\/all-about\/dup\" target=\"_self\" aria-label=\"\" tabindex=\"0\" rel=\"noopener\">Diane Dodds <\/a>accused the Minister of &#8220;slipping the announcement out during recess&#8221; and said that she has written to the Chair of Stormont&#8217;s Health Committee to request that officials are brought before the committee to provide details and a rationale for the spending.<\/p>\n<p class=\"Paragraph_paragraph-text__PVKlh \">&#8220;This is about priorities. The focus of our health service must be on evidence-based care and urgent frontline needs, not on embedding controversial ideology into service provision,&#8221; she said.<\/p>\n<p class=\"Paragraph_paragraph-text__PVKlh \">&#8220;<a class=\"TextLink_text-link__dBSS0 TextLink_enabled__dJF3l\" href=\"https:\/\/www.belfastlive.co.uk\/all-about\/department-of-health\" target=\"_self\" aria-label=\"\" tabindex=\"0\" rel=\"noopener\">The Minister<\/a> should think again.\u201d<\/p>\n<p class=\"Paragraph_paragraph-text__PVKlh \">Meanwhile, <a class=\"TextLink_text-link__dBSS0 TextLink_enabled__dJF3l\" href=\"https:\/\/www.belfastlive.co.uk\/all-about\/sinn-fein\" target=\"_self\" aria-label=\"\" tabindex=\"0\" rel=\"noopener\">Sinn F\u00e9in <\/a>MLA Car\u00e1l N\u00ed Chuil\u00edn has welcomed investment.<\/p>\n<p class=\"Paragraph_paragraph-text__PVKlh \">The <a class=\"TextLink_text-link__dBSS0 TextLink_enabled__dJF3l\" href=\"https:\/\/www.belfastlive.co.uk\/all-about\/north-belfast\" target=\"_self\" aria-label=\"\" tabindex=\"0\" rel=\"noopener\">North Belfast<\/a> MLA said: &#8220;This investment into services at Brackenburn Clinic is long overdue but will help ensure that trans people are able to access fit-for-purpose, timely and accessible medical care based on informed consent.<\/p>\n<p class=\"Paragraph_paragraph-text__PVKlh \">&#8220;This ongoing crisis has been detrimental to the mental health of both individuals and our <a class=\"TextLink_text-link__dBSS0 TextLink_enabled__dJF3l\" href=\"https:\/\/www.belfastlive.co.uk\/all-about\/lgbt\" target=\"_self\" aria-label=\"\" tabindex=\"0\" rel=\"noopener\">LGBTQI+<\/a> community as a whole.<\/p>\n<p class=\"Paragraph_paragraph-text__PVKlh \">&#8220;We know that rates of suicide and poor mental health are already much higher amongst <a class=\"TextLink_text-link__dBSS0 TextLink_enabled__dJF3l\" href=\"https:\/\/www.belfastlive.co.uk\/all-about\/transgender-community\" target=\"_self\" aria-label=\"\" tabindex=\"0\" rel=\"noopener\">trans<\/a> young people, something directly related to the absence of services.<\/p>\n<p class=\"Paragraph_paragraph-text__PVKlh \">&#8220;The trans community deserve and are entitled to rights-based, compassionate <a class=\"TextLink_text-link__dBSS0 TextLink_enabled__dJF3l\" href=\"https:\/\/www.belfastlive.co.uk\/all-about\/health\" target=\"_self\" aria-label=\"\" tabindex=\"0\" rel=\"noopener\">healthcare<\/a> underpinned by the most up to date medical evidence.<\/p>\n<p class=\"Paragraph_paragraph-text__PVKlh \">\u201cI urge <a class=\"TextLink_text-link__dBSS0 TextLink_enabled__dJF3l\" href=\"https:\/\/www.belfastlive.co.uk\/all-about\/department-of-health\" target=\"_self\" aria-label=\"\" tabindex=\"0\" rel=\"noopener\">the minister <\/a>to ensure that the Brackenburn Clinic meets their needs.\u201d<\/p>\n<p class=\"Paragraph_paragraph-text__PVKlh \"><strong class=\"Strong_strong__e2x35\">For all the latest news, visit the Belfast Live homepage<\/strong> <strong class=\"Strong_strong__e2x35\"><a class=\"TextLink_text-link__dBSS0 TextLink_enabled__dJF3l\" href=\"https:\/\/www.belfastlive.co.uk\/\" target=\"_blank\" aria-label=\"hereLink opens in a new tab.\" tabindex=\"0\" rel=\"noopener\">here<\/a> and <a class=\"TextLink_text-link__dBSS0 TextLink_enabled__dJF3l\" href=\"https:\/\/www.belfastlive.co.uk\/newsletter-preference-centre\/?view=Solus&amp;mailingListId=c5616a3b-a9e9-4549-8dbd-d845f73e9390&amp;utm_source=solusarticle\" target=\"_blank\" aria-label=\"sign up to our politics newsletterLink opens in a new tab.\" tabindex=\"0\" rel=\"noopener\">sign up to our politics newsletter<\/a> here.<\/strong><\/p>\n","protected":false},"excerpt":{"rendered":"Diane Dodds hit out at the Minister for making the announcement while the Assembly is on recessDUP Health&hellip;\n","protected":false},"author":2,"featured_media":288321,"comment_status":"","ping_status":"","sticky":false,"template":"","format":"standard","meta":{"footnotes":""},"categories":[4316],"tags":[34912,6408,105,4348,8526,5763,285,11191,24247,19957,16,15],"class_list":{"0":"post-288320","1":"post","2":"type-post","3":"status-publish","4":"format-standard","5":"has-post-thumbnail","7":"category-healthcare","8":"tag-department-of-health","9":"tag-dup","10":"tag-health","11":"tag-healthcare","12":"tag-lgbtq-rights","13":"tag-lgbtq","14":"tag-politics","15":"tag-stormont","16":"tag-trans-rights","17":"tag-transgender-community","18":"tag-uk","19":"tag-united-kingdom"},"share_on_mastodon":{"url":"https:\/\/pubeurope.com\/@uk\/114909126853136720","error":""},"_links":{"self":[{"href":"https:\/\/www.europesays.com\/uk\/wp-json\/wp\/v2\/posts\/288320","targetHints":{"allow":["GET"]}}],"collection":[{"href":"https:\/\/www.europesays.com\/uk\/wp-json\/wp\/v2\/posts"}],"about":[{"href":"https:\/\/www.europesays.com\/uk\/wp-json\/wp\/v2\/types\/post"}],"author":[{"embeddable":true,"href":"https:\/\/www.europesays.com\/uk\/wp-json\/wp\/v2\/users\/2"}],"replies":[{"embeddable":true,"href":"https:\/\/www.europesays.com\/uk\/wp-json\/wp\/v2\/comments?post=288320"}],"version-history":[{"count":0,"href":"https:\/\/www.europesays.com\/uk\/wp-json\/wp\/v2\/posts\/288320\/revisions"}],"wp:featuredmedia":[{"embeddable":true,"href":"https:\/\/www.europesays.com\/uk\/wp-json\/wp\/v2\/media\/288321"}],"wp:attachment":[{"href":"https:\/\/www.europesays.com\/uk\/wp-json\/wp\/v2\/media?parent=288320"}],"wp:term":[{"taxonomy":"category","embeddable":true,"href":"https:\/\/www.europesays.com\/uk\/wp-json\/wp\/v2\/categories?post=288320"},{"taxonomy":"post_tag","embeddable":true,"href":"https:\/\/www.europesays.com\/uk\/wp-json\/wp\/v2\/tags?post=288320"}],"curies":[{"name":"wp","href":"https:\/\/api.w.org\/{rel}","templated":true}]}}