{"id":297163,"date":"2025-07-28T00:21:10","date_gmt":"2025-07-28T00:21:10","guid":{"rendered":"https:\/\/www.europesays.com\/uk\/297163\/"},"modified":"2025-07-28T00:21:10","modified_gmt":"2025-07-28T00:21:10","slug":"tadej-pogacar-reigns-in-paris-after-winning-tour-de-france-for-fourth-time-tour-de-france-2025","status":"publish","type":"post","link":"https:\/\/www.europesays.com\/uk\/297163\/","title":{"rendered":"Tadej Pogacar reigns in Paris after winning Tour de France for fourth time | Tour de France 2025"},"content":{"rendered":"<p class=\"dcr-16w5gq9\">Tadej Pogacar ignited an explosive final stage of the <a href=\"https:\/\/www.theguardian.com\/sport\/tourdefrance\" data-link-name=\"in body link\" data-component=\"auto-linked-tag\" target=\"_blank\" rel=\"noopener\">Tour de France<\/a> in Paris, from Mantes-la-Ville to the Champs \u00c9lys\u00e9es, while sealing his fourth overall victory in the race since 2020.<\/p>\n<p class=\"dcr-16w5gq9\">Despite a downpour on the treacherous cobbles of Montmartre, Pogacar put in a daredevil performance, attacking on each of the three climbs to the Sacr\u00e9 Coeur, only to be finally distanced by the stage winner Wout van Aert, of the Visma Lease a Bike team.<\/p>\n<p class=\"dcr-16w5gq9\">Pogacar had effectively confirmed his fourth Tour de France win during the final stage, after the cobbled climbs and descents over the C\u00f4te de la Butte Montmartre were neutralised because of the wet conditions, ensuring there would be no more changes to the overall standings.<\/p>\n<p class=\"dcr-16w5gq9\">With the Tour won, there was no incentive for the Slovene to attack, but a prestigious stage victory was still at stake and on the first climb of Montmartre he and Van Aert led a group in pursuit of Julian Alaphilippe, who had made the first move on the steep cobbles of Rue Lepic.<\/p>\n<p class=\"dcr-16w5gq9\">Despite the torrential rain, Pogacar and five others moved clear. Another devastating acceleration on the final climb of Rue Lepic blew the lead group apart, but Van Aert clung on and his explosive power eventually took him past the Slovene and ahead to victory.<\/p>\n<p>Tadej Pogacar is cheered by spectators as the cyclists ride through Paris\u2019 Montmartre district. Photograph: Teresa Su\u00e1rez\/EPA<\/p>\n<p class=\"dcr-16w5gq9\">Pogacar, whose previous wins came in <a href=\"https:\/\/www.theguardian.com\/sport\/2020\/sep\/19\/tadej-pogacar-set-to-win-tour-de-france-after-stunning-primoz-roglic\" data-link-name=\"in body link\" target=\"_blank\" rel=\"noopener\">2020<\/a>, <a href=\"https:\/\/www.theguardian.com\/sport\/2021\/jul\/18\/mark-cavendish-breaks-eddy-merckx-tour-de-france-record-tadej-pogacar-seals-title\" data-link-name=\"in body link\" target=\"_blank\" rel=\"noopener\">2021<\/a> and <a href=\"https:\/\/www.theguardian.com\/sport\/article\/2024\/jul\/21\/tadej-pogacar-wraps-up-tour-de-france-victory-to-seal-historic-double\" data-link-name=\"in body link\" target=\"_blank\" rel=\"noopener\">2024<\/a>, comfortably beat his closest rival, Jonas Vingegaard, by almost four and half minutes, in what both riders acknowledged was the hardest edition of the race they have competed in.<\/p>\n<p class=\"dcr-16w5gq9\">Germany\u2019s Florian Lipowitz, in his Tour debut, finished third, while Scotland\u2019s Oscar Onley, riding only his second, placed fourth overall.<\/p>\n<p class=\"dcr-16w5gq9\">Stage wins in <a href=\"https:\/\/www.theguardian.com\/sport\/2025\/jul\/08\/tour-de-france-pogacar-takes-100th-win-in-thrilling-stage-four-finish-but-denied-yellow-jersey-cycling\" data-link-name=\"in body link\" target=\"_blank\" rel=\"noopener\">Rouen<\/a>, <a href=\"https:\/\/www.theguardian.com\/sport\/2025\/jul\/11\/tour-de-france-2025-pogacar-rides-back-into-yellow-with-sprint-victory-in-stage-seven\" data-link-name=\"in body link\" target=\"_blank\" rel=\"noopener\">M\u00fbr-de-Bretagn<\/a>e, <a href=\"https:\/\/www.theguardian.com\/sport\/2025\/jul\/17\/tour-de-france-tadej-pogacar-yellow-jersey-cycling-stage-12-report-hautacam\" data-link-name=\"in body link\" target=\"_blank\" rel=\"noopener\">Hautacam<\/a> and <a href=\"https:\/\/www.theguardian.com\/sport\/2025\/jul\/18\/tour-de-france-tadej-pogacar-extends-lead-time-trial-domination-cycling\" data-link-name=\"in body link\" target=\"_blank\" rel=\"noopener\">Peyragudes<\/a>, further confirmed Pogacar as the most accomplished rider of his generation. He also won the 2024 Giro d\u2019Italia, the 2024 World Road Race championship, Li\u00e8ge-Bastogne-Li\u00e8ge, Strade Bianche, the Tour of Flanders and multiple other stage races including Paris-Nice, Crit\u00e9rium du Dauphin\u00e9 and the Tour of Catalunya.<\/p>\n<p class=\"dcr-16w5gq9\">In his wake, the hapless Vingegaard has every reason to feel hard done by, although his pledge to risk all in pursuit of the yellow jersey, even if it meant losing second place, never truly materialised, save for on Mont Ventoux.<\/p>\n<p class=\"dcr-16w5gq9\">It is the Dane\u2019s misfortune that he is racing in the era of Pogacar. He would almost certainly have added to his tally of two Tour wins if the Slovene was not his contemporary.<\/p>\n<p class=\"dcr-16w5gq9\">At the same time, his Visma Lease a Bike team never had the measure of the task facing them and internal politics, cited by his wife Trine Vingegaard Hansen even before the race began, have also played their part.<\/p>\n<p class=\"dcr-16w5gq9\">\u201cIt can\u2019t be good for Jonas if you also focus on stage wins for others,\u201d Hansen said. \u201cYou can only have respect for how Pogacar does it. When he\u2019s at the start of a race, there\u2019s no doubt about who the leader is.\u201d<\/p>\n<p class=\"dcr-16w5gq9\">The uncertainty over Visma Lease a Bike\u2019s commitment to the cause became increasingly obvious as the race went on. As a contest, it was definitively over after the stage to Mont Ventoux, when Vingegaard\u2019s most determined attacks went unrewarded. After consecutive defeats in the Tour by Pogacar, the Dane\u2019s long\u2011term future with the Visma Lease a Bike team is now the subject of growing speculation.<\/p>\n<p><a data-ignore=\"global-link-styling\" href=\"#EmailSignup-skip-link-15\" class=\"dcr-jzxpee\">skip past newsletter promotion<\/a><\/p>\n<p class=\"dcr-1xjndtj\">The best of our sports journalism from the past seven days and a heads-up on the weekend\u2019s action<\/p>\n<p><strong>Privacy Notice: <\/strong>Newsletters may contain info about charities, online ads, and content funded by outside parties. For more information see our <a data-ignore=\"global-link-styling\" href=\"https:\/\/www.theguardian.com\/help\/privacy-policy\" rel=\"noreferrer noopener\" class=\"dcr-1rjy2q9\" target=\"_blank\">Privacy Policy<\/a>. We use Google reCaptcha to protect our website and the Google <a data-ignore=\"global-link-styling\" href=\"https:\/\/policies.google.com\/privacy\" rel=\"noreferrer noopener\" class=\"dcr-1rjy2q9\" target=\"_blank\">Privacy Policy<\/a> and <a data-ignore=\"global-link-styling\" href=\"https:\/\/policies.google.com\/terms\" rel=\"noreferrer noopener\" class=\"dcr-1rjy2q9\" target=\"_blank\">Terms of Service<\/a> apply.<\/p>\n<p id=\"EmailSignup-skip-link-15\" tabindex=\"0\" aria-label=\"after newsletter promotion\" role=\"note\" class=\"dcr-jzxpee\">after newsletter promotion<\/p>\n<p>Wout van Aert crosses the finish line with arms outstretched. Photograph: Marco Bertorello\/AFP\/Getty Images<\/p>\n<p class=\"dcr-16w5gq9\">Elsewhere, Ineos Grenadiers continue to look a spent force in terms of contending for the yellow jersey, but other Anglophone talents have come to the fore, with Onley and Ireland\u2019s Ben Healy, who placed ninth, both having excellent Tours. Onley\u2019s wholly unexpected performance, in a particularly gruelling Tour in which his own team manager, Matt Winston, had expected him to fall away, was one of the highlights of the race.<\/p>\n<p class=\"dcr-16w5gq9\">Healy\u2019s stage win in Vire and his brief spell in the yellow jersey, allied to his top-10 finish, have reinforced his status as a team leader and fuelled his ambitions for future Grand Tours.<\/p>\n<p class=\"dcr-16w5gq9\">But this was Pogacar\u2019s Tour, a race in which he never looked threatened and in which he maintained physical and psychological mastery of the peloton throughout. He has now won 21 stages in the Tour since winning the race overall on his debut in 2020.<\/p>\n<p class=\"dcr-16w5gq9\">Christian Prudhomme, director of the Tour, when asked on Sunday if Pogacar\u2019s domination was credible, said: \u201cCycling has to live with the doubts, with suspicion, given the history of the sport.\u201d<\/p>\n<p class=\"dcr-16w5gq9\">He added: \u201cPogacar was third in the Vuelta a Espa\u00f1a at just 20 years old and, when he won in 2020, he was the youngest winner of the Tour since 1904. He\u2019s a champion who wins from February to October, a champion who can win the Classics, challenge Mathieu Van der Poel in Paris\u2011Roubaix and dominate in the Pyrenean stages of the Tour, against Jonas Vingegaard.<\/p>\n<p class=\"dcr-16w5gq9\">\u201cYes, we hoped for more of a duel, but it wasn\u2019t to be.\u201d<\/p>\n","protected":false},"excerpt":{"rendered":"Tadej Pogacar ignited an explosive final stage of the Tour de France in Paris, from Mantes-la-Ville to the&hellip;\n","protected":false},"author":2,"featured_media":297164,"comment_status":"","ping_status":"","sticky":false,"template":"","format":"standard","meta":{"footnotes":""},"categories":[5309],"tags":[2000,299,36],"class_list":{"0":"post-297163","1":"post","2":"type-post","3":"status-publish","4":"format-standard","5":"has-post-thumbnail","7":"category-france","8":"tag-eu","9":"tag-europe","10":"tag-france"},"share_on_mastodon":{"url":"https:\/\/pubeurope.com\/@uk\/114928008065042424","error":""},"_links":{"self":[{"href":"https:\/\/www.europesays.com\/uk\/wp-json\/wp\/v2\/posts\/297163","targetHints":{"allow":["GET"]}}],"collection":[{"href":"https:\/\/www.europesays.com\/uk\/wp-json\/wp\/v2\/posts"}],"about":[{"href":"https:\/\/www.europesays.com\/uk\/wp-json\/wp\/v2\/types\/post"}],"author":[{"embeddable":true,"href":"https:\/\/www.europesays.com\/uk\/wp-json\/wp\/v2\/users\/2"}],"replies":[{"embeddable":true,"href":"https:\/\/www.europesays.com\/uk\/wp-json\/wp\/v2\/comments?post=297163"}],"version-history":[{"count":0,"href":"https:\/\/www.europesays.com\/uk\/wp-json\/wp\/v2\/posts\/297163\/revisions"}],"wp:featuredmedia":[{"embeddable":true,"href":"https:\/\/www.europesays.com\/uk\/wp-json\/wp\/v2\/media\/297164"}],"wp:attachment":[{"href":"https:\/\/www.europesays.com\/uk\/wp-json\/wp\/v2\/media?parent=297163"}],"wp:term":[{"taxonomy":"category","embeddable":true,"href":"https:\/\/www.europesays.com\/uk\/wp-json\/wp\/v2\/categories?post=297163"},{"taxonomy":"post_tag","embeddable":true,"href":"https:\/\/www.europesays.com\/uk\/wp-json\/wp\/v2\/tags?post=297163"}],"curies":[{"name":"wp","href":"https:\/\/api.w.org\/{rel}","templated":true}]}}