{"id":298993,"date":"2025-07-28T17:13:16","date_gmt":"2025-07-28T17:13:16","guid":{"rendered":"https:\/\/www.europesays.com\/uk\/298993\/"},"modified":"2025-07-28T17:13:16","modified_gmt":"2025-07-28T17:13:16","slug":"ambassador-jamieson-greer-issues-statement-on-u-s-eu-deal","status":"publish","type":"post","link":"https:\/\/www.europesays.com\/uk\/298993\/","title":{"rendered":"Ambassador Jamieson Greer Issues Statement on U.S.-EU Deal"},"content":{"rendered":"<p><strong>TURNBERRY<\/strong> \u2013 Today, U.S. Trade Representative Jamieson Greer issued a statement following the United States and European Union reaching a Framework for an Agreement on Reciprocal, Fair and Balanced Trade. This landmark deal provides Americans with unprecedented levels of market access in the European Union and strengthens America\u2019s economic footprint, including $750 billion in energy purchases and $600 billion in investments.<\/p>\n<p>\u201cPresident Trump delivered what American Presidents have tried and failed to accomplish, securing a deal between the two largest market economies in the world while keeping the American People at the heart of the trade deal,\u201d said Ambassador Greer. \u201cThis Framework demonstrates that America can maintain tariffs to reduce the goods trade deficit and simultaneously unlock market access for hardworking Americans whose interests remain firmly at the center of every deal made. I thank European Trade Commissioner Maro\u0161 \u0160ef\u010dovi\u010d for his cooperation and commitment to pursue reciprocal, fair trade with the United States.\u201d<\/p>\n<p>To read the Fact Sheet on the Framework, please click <a href=\"https:\/\/www.whitehouse.gov\/fact-sheets\/2025\/07\/fact-sheet-the-united-states-and-european-union-reach-massive-trade-deal\/\" target=\"_blank\" rel=\"noopener\">here<\/a>.<\/p>\n<p><img decoding=\"async\" src=\"https:\/\/www.europesays.com\/uk\/wp-content\/uploads\/2025\/07\/EU Commissioner Maros Sefcovic 7.3.2025.jpg\" data-entity-uuid=\"f2360cab-ead6-4afa-973f-ffec6073527f\" data-entity-type=\"file\" alt=\"\" width=\"6227\" height=\"4072\" class=\"align-center\" loading=\"lazy\"\/><\/p>\n<p class=\"text-align-center\">###<\/p>\n","protected":false},"excerpt":{"rendered":"TURNBERRY \u2013 Today, U.S. Trade Representative Jamieson Greer issued a statement following the United States and European Union&hellip;\n","protected":false},"author":2,"featured_media":298994,"comment_status":"","ping_status":"","sticky":false,"template":"","format":"standard","meta":{"footnotes":""},"categories":[5311],"tags":[49,978,659],"class_list":{"0":"post-298993","1":"post","2":"type-post","3":"status-publish","4":"format-standard","5":"has-post-thumbnail","7":"category-united-states","8":"tag-united-states","9":"tag-us","10":"tag-usa"},"share_on_mastodon":{"url":"https:\/\/pubeurope.com\/@uk\/114931984297009711","error":""},"_links":{"self":[{"href":"https:\/\/www.europesays.com\/uk\/wp-json\/wp\/v2\/posts\/298993","targetHints":{"allow":["GET"]}}],"collection":[{"href":"https:\/\/www.europesays.com\/uk\/wp-json\/wp\/v2\/posts"}],"about":[{"href":"https:\/\/www.europesays.com\/uk\/wp-json\/wp\/v2\/types\/post"}],"author":[{"embeddable":true,"href":"https:\/\/www.europesays.com\/uk\/wp-json\/wp\/v2\/users\/2"}],"replies":[{"embeddable":true,"href":"https:\/\/www.europesays.com\/uk\/wp-json\/wp\/v2\/comments?post=298993"}],"version-history":[{"count":0,"href":"https:\/\/www.europesays.com\/uk\/wp-json\/wp\/v2\/posts\/298993\/revisions"}],"wp:featuredmedia":[{"embeddable":true,"href":"https:\/\/www.europesays.com\/uk\/wp-json\/wp\/v2\/media\/298994"}],"wp:attachment":[{"href":"https:\/\/www.europesays.com\/uk\/wp-json\/wp\/v2\/media?parent=298993"}],"wp:term":[{"taxonomy":"category","embeddable":true,"href":"https:\/\/www.europesays.com\/uk\/wp-json\/wp\/v2\/categories?post=298993"},{"taxonomy":"post_tag","embeddable":true,"href":"https:\/\/www.europesays.com\/uk\/wp-json\/wp\/v2\/tags?post=298993"}],"curies":[{"name":"wp","href":"https:\/\/api.w.org\/{rel}","templated":true}]}}