{"id":300543,"date":"2025-07-29T06:50:09","date_gmt":"2025-07-29T06:50:09","guid":{"rendered":"https:\/\/www.europesays.com\/uk\/300543\/"},"modified":"2025-07-29T06:50:09","modified_gmt":"2025-07-29T06:50:09","slug":"alpine-adventures-fairytale-hiking-in-the-hidden-french-alps-france-holidays","status":"publish","type":"post","link":"https:\/\/www.europesays.com\/uk\/300543\/","title":{"rendered":"Alpine adventures: fairytale hiking in the hidden French Alps | France holidays"},"content":{"rendered":"<p class=\"dcr-16w5gq9\">The baguette was fresh from the boulangerie that morning, a perfect fusion of airy lightness and crackled crust. The cheese \u2013 a nutty, golden gruy\u00e8re \u2013 we\u2019d bought from Pierre: we hadn\u2019t expected to hike past a human, let alone a fromagerie, in the teeny hillside hamlet of Rouet, and it had taken a while to rouse the cheesemaker from within his thick farmhouse walls. But thankfully we\u2019d persevered. Because now we were resting in a valley of pine and pasture with the finest sandwich we\u2019d ever eaten. Just two ingredients. Three, if you counted the mountain air.<\/p>\n<p><a data-name=\"placeholder\" href=\"https:\/\/interactive.guim.co.uk\/uploader\/embed\/2025\/07\/embed-37-zip\/giv-32554bn66QTtvs3Gs\/\" class=\"dcr-1eupayo\" target=\"_blank\" rel=\"noopener\">Map for Queyras<\/a><\/p>\n<p class=\"dcr-16w5gq9\">As lunches go, it was deliciously simple. But then, so was this trip, plainly called \u201cHiking in the French Alps\u201d on the website. The name had struck me as so unimaginative I was perversely intrigued; now it seemed that Macs Adventure \u2013 organisers of this self-guided walk in the Queyras region \u2013 were just being admirably to the point.<\/p>\n<p class=\"dcr-16w5gq9\">Yes, Queyras. I hadn\u2019t heard of it either. Bordered to the north and east by Italy, barricaded by a phalanx of 3,000-metre peaks, this regional natural park might be the least-discovered \u2013 and the Frenchest \u2013 corner of the Alps. Queyras only really entered the national consciousness in 1957, after disastrous floods made it briefly headline news. Tourism filtered in. But it remains little known to outsiders, and centuries of undisturbed agriculture and isolation mean its rural character has been preserved.<\/p>\n<p>Ceillac, the gateway to Queyras natural park. Photograph: Sarah Baxter<\/p>\n<p class=\"dcr-16w5gq9\">Even now Queyras takes some effort to reach. Either you take the narrow, hair-pinning road through the gorges of the Guil River from Guillestre. Or you drive over the 2,361-metre Col d\u2019Izoard (from Brian\u00e7on) or the 2,744-metre Col Agnel (from Italy), both of which periodically test the thighs of Tour de France riders, and both of which close over winter, all but cutting Queyras off from the rest of the world.<\/p>\n<p class=\"dcr-16w5gq9\">Making the most of Macs Adventure\u2019s collaboration with the no-fly specialists Byway, my husband and I travelled as close as we could by train. We overnighted in Paris, whizzed down to south-east France, then chugged more slowly towards Montdauphin-Guillestre, where a <a href=\"https:\/\/whc.unesco.org\/en\/list\/1283\/\" data-link-name=\"in body link\" target=\"_blank\" rel=\"noopener\">Vauban hilltop fort<\/a> surveils a strategic meeting of valleys. Finally, we boarded the end-of-day school bus, joining children inured to the spectacular views to squeeze up the valley to Ceillac, gateway to the natural park.<\/p>\n<blockquote class=\"dcr-zzndwp\"><p>It is a region that, reputedly, has 300 days of sunshine a year and as many species of flowers as it does people<\/p><\/blockquote>\n<p class=\"dcr-16w5gq9\">The plan from here was to spend six days hiking a circular route that promised big, satisfying climbs but no technical terrain (and no shared dorms or privation). Covering up to 12 miles each day \u2013 and walking for an average of six hours \u2013 we\u2019d use parts of the GR58 (the grande randonn\u00e9e that circuits Queyras) as well as other trails to roam between traditional villages. We\u2019d eat cheese, gaze over lakes and mountains, and generally revel in a region that, reputedly, has 300 days of sunshine a year and as many species of flowers as it does people (about 2,500 of both).<\/p>\n<p class=\"dcr-16w5gq9\">On day one this meant walking from Ceillac to Saint-V\u00e9ran, over the Col des Estronques (2,651 metres). It was a fine start, under blue September skies \u2013 we\u2019d come at the end of the hiking season (the trip runs June to mid-September), when crocuses still fleck the meadows and houseleeks hang on higher up, but the bilberry bushes are beginning to blaze in fall-fiery colours and there\u2019s a sense of change in the air.<\/p>\n<p>\u2018The highest village in Europe\u2019, apparently \u2026 Saint-V\u00e9ran. Photograph: Jo Skeats\/Macs Adventure<\/p>\n<p class=\"dcr-16w5gq9\">We joined a light stream of other walkers, progressing up the valley via lonely farmsteads and meadows bouncing with crickets. Noisy choughs and a boisterous breeze welcomed us to the pass itself; 100 vertical metres more took us to the lookout of T\u00eate de Jacquette, where we felt like monarchs of this mountain realm. These may not have been the very biggest Alps \u2013 few peaks sported any snow \u2013 but they rippled every which way, great waves of limestone, dolomite, gabbro and schist.<\/p>\n<p class=\"dcr-16w5gq9\">From the col we dropped down through arolla pine and larch to Saint-V\u00e9ran. At 2,042 metres, it claims to be the highest village in Europe. It\u2019s also a snapshot of Alpine life before the modern world seeped in. The oldest house, built in traditional Saint-V\u00e9ran style, dates to 1641 and is now the Soum Museum; the ground floor, with its half-metre-thick stone walls, is where animals and families would sleep together for warmth. The upper floors, built from tree trunks, were used to keep hay, barley and rye; the grains were made into coarse loaves that would last all winter, baked in the communal oven.<\/p>\n<blockquote class=\"dcr-zzndwp\"><p>By evening we\u2019d be drinking reasonably priced wine, with a multi-course meal or indulgent fondue. The air was always fresh, the trails joyful, the crowds largely thin<\/p><\/blockquote>\n<p class=\"dcr-16w5gq9\">That enormous village oven is still fired up a few times a year, for festivals. But I was pleased to be fed at <a href=\"https:\/\/www.legrandtetras.com\/\" data-link-name=\"in body link\" target=\"_blank\" rel=\"noopener\">Hotel le Grand T\u00e9tras<\/a> (\u201cCapercaillie\u201d) instead. Here, we feasted on gratin d\u2019oreilles d\u2019\u00e2ne (literally \u201cdonkey\u2019s ears\u201d, actually a delicious spinach lasagne) and stayed in a simple room with a five-star view to the opposite peaks.<\/p>\n<p><a data-ignore=\"global-link-styling\" href=\"#EmailSignup-skip-link-15\" class=\"dcr-jzxpee\">skip past newsletter promotion<\/a><\/p>\n<p class=\"dcr-1xjndtj\">Get travel inspiration, featured trips and local tips for your next break, as well as the latest deals from Guardian Holidays<\/p>\n<p><strong>Privacy Notice: <\/strong>Newsletters may contain info about charities, online ads, and content funded by outside parties. For more information see our <a data-ignore=\"global-link-styling\" href=\"https:\/\/www.theguardian.com\/help\/privacy-policy\" rel=\"noreferrer noopener\" class=\"dcr-1rjy2q9\" target=\"_blank\">Privacy Policy<\/a>. We use Google reCaptcha to protect our website and the Google <a data-ignore=\"global-link-styling\" href=\"https:\/\/policies.google.com\/privacy\" rel=\"noreferrer noopener\" class=\"dcr-1rjy2q9\" target=\"_blank\">Privacy Policy<\/a> and <a data-ignore=\"global-link-styling\" href=\"https:\/\/policies.google.com\/terms\" rel=\"noreferrer noopener\" class=\"dcr-1rjy2q9\" target=\"_blank\">Terms of Service<\/a> apply.<\/p>\n<p id=\"EmailSignup-skip-link-15\" tabindex=\"0\" aria-label=\"after newsletter promotion\" role=\"note\" class=\"dcr-jzxpee\">after newsletter promotion<\/p>\n<p>\u2018A five-star view\u2019 \u2026 at Hotel le Grand T\u00e9tras, Saint-V\u00e9ran. Photograph: Sarah Baxter<\/p>\n<p class=\"dcr-16w5gq9\">After this, our days settled into a familiar pattern. We\u2019d set off after breakfast to buy picnic supplies. We\u2019d hike up through butterfly-wafted green. We\u2019d cross a pass, go by a lake or reach a panoramic ridge. Then we\u2019d descend through forest or towards an icy river. By evening we\u2019d be ensconced in a pretty village, drinking reasonably priced wine, with a multicourse meal or an indulgent fondue. The air was always fresh, the trails always joyful, the crowds largely thin.<\/p>\n<p class=\"dcr-16w5gq9\">\u201cIt\u2019s busy here mid-July to mid-September,\u201d said Christophe Delhaise Ramond, the owner of a g\u00eete in Abri\u00e8s where we stayed one night, as he poured us m\u00e9l\u00e8ze (larch) liqueurs while we pored over maps. Then he reconsidered: \u201cBut there are only around 2,000 tourist beds in the park, so it\u2019s never that bad.\u201d<\/p>\n<p>A tr\u00e8s fran\u00e7ais pitstop in Queyras park. Photograph: Sarah Baxter<\/p>\n<p class=\"dcr-16w5gq9\">It\u2019s thanks to Christophe that we made a slight detour the following day. As planned, we climbed up to 2,583-metre Lac Grand Laus, a lake so brilliantly blue-green it seemed a bit of the Mediterranean had got lost in the mountains. It was spectacular, but as crowded as we\u2019d seen anywhere in Queyras. So, on Christophe\u2019s suggestion, we continued to climb, steeply, up to the Col du Petit Malrif, where tenacious flowers popped through the rocks and the views were immense, reaching to snow-licked peaks.<\/p>\n<p class=\"dcr-16w5gq9\">From here, we looped back, via two smaller, but no less Mediterranean, tarns, where there were no other people. At the second we flopped down in the cotton grass and chewed baguettes stuffed with bleu de queyras. We stayed there long after the baguettes were gone, listening to the water burbling in the wind. Finally, we headed on, descending via a rocky cleft. Soon we emerged on a track so swirled by puffs of silken thistledown it was as if we were hiking in Fairyland. But no, we were still just hiking in the French Alps \u2013 albeit a particularly magical bit.<\/p>\n<p class=\"dcr-16w5gq9\">The trip was provided by <a href=\"https:\/\/www.macsadventure.com\/\" data-link-name=\"in body link\" target=\"_blank\" rel=\"noopener\">Macs Adventure and Byway<\/a>,; the seven-night self-guided <a href=\"https:\/\/www.macsadventure.com\/holiday-3224\/hiking-in-the-french-alps\/\" data-link-name=\"in body link\" target=\"_blank\" rel=\"noopener\">Hiking in the French Alps<\/a> trip costs from \u00a31,150pp half-board. Transport was provided by <a href=\"https:\/\/www.byway.travel\/\" data-link-name=\"in body link\" target=\"_blank\" rel=\"noopener\">Byway<\/a>, which can book return trains from London to Montdauphin-Guillestre, plus a night in Paris in each direction, from \u00a3734pp<\/p>\n","protected":false},"excerpt":{"rendered":"The baguette was fresh from the boulangerie that morning, a perfect fusion of airy lightness and crackled crust.&hellip;\n","protected":false},"author":2,"featured_media":300544,"comment_status":"","ping_status":"","sticky":false,"template":"","format":"standard","meta":{"footnotes":""},"categories":[5309],"tags":[2000,299,36],"class_list":{"0":"post-300543","1":"post","2":"type-post","3":"status-publish","4":"format-standard","5":"has-post-thumbnail","7":"category-france","8":"tag-eu","9":"tag-europe","10":"tag-france"},"share_on_mastodon":{"url":"https:\/\/pubeurope.com\/@uk\/114935196888517690","error":""},"_links":{"self":[{"href":"https:\/\/www.europesays.com\/uk\/wp-json\/wp\/v2\/posts\/300543","targetHints":{"allow":["GET"]}}],"collection":[{"href":"https:\/\/www.europesays.com\/uk\/wp-json\/wp\/v2\/posts"}],"about":[{"href":"https:\/\/www.europesays.com\/uk\/wp-json\/wp\/v2\/types\/post"}],"author":[{"embeddable":true,"href":"https:\/\/www.europesays.com\/uk\/wp-json\/wp\/v2\/users\/2"}],"replies":[{"embeddable":true,"href":"https:\/\/www.europesays.com\/uk\/wp-json\/wp\/v2\/comments?post=300543"}],"version-history":[{"count":0,"href":"https:\/\/www.europesays.com\/uk\/wp-json\/wp\/v2\/posts\/300543\/revisions"}],"wp:featuredmedia":[{"embeddable":true,"href":"https:\/\/www.europesays.com\/uk\/wp-json\/wp\/v2\/media\/300544"}],"wp:attachment":[{"href":"https:\/\/www.europesays.com\/uk\/wp-json\/wp\/v2\/media?parent=300543"}],"wp:term":[{"taxonomy":"category","embeddable":true,"href":"https:\/\/www.europesays.com\/uk\/wp-json\/wp\/v2\/categories?post=300543"},{"taxonomy":"post_tag","embeddable":true,"href":"https:\/\/www.europesays.com\/uk\/wp-json\/wp\/v2\/tags?post=300543"}],"curies":[{"name":"wp","href":"https:\/\/api.w.org\/{rel}","templated":true}]}}