{"id":303964,"date":"2025-07-30T13:07:12","date_gmt":"2025-07-30T13:07:12","guid":{"rendered":"https:\/\/www.europesays.com\/uk\/303964\/"},"modified":"2025-07-30T13:07:12","modified_gmt":"2025-07-30T13:07:12","slug":"usa-eu-15-0-hungarian-expert-says-about-the-trade-deal","status":"publish","type":"post","link":"https:\/\/www.europesays.com\/uk\/303964\/","title":{"rendered":"&#8216;USA\u2013EU 15\u20130,\u2019 Hungarian Expert Says about the Trade Deal"},"content":{"rendered":"<p class=\"has-drop-cap has-medium-font-size\">As we have reported, last Sunday <a href=\"https:\/\/www.hungarianconservative.com\/articles\/politics\/us-eu-trade-deal-strategic-overdependence-energy-lng-hungary\/\" target=\"_blank\" rel=\"noopener\">US President Donald Trump announced a new trade agreement he had signed with the European Union<\/a>. Thus far, the prevailing opinion is that the new deal favours the United States a lot more than the EU.<\/p>\n<p>M\u00e1t\u00e9 T\u00f3th, an international and energy attorney, also shares that view. He was a guest on the Hungarian news channel <a href=\"https:\/\/hirtv.hu\/napindito\/egyesult-allamok-europai-unio-15-0-video-2612440\" target=\"_blank\" rel=\"noreferrer noopener\">H\u00edr TV\u2019s morning programme Napind\u00edt\u00f3 (Day Starter)<\/a> on Wednesday, 30 July, to share his expertise on the matter.<\/p>\n<p>T\u00f3th started his piece by saying that neither EU Commissioner for Trade Maro\u0161 \u0160ef\u010dovi\u010d\u2019s celebratory nor Prime Minister Fran\u00e7ois Bayrou of France\u2019s gloomy interpretation is correct. He pointed out that the \u2018tariff wars\u2019 originally started because the EU had a lot higher tariff rates in place for US imports than the other way around. However, overall, he shared his belief that the new trade has put Europe in a subordinate position in relation to the US.<\/p>\n<p>Referring to the new tariff rate of 15 per cent on EU products coming into the US, and 0 per cent on US products coming into the EU, T\u00f3th quipped: \u2018I can hardly think of any sport where 15\u20130 would result in a win for the side scoring 0\u2026This is a stunning defeat [for the EU].\u2019<\/p>\n<p>He went on to point out that certain products have been made exempt from the 15-per-cent tariff rate, such as certain chemical products, genetic medicines, and rare earth minerals\u2014the things the United States actually needs from Europe. On the other hand, steel and aluminium imports from the EU have been hit with a special, 30-per-cent tariff rate.<\/p>\n<p>T\u00f3th also told the audience that the investment commitments from Brussels\u2014$750 billion in energy and an additional $600 billion in other investments\u2014to the US may be an even bigger burden than the new tariff rates. If the EU justifies that with securing additional support to Ukraine, it shows a blind ideological commitment to the cause, the expert warned.<\/p>\n<p>He then raised concerns that it is completely unclear how the EU would finance its new commitment to purchasing $750 billion worth of energy products from the US, and how it would distribute that among its Member States\u2014especially given that it is not national governments that purchase these products, but private energy companies. Thus far, EU countries have only spent around $89 billion a year on US energy imports combined, he pointed out.<\/p>\n<p>\u2018Europe is trying to simultaneously support Ukraine, electrify and transition to green energy with REPowerEU, wants to build its own defence industry, and now, on top of all that, pours money into the United States and buys expensive liquid gas and oil from them. You cannot do all these things at once,\u2019 T\u00f3th declared.<\/p>\n<p>He also raised scepticism over how Brussels would even enforce the terms of the US trade deal on its Member States, as its treaties give no clear power to do so. There, he sarcastically noted: \u2018As we got used to it by now, rule of law concerns only exist in Hungary within the EU,\u2019 in reference to the fact that the EU leadership has routinely breached its own rules to further its agenda.<\/p>\n<p class=\"has-medium-font-size\"><strong>Related articles:<\/strong><\/p>\n","protected":false},"excerpt":{"rendered":"As we have reported, last Sunday US President Donald Trump announced a new trade agreement he had signed&hellip;\n","protected":false},"author":2,"featured_media":303965,"comment_status":"","ping_status":"","sticky":false,"template":"","format":"standard","meta":{"footnotes":""},"categories":[5311],"tags":[49,978,659],"class_list":{"0":"post-303964","1":"post","2":"type-post","3":"status-publish","4":"format-standard","5":"has-post-thumbnail","7":"category-united-states","8":"tag-united-states","9":"tag-us","10":"tag-usa"},"share_on_mastodon":{"url":"","error":""},"_links":{"self":[{"href":"https:\/\/www.europesays.com\/uk\/wp-json\/wp\/v2\/posts\/303964","targetHints":{"allow":["GET"]}}],"collection":[{"href":"https:\/\/www.europesays.com\/uk\/wp-json\/wp\/v2\/posts"}],"about":[{"href":"https:\/\/www.europesays.com\/uk\/wp-json\/wp\/v2\/types\/post"}],"author":[{"embeddable":true,"href":"https:\/\/www.europesays.com\/uk\/wp-json\/wp\/v2\/users\/2"}],"replies":[{"embeddable":true,"href":"https:\/\/www.europesays.com\/uk\/wp-json\/wp\/v2\/comments?post=303964"}],"version-history":[{"count":0,"href":"https:\/\/www.europesays.com\/uk\/wp-json\/wp\/v2\/posts\/303964\/revisions"}],"wp:featuredmedia":[{"embeddable":true,"href":"https:\/\/www.europesays.com\/uk\/wp-json\/wp\/v2\/media\/303965"}],"wp:attachment":[{"href":"https:\/\/www.europesays.com\/uk\/wp-json\/wp\/v2\/media?parent=303964"}],"wp:term":[{"taxonomy":"category","embeddable":true,"href":"https:\/\/www.europesays.com\/uk\/wp-json\/wp\/v2\/categories?post=303964"},{"taxonomy":"post_tag","embeddable":true,"href":"https:\/\/www.europesays.com\/uk\/wp-json\/wp\/v2\/tags?post=303964"}],"curies":[{"name":"wp","href":"https:\/\/api.w.org\/{rel}","templated":true}]}}