{"id":305386,"date":"2025-07-31T01:42:16","date_gmt":"2025-07-31T01:42:16","guid":{"rendered":"https:\/\/www.europesays.com\/uk\/305386\/"},"modified":"2025-07-31T01:42:16","modified_gmt":"2025-07-31T01:42:16","slug":"pro-bike-mavi-garcias-liv-langma","status":"publish","type":"post","link":"https:\/\/www.europesays.com\/uk\/305386\/","title":{"rendered":"Pro bike: Mavi Garc\u00eda&#8217;s Liv Langma"},"content":{"rendered":"<p>                        <img decoding=\"async\"   src=\"https:\/\/www.europesays.com\/uk\/wp-content\/uploads\/2025\/07\/IMG_3291.jpg\" alt=\"Pro bike: Mavi Garc\u00eda's Liv Langma\" loading=\"lazy\"\/><\/p>\n<p>                        <a class=\"article__category\" href=\"https:\/\/escapecollective.com\/tag\/tech-features\/\" target=\"_blank\" rel=\"noopener\">Tech features<\/a><\/p>\n<p class=\"article__sub-title\">A closer look at the bike of the oldest stage winner in Tour de France Femmes history. <\/p>\n<p>                                <img decoding=\"async\" alt=\"Alex Hunt\" loading=\"lazy\" class=\"author__photo lazy \" src=\"https:\/\/www.europesays.com\/uk\/wp-content\/uploads\/2025\/04\/Alex-Hunt-150x150.png\" width=\"99\" height=\"99\"\/><\/p>\n<p>Matt de Neef<\/p>\n<p>Taking to the start of the Tour de France Femmes avec Zwift, Mavi Garc\u00eda was the oldest rider in the peloton. At 41 years, 6 months and and 25 days (as of the start of the TdFF), Garc\u00eda is also the second-oldest rider to ever compete at the Tour de France Femmes behind Sandra L\u00e9v\u00e9nez, who competed at the age of 43 during the inaugural 2022 edition.<\/p>\n<p>Come Stage 2 of this year&#8217;s edition, Garc\u00eda would write herself into the race&#8217;s history book, taking her first stage win at the race. <\/p>\n<p><a class=\"kg-bookmark-container\" href=\"https:\/\/escapecollective.com\/liv-alula-jayco-have-their-win-finally\/\" target=\"_blank\" rel=\"noopener\"><\/p>\n<p>Liv AlUla Jayco have their win, finally<\/p>\n<p>Mavi Garc\u00eda\u2019s stage 2 win at the Tour de France Femmes avec Zwift is the Australian team\u2019s first of 2025, and the biggest in the long career of the Spanish veteran.<\/p>\n<p><img decoding=\"async\" src=\"https:\/\/www.europesays.com\/uk\/wp-content\/uploads\/2025\/07\/corvos-tdff-2-garcia.jpg\" alt=\"\" onerror=\"this.style.display = 'none'\"\/><\/a><\/p>\n<p>The victory came as a result of a daring breakaway ride in the closing kilometres of the stage that looked destined to fail; however, in the final kilometre and with an uphill kick to the line, she was able to hold a three-second gap as the sprinters closed in behind. <\/p>\n<p><img decoding=\"async\" src=\"https:\/\/www.europesays.com\/uk\/wp-content\/uploads\/2025\/07\/image-52.png\" class=\"kg-image\" alt=\"\" loading=\"lazy\" width=\"1920\" height=\"1280\"  \/>The late move from Garc\u00eda put daylight between her and a select bunch of favourites. <\/p>\n<p>What made this win even more sensational for the Spanish rider is that she was riding the Liv Langma, rather than the EnviLiv Aero bike. For all the talk of aero bike domination this season, Stage 2 was won solo by a rider on a lightweight bike, even though an aero bike was an option. <\/p>\n<p>For those that are not so up to speed with Liv&#8217;s range, it mirrors that of Giant; after all, Liv is a subsidiary of Giant. As a result, the Langma is the equivalent of the TCR and the EnviLiv twin to the Propel. <\/p>\n<p>The Langma isn&#8217;t simply a carbon copy of the TCR with different touch points. Instead, the Langma has its own geometry with a slightly higher stack height for any given size, a different, size-specific head tube angle, less trail, and less BB drop, all things that Liv believes make the bike specifically suited to women. <\/p>\n<p>This is Garc\u00eda&#8217;s second season with Liv AlUla Jayco, and her victory at the Tour de France Femmes marks her first win since claiming the overall GC at the Vuelta Ciclista Andalucia Women in June last year. But it&#8217;s her third on Liv, as she joined the team after its late-2023 merger with Liv-Teqfind.<\/p>\n<p>There is very little that is unique to Garc\u00eda on her bike \u2013\u00a0no stickers or personalisation beyond her name sticker differentiates her bike from the rest of her team. Instead, everything is simply team-spec. It is understated but effective, just like the rider atop it. <\/p>\n<p>            This post is for paying subscribers only<br \/>\n            <a class=\"gh-btn\" data-portal=\"signup\" href=\"#\/portal\/signup\" style=\"color:#FF6F42\">Subscribe now<\/a><\/p>\n<p>Already have an account? <a data-portal=\"signin\" href=\"#\/portal\/signin\">Sign in<\/a><\/p>\n<p>                Did we do a good job with this story?<\/p>\n<p class=\"reactions\" data-post-id=\"688a1915c952083b04e4d869\">\n                    \ud83d\udc4dYep<br \/>\n                    \ud83d\udc4eNope\n                <\/p>\n<p class=\"tags\">\n                        <a href=\"https:\/\/escapecollective.com\/tag\/tech-features\/\" title=\"Tech features\" class=\"tag tag-67a677ae0c7ad49bf4f29566 tech-features\" rel=\"tag noopener\" target=\"_blank\">Tech features<\/a><br \/>\n                        <a href=\"https:\/\/escapecollective.com\/tag\/tour-de-france-femmes\/\" title=\"Tour de France Femmes\" class=\"tag tag-67a677ae0c7ad49bf4f295a7 tour-de-france-femmes\" rel=\"tag noopener\" target=\"_blank\">Tour de France Femmes<\/a><br \/>\n                        <a href=\"https:\/\/escapecollective.com\/tag\/mavi-garcia\/\" title=\"Mavi Garc\u00eda\" class=\"tag tag-67a677ae0c7ad49bf4f2934d mavi-garcia\" rel=\"tag noopener\" target=\"_blank\">Mavi Garc\u00eda<\/a><br \/>\n                        <a href=\"https:\/\/escapecollective.com\/tag\/liv-alula-jayco\/\" title=\"Liv AlUla Jayco\" class=\"tag tag-67a677ae0c7ad49bf4f29301 liv-alula-jayco\" rel=\"tag noopener\" target=\"_blank\">Liv AlUla Jayco<\/a><br \/>\n                        <a href=\"https:\/\/escapecollective.com\/tag\/liv\/\" title=\"Liv\" class=\"tag tag-67a677ae0c7ad49bf4f29300 liv\" rel=\"tag noopener\" target=\"_blank\">Liv<\/a>\n                <\/p>\n","protected":false},"excerpt":{"rendered":"Tech features A closer look at the bike of the oldest stage winner in Tour de France Femmes&hellip;\n","protected":false},"author":2,"featured_media":305387,"comment_status":"","ping_status":"","sticky":false,"template":"","format":"standard","meta":{"footnotes":""},"categories":[4104],"tags":[4230,79,16,15],"class_list":{"0":"post-305386","1":"post","2":"type-post","3":"status-publish","4":"format-standard","5":"has-post-thumbnail","7":"category-cycling","8":"tag-cycling","9":"tag-sports","10":"tag-uk","11":"tag-united-kingdom"},"share_on_mastodon":{"url":"https:\/\/pubeurope.com\/@uk\/114945310628380045","error":""},"_links":{"self":[{"href":"https:\/\/www.europesays.com\/uk\/wp-json\/wp\/v2\/posts\/305386","targetHints":{"allow":["GET"]}}],"collection":[{"href":"https:\/\/www.europesays.com\/uk\/wp-json\/wp\/v2\/posts"}],"about":[{"href":"https:\/\/www.europesays.com\/uk\/wp-json\/wp\/v2\/types\/post"}],"author":[{"embeddable":true,"href":"https:\/\/www.europesays.com\/uk\/wp-json\/wp\/v2\/users\/2"}],"replies":[{"embeddable":true,"href":"https:\/\/www.europesays.com\/uk\/wp-json\/wp\/v2\/comments?post=305386"}],"version-history":[{"count":0,"href":"https:\/\/www.europesays.com\/uk\/wp-json\/wp\/v2\/posts\/305386\/revisions"}],"wp:featuredmedia":[{"embeddable":true,"href":"https:\/\/www.europesays.com\/uk\/wp-json\/wp\/v2\/media\/305387"}],"wp:attachment":[{"href":"https:\/\/www.europesays.com\/uk\/wp-json\/wp\/v2\/media?parent=305386"}],"wp:term":[{"taxonomy":"category","embeddable":true,"href":"https:\/\/www.europesays.com\/uk\/wp-json\/wp\/v2\/categories?post=305386"},{"taxonomy":"post_tag","embeddable":true,"href":"https:\/\/www.europesays.com\/uk\/wp-json\/wp\/v2\/tags?post=305386"}],"curies":[{"name":"wp","href":"https:\/\/api.w.org\/{rel}","templated":true}]}}