{"id":308500,"date":"2025-08-01T05:59:14","date_gmt":"2025-08-01T05:59:14","guid":{"rendered":"https:\/\/www.europesays.com\/uk\/308500\/"},"modified":"2025-08-01T05:59:14","modified_gmt":"2025-08-01T05:59:14","slug":"high-temperatures-and-possible-heatwaves-to-return-in-france-in-august","status":"publish","type":"post","link":"https:\/\/www.europesays.com\/uk\/308500\/","title":{"rendered":"High temperatures and possible heatwaves to return in France in August"},"content":{"rendered":"<p>\n                        French forecasters have warned that August is likely to be hot and dry, with an elevated risk of heatwaves. Here is what to expect for the final month of summer.\n                    <\/p>\n<p>After much of France recently enjoyed cooler temperatures following an <a href=\"https:\/\/www.thelocal.fr\/20250702\/red-weather-warnings-lifted-as-french-heatwave-reaches-peak\" target=\"_blank\" rel=\"noopener\">intense heatwave<\/a> in June and July, French forecasters have warned that August could bring hotter, drier weather, along with a possible heatwave.<\/p>\n<p>It is still early for month-long predictions, and the various weather models do not yet agree on the intensity of the heat and the day it is set to start.<\/p>\n<p><strong>READ MORE: <a href=\"https:\/\/www.thelocal.fr\/20250620\/heatwaves-in-france-earlier-hotter-longer-and-getting-worse\" target=\"_blank\" rel=\"noopener\">Heatwaves in France: earlier, hotter, longer \u2013 and getting worse<\/a><\/strong><\/p>\n<p>That said, most agree that the warmer temperatures should begin halfway through the first week of August, as the circulation of the dominant air mass shifts from air arriving from the northwest to air arriving from the Iberian Peninsula.<\/p>\n<p>Advertisement<\/p>\n<p>The French weather service, <a href=\"https:\/\/meteofrance.com\/\" target=\"_blank\" rel=\"noopener\">M\u00e9t\u00e9o France<\/a> said in their tendences (trends) tab that for the first week of August (Monday, August 4th to Sunday, August 10th), &#8220;sunny summer weather is expected to prevail all week in the south. In the north, skies will remain variable until Wednesday, at which point temperatures will rise.<\/p>\n<p>&#8220;The heat could become noticeable in the second half of the week,&#8221; the weather service forecast.<\/p>\n<p>M\u00e9t\u00e9o France forecaster Fran\u00e7ois Jobard posted on Bluesky that people should &#8220;enjoy the relative coolness this week because significantly warmer weather awaits us next week.&#8221;<\/p>\n<p>\u00a0<\/p>\n<blockquote class=\"bluesky-embed\" data-bluesky-uri=\"at:\/\/did:plc:g6fv4huq3d3yqfmti6endjtz\/app.bsky.feed.post\/3lv4wxzvc722m\" data-bluesky-cid=\"bafyreigj26dtjicy5dfowgwdzqnbyywwvg4emhbbgxnielngvztculctym\" data-bluesky-embed-color-mode=\"system\"><p>&#13;<\/p>\n<p lang=\"fr\">Profitez bien de la relative fra\u00eecheur de cette semaine car il se confirme que des conditions nettement plus chaudes nous attendent d\u00e8s la semaine prochaine. Le mois d&#8217;ao\u00fbt pourrait renouer avec un temps tr\u00e8s chaud et sec, avec accentuation de la #s\u00e9cheresse et hausse du risque de vague de chaleur.<\/p>\n<p><a href=\"https:\/\/bsky.app\/profile\/did:plc:g6fv4huq3d3yqfmti6endjtz\/post\/3lv4wxzvc722m?ref_src=embed\" target=\"_blank\" rel=\"noopener\">[image or embed]<\/a><\/p>\n<p>&#13;<br \/>\n&#13;<br \/>\n\u2014 Francois Jobard (<a href=\"https:\/\/bsky.app\/profile\/did:plc:g6fv4huq3d3yqfmti6endjtz?ref_src=embed\" target=\"_blank\" rel=\"noopener\">@francoisjobard.bsky.social<\/a>) <a href=\"https:\/\/bsky.app\/profile\/did:plc:g6fv4huq3d3yqfmti6endjtz\/post\/3lv4wxzvc722m?ref_src=embed\" target=\"_blank\" rel=\"noopener\">July 29, 2025 at 10:27 PM<\/a><\/p><\/blockquote>\n<p>Meanwhile, the European ECMWF model has predicted temperatures nearing 35C in southwest France as early as Wednesday, August 6th, with high temperatures affecting all of the southern half of France by Friday, <a href=\"https:\/\/www.leparisien.fr\/meteo\/nettement-plus-chaud-les-temperatures-vont-grimper-la-semaine-prochaine-le-mois-daout-pourrait-etre-caniculaire-31-07-2025-NYQV3DR6FFFADPIJQW6JGYO5ME.php\" target=\"_blank\" rel=\"noopener\">Le Parisien<\/a> reported.<\/p>\n<p>Another weather service, La Cha\u00eene M\u00e9t\u00e9o, also estimated that the heat index would rise at the end of next week toward seasonal averages.<\/p>\n<p>The weather service estimated that &#8220;temperatures would rise between 5C-8C [during the first week of August], with temperatures above 30C south of the Loire, and highs reaching 36C to 37C in south-western France.&#8221;<\/p>\n<p><strong>READ MORE: <a href=\"https:\/\/www.thelocal.fr\/20240813\/6-articles-to-help-you-survive-a-french-heatwave\" target=\"_blank\" rel=\"noopener\">6 articles to help you survive a French heatwave<\/a><\/strong><\/p>\n<p>As for the rest of the month, M\u00e9t\u00e9o France noted they had &#8220;no dominant weather scenario&#8221; for the following two weeks, but the European ECMWF Model estimated that the hot temperatures would spread toward the north in the following days, with the week of August 11th to 18th &#8220;more exposed to high average temperatures&#8221;.<\/p>\n<p><strong>READ ALSO<\/strong>: <a href=\"https:\/\/www.thelocal.fr\/20250715\/are-summers-in-france-really-getting-hotter\" target=\"_blank\" rel=\"noopener\"><strong>In numbers: Are summers in France really getting hotter?\u270e<\/strong><\/a><\/p>\n","protected":false},"excerpt":{"rendered":"French forecasters have warned that August is likely to be hot and dry, with an elevated risk of&hellip;\n","protected":false},"author":2,"featured_media":308501,"comment_status":"","ping_status":"","sticky":false,"template":"","format":"standard","meta":{"footnotes":""},"categories":[5309],"tags":[2000,299,36],"class_list":{"0":"post-308500","1":"post","2":"type-post","3":"status-publish","4":"format-standard","5":"has-post-thumbnail","7":"category-france","8":"tag-eu","9":"tag-europe","10":"tag-france"},"share_on_mastodon":{"url":"https:\/\/pubeurope.com\/@uk\/114951983352699386","error":""},"_links":{"self":[{"href":"https:\/\/www.europesays.com\/uk\/wp-json\/wp\/v2\/posts\/308500","targetHints":{"allow":["GET"]}}],"collection":[{"href":"https:\/\/www.europesays.com\/uk\/wp-json\/wp\/v2\/posts"}],"about":[{"href":"https:\/\/www.europesays.com\/uk\/wp-json\/wp\/v2\/types\/post"}],"author":[{"embeddable":true,"href":"https:\/\/www.europesays.com\/uk\/wp-json\/wp\/v2\/users\/2"}],"replies":[{"embeddable":true,"href":"https:\/\/www.europesays.com\/uk\/wp-json\/wp\/v2\/comments?post=308500"}],"version-history":[{"count":0,"href":"https:\/\/www.europesays.com\/uk\/wp-json\/wp\/v2\/posts\/308500\/revisions"}],"wp:featuredmedia":[{"embeddable":true,"href":"https:\/\/www.europesays.com\/uk\/wp-json\/wp\/v2\/media\/308501"}],"wp:attachment":[{"href":"https:\/\/www.europesays.com\/uk\/wp-json\/wp\/v2\/media?parent=308500"}],"wp:term":[{"taxonomy":"category","embeddable":true,"href":"https:\/\/www.europesays.com\/uk\/wp-json\/wp\/v2\/categories?post=308500"},{"taxonomy":"post_tag","embeddable":true,"href":"https:\/\/www.europesays.com\/uk\/wp-json\/wp\/v2\/tags?post=308500"}],"curies":[{"name":"wp","href":"https:\/\/api.w.org\/{rel}","templated":true}]}}