{"id":309003,"date":"2025-08-01T10:30:17","date_gmt":"2025-08-01T10:30:17","guid":{"rendered":"https:\/\/www.europesays.com\/uk\/309003\/"},"modified":"2025-08-01T10:30:17","modified_gmt":"2025-08-01T10:30:17","slug":"usa-duties-on-eu-products-at-15-since-august-7-while-wine-still-hopes-in-zero-for-zero","status":"publish","type":"post","link":"https:\/\/www.europesays.com\/uk\/309003\/","title":{"rendered":"Usa, duties on Eu products at 15% since August, 7. While wine still hopes in \u201czero-for-zero\u201d"},"content":{"rendered":"<p><b>Expected today, the 15% tariffs on EU products bound for the U.S., including wine, will now come into effect on August 7. The announcement came overnight from Washington, <a href=\"https:\/\/www.whitehouse.gov\/presidential-actions\/2025\/07\/further-modifying-the-reciprocal-tariff-rates\/?fbclid=IwY2xjawL5AIpleHRuA2FlbQIxMQABHp6wYJFDIU0SITiy53ze9d6oi9t5x4uBTCUTh-O5DMEisUnXNKjAYfZJvlnL_aem_ElPPIzdRuWUxGc5MUbh3Ag\" rel=\"nofollow noopener\" target=\"_blank\">with an executive order signed by U.S. President Donald Trump<\/a>. The order confirmed the threshold agreed upon with European Commission President Ursula von der Leyen, while also modifying tariffs for certain countries, such as Canada, for example, which will see its rate rise from 25% to 35%.<\/b>\u00a0According to EU Trade Commissioner Maro\u0161 \u0160ef\u010dovi\u010d, who commented on X, \u201cthe new U.S. tariffs reflect the initial outcomes of the EU-U.S. agreement, particularly the 15% threshold on all-inclusive tariffs. This strengthens the stability of European businesses and confidence in the transatlantic economy. EU exporters now benefit from a more competitive position. The work continues\u201d.\u00a0<b>Looking on the bright side, in this climate of general uncertainty, the delay offers a few more days of hope that wine might be included in the \u201czero-for-zero\u201d list, i.e. products excluded from tariffs. And, while the European Commission poured some cold water on that hope yesterday, with spokesperson Olof Gill clearly stating, \u201cwe do not expect wine and spirits to be in the first group of exemptions announced tomorrow by the U.S.\u201d, the fact that \u201ctomorrow\u201d has been pushed back leaves room for optimism.<br \/>\u201cThere are ongoing negotiations between U.S. and EU officials, and active discussions are still underway to secure an exemption for wine and alcoholic drinks from the new tariffs. We remain fully engaged with the relevant agencies and strongly support a \u201czero-for-zero\u201d framework that benefits the entire U.S. wine industry, both importers and domestic producers,\u201d commented the U.S. Wine Trade Alliance (Uswta).<\/b>\u00a0Which adds: \u201chowever, as of today, the tariffs remain in effect for affected wine and spirits products. The rate starting on August 1st is 15%. That said, the administration has announced a critical short-term exemption for certain shipments.\u201d\u00a0<b>Particularly, the Uswta explained, \u201cproducts loaded onto a ship within the next seven days and arriving in the U.S. before 12:01 a.m. Edt on October 5, 2025, will not be subject to the recently increased tariffs. These shipments will instead remain subject to the previously imposed tariffs under Executive Order 14257 (and subsequent amendments). This provides companies with a narrow but valuable window to act\u201d.<\/b>\u00a0All of this, however, unfolds in a climate of great uncertainty, which is perhaps the worst enemy for businesses. Moreover, Trump\u2019s executive order includes an important clause, a 40% tariff will be applied to any goods that U.S. Customs and Border Protection determines were \u201ctransshipped\u201d to avoid higher tariffs elsewhere.<br \/><b>Meanwhile, Italian wine producers are watching the situation closely, as the U.S. is by far their largest foreign market, accounting for nearly a quarter of Italy\u2019s total wine exports with 1.9 billion euros in value. The tariff issue will be central to a meeting called by the Minister of Agriculture Francesco Lollobrigida, with the wine industry on August 4th\u00a0at Palazzo Chigi, the \u201chome\u201d of the Italian government. <a href=\"https:\/\/winenews.it\/en\/us-eu-tariffs-focus-on-wine-for-minister-lollobrigida-it-is-the-sector-that-worries-us-the-most_564709\/\" target=\"_blank\" rel=\"noopener\">As previously reported<\/a>, the meeting will also address a structural relaunch plan for Italian wine, which is facing a market crisis, part of a broader global sector downturn, arising, first of all, from duties controversy, declining consumption, health trends, climate change, and the need to reassess production levels, and not only.<\/b><\/p>\n<p>\n\t\tContatti: <b><a href=\"https:\/\/winenews.it\/en\/usa-duties-on-eu-products-at-15-since-august-7-while-wine-still-hopes-in-zero-for-zero_564919\/mailto:info@winenews.it\" target=\"_blank\" rel=\"noopener\">info@winenews.it<\/a><\/b><br \/>Seguici anche su Twitter: <a href=\"http:\/\/twitter.com\/WineNewsIt\" target=\"_blank\" rel=\"noopener\">@WineNewsIt<\/a><br \/>Seguici anche su Facebook: <a href=\"https:\/\/www.facebook.com\/winenewsit\/\" target=\"_blank\" rel=\"noopener\">@winenewsit<\/a>\n\t<\/p>\n<p>Questo articolo \u00e8 tratto dall&#8217;archivio di WineNews &#8211; Tutti i diritti riservati &#8211; Copyright \u00a9 2000\/2025 <\/p>\n<p><script async src=\"https:\/\/platform.twitter.com\/widgets.js\" charset=\"utf-8\"><\/script><\/p>\n","protected":false},"excerpt":{"rendered":"Expected today, the 15% tariffs on EU products bound for the U.S., including wine, will now come into&hellip;\n","protected":false},"author":2,"featured_media":309004,"comment_status":"","ping_status":"","sticky":false,"template":"","format":"standard","meta":{"footnotes":""},"categories":[5311],"tags":[49,978,659],"class_list":{"0":"post-309003","1":"post","2":"type-post","3":"status-publish","4":"format-standard","5":"has-post-thumbnail","7":"category-united-states","8":"tag-united-states","9":"tag-us","10":"tag-usa"},"share_on_mastodon":{"url":"https:\/\/pubeurope.com\/@uk\/114953048787947085","error":""},"_links":{"self":[{"href":"https:\/\/www.europesays.com\/uk\/wp-json\/wp\/v2\/posts\/309003","targetHints":{"allow":["GET"]}}],"collection":[{"href":"https:\/\/www.europesays.com\/uk\/wp-json\/wp\/v2\/posts"}],"about":[{"href":"https:\/\/www.europesays.com\/uk\/wp-json\/wp\/v2\/types\/post"}],"author":[{"embeddable":true,"href":"https:\/\/www.europesays.com\/uk\/wp-json\/wp\/v2\/users\/2"}],"replies":[{"embeddable":true,"href":"https:\/\/www.europesays.com\/uk\/wp-json\/wp\/v2\/comments?post=309003"}],"version-history":[{"count":0,"href":"https:\/\/www.europesays.com\/uk\/wp-json\/wp\/v2\/posts\/309003\/revisions"}],"wp:featuredmedia":[{"embeddable":true,"href":"https:\/\/www.europesays.com\/uk\/wp-json\/wp\/v2\/media\/309004"}],"wp:attachment":[{"href":"https:\/\/www.europesays.com\/uk\/wp-json\/wp\/v2\/media?parent=309003"}],"wp:term":[{"taxonomy":"category","embeddable":true,"href":"https:\/\/www.europesays.com\/uk\/wp-json\/wp\/v2\/categories?post=309003"},{"taxonomy":"post_tag","embeddable":true,"href":"https:\/\/www.europesays.com\/uk\/wp-json\/wp\/v2\/tags?post=309003"}],"curies":[{"name":"wp","href":"https:\/\/api.w.org\/{rel}","templated":true}]}}