{"id":309361,"date":"2025-08-01T13:33:22","date_gmt":"2025-08-01T13:33:22","guid":{"rendered":"https:\/\/www.europesays.com\/uk\/309361\/"},"modified":"2025-08-01T13:33:22","modified_gmt":"2025-08-01T13:33:22","slug":"poland-to-have-more-tanks-than-uk-germany-france-and-italy-combined-after-signing-new-k2-deal","status":"publish","type":"post","link":"https:\/\/www.europesays.com\/uk\/309361\/","title":{"rendered":"Poland to have more tanks than UK, Germany, France and Italy combined after signing new K2 deal"},"content":{"rendered":"<p>\t\t\t\t\tKeep our news free from ads and paywalls by making a donation to support our work!<br \/>\n\t\t\t\t\t<img loading=\"lazy\" decoding=\"async\" class=\"aligncenter size-full wp-image-57162 lazyload\" src=\"https:\/\/www.europesays.com\/uk\/wp-content\/uploads\/2025\/04\/support.png\" alt=\"\" width=\"275\" height=\"97\" style=\"--smush-placeholder-width: 275px; --smush-placeholder-aspect-ratio: 275\/97;\"\/><\/p>\n<p>Notes from Poland is run by a <a href=\"https:\/\/notesfrompoland.com\/about-us\/#editor-team\" target=\"_blank\" rel=\"noopener\">small editorial team<\/a> and is published by an independent, non-profit foundation that is funded through donations from our readers. We cannot do what we do without your support.<\/p>\n<\/p>\n<p>Poland has signed a $6.7 billion (25.1 billion zloty) deal to buy an additional 180 South Korean K2 tanks, including 61 that will be made in Poland itself.<\/p>\n<p>The purchase marks the latest stage in Poland\u2019s rapid recent military expansion. Once the agreement is completed by 2030, Poland will operate around 1,100 tanks, which is more than Germany, France, the UK and Italy combined.<\/p>\n<blockquote class=\"twitter-tweet\" data-width=\"550\" data-dnt=\"true\">\n<p lang=\"pl\" dir=\"ltr\">Przywracamy produkcj\u0119 czo\u0142g\u00f3w w Polsce!!!<br \/>\u2705180 czo\u0142g\u00f3w K2 trafi do Wojska Polskiego. Podpisali\u015bmy jeden z najwi\u0119kszych kontrakt\u00f3w, kt\u00f3ry znacz\u0105co wzmocni nasz\u0105 armi\u0119.<br \/>\u2705116 szt. w konfiguracji K2GF, zostanie dostarcznych do 2027 roku.<br \/>\u270564 szt. w nast\u0119pnych latach powstan\u0105 ju\u017c w\u2026 <a href=\"https:\/\/t.co\/TIW9f3QJ5L\">pic.twitter.com\/TIW9f3QJ5L<\/a><\/p>\n<p>\u2014 W\u0142adys\u0142aw Kosiniak-Kamysz (@KosiniakKamysz) <a href=\"https:\/\/twitter.com\/KosiniakKamysz\/status\/1951234661583069622?ref_src=twsrc%5Etfw\" target=\"_blank\" rel=\"noopener\">August 1, 2025<\/a><\/p>\n<\/blockquote>\n<p>Poland<a href=\"https:\/\/notesfrompoland.com\/2022\/07\/23\/poland-to-buy-fighter-planes-howitzers-and-tanks-from-south-korea\/\" target=\"_blank\" rel=\"noopener\">\u00a0began to buy K2 tanks<\/a> from South Korea in 2022 under the former Law and Justice (PiS) government, with the <a href=\"https:\/\/notesfrompoland.com\/2022\/12\/06\/first-korean-tanks-and-howitzers-arrive-in-poland\/\" target=\"_blank\" rel=\"noopener\">first units beginning to arrive<\/a> in December that year.<\/p>\n<p>The new contract includes 180 tanks, 81 support vehicles, a logistics package, training, a full service and repair programme, and a technology transfer provision.<\/p>\n<p>\u201cPoland is gaining the capacity to produce the tanks,\u201d said defence minister W\u0142adys\u0142aw Kosiniak-Kamysz at the signing ceremony in Gliwice, confirming that 61 of the units will be produced at the Bumar-\u0141ab\u0119dy plant, where the deal was finalised.<\/p>\n<p>The signing comes <a href=\"https:\/\/notesfrompoland.com\/2024\/06\/21\/next-order-of-south-korean-k2-tanks-to-be-partially-produced-in-poland\/\" target=\"_blank\" rel=\"noopener\">nearly a year later<\/a> than initially planned. Kosiniak-Kamysz acknowledged the delay, saying the talks were lengthy but ultimately resulted in \u201cmuch better financial conditions than if we had signed this deal last year\u201d.<\/p>\n<p>\u00a0<\/p>\n<p>Rzeczpospolita, a leading Polish daily, notes that today\u2019s announcement means Poland will have over 950 modern tanks by 2030 \u2013 including 360 K2s, 366 <a href=\"https:\/\/notesfrompoland.com\/2023\/06\/28\/poland-receives-first-abrams-tanks-from-us\/\" target=\"_blank\" rel=\"noopener\">American Abrams<\/a> and 235 <a href=\"https:\/\/notesfrompoland.com\/2023\/02\/24\/poland-to-transfer-first-leopard-tanks-to-ukraine-today-on-first-anniversary-of-russian-invasion\/\" target=\"_blank\" rel=\"noopener\">German Leopards<\/a>. When combined with 150 PT-91 Twardy tanks made in Poland in the 1990s, that brings the total to over 1,100.<\/p>\n<p>By comparison, Germany, France, Italy and the UK have a combined total of under 950 tanks, according to Global Firepower, which collates data on the strength of military forces. Among them, only Germany is actively pursuing expansion of its armoured forces, reports Rzeczpospolita.<\/p>\n<p>Within NATO, Turkey (2,238) and Greece (1,344) have more tanks. However, many of those are decades old, notes Rzeczpospolita, and the high numbers reflect tensions between Ankara and Athens but have little impact on NATO\u2019s eastern flank.<\/p>\n<blockquote class=\"twitter-tweet\" data-width=\"550\" data-dnt=\"true\">\n<p lang=\"en\" dir=\"ltr\">Poland&#8217;s army &#8220;will become the most powerful land force in Europe&#8221;, says the defence minister, after confirming a deal with South Korea that will see Poland acquire almost 1,000 tanks.<\/p>\n<p>The government recently increased defence spending to 3% of GDP <a href=\"https:\/\/t.co\/EVanuDXz5W\">https:\/\/t.co\/EVanuDXz5W<\/a><\/p>\n<p>\u2014 Notes from Poland \ud83c\uddf5\ud83c\uddf1 (@notesfrompoland) <a href=\"https:\/\/twitter.com\/notesfrompoland\/status\/1552989513366003714?ref_src=twsrc%5Etfw\" target=\"_blank\" rel=\"noopener\">July 29, 2022<\/a><\/p>\n<\/blockquote>\n<p>Since Russia\u2019s full-scale invasion of Ukraine in 2022, Poland has embarked on an unprecedented military spending spree. It has increased its defence budget to 4.7% of GDP this year, by far the <a href=\"https:\/\/notesfrompoland.com\/2025\/03\/07\/poland-requests-nato-raise-defence-spending-minimum-to-3-of-gdp\/\" target=\"_blank\" rel=\"noopener\">highest relative level in NATO<\/a>.<\/p>\n<p>Poland has made substantial purchases from South Korea, including <a href=\"https:\/\/notesfrompoland.com\/2024\/04\/26\/poland-signs-1-6-billion-deal-with-south-korea-for-rocket-artillery-launchers\/\" target=\"_blank\" rel=\"noopener\">K239 Chunmoo rocket artillery launchers<\/a>, FA-50 light combat aircraft<a href=\"https:\/\/notesfrompoland.com\/2022\/07\/23\/poland-to-buy-fighter-planes-howitzers-and-tanks-from-south-korea\/\" target=\"_blank\" rel=\"noopener\">, and K9 self-propelled howitzers.<\/a><\/p>\n<p>A major portion of the defence spending has also gone to US producers. Beyond <a href=\"https:\/\/notesfrompoland.com\/2023\/06\/28\/poland-receives-first-abrams-tanks-from-us\/\" target=\"_blank\" rel=\"noopener\">Abrams tanks,<\/a> Poland also signed deals for <a href=\"https:\/\/notesfrompoland.com\/2024\/08\/14\/poland-signs-10-billion-deal-with-us-for-96-apache-attack-helicopters\/\" target=\"_blank\" rel=\"noopener\">Apache<\/a> helicopters, <a href=\"https:\/\/notesfrompoland.com\/2023\/05\/15\/poland-takes-delivery-of-first-himars-from-us\/\" target=\"_blank\" rel=\"noopener\">HIMARS<\/a>\u00a0artillery launchers,\u00a0<a href=\"https:\/\/notesfrompoland.com\/2024\/08\/12\/poland-signs-1-2bn-deal-to-produce-launchers-for-patriot-missile-systems\/\" target=\"_blank\" rel=\"noopener\">Patriot<\/a>\u00a0missile defence systems, and\u00a0<a href=\"https:\/\/notesfrompoland.com\/2024\/02\/08\/us-approves-1-2-billion-sale-of-military-airships-to-poland\/\" target=\"_blank\" rel=\"noopener\">radar reconnaissance airships<\/a>.<\/p>\n<blockquote class=\"twitter-tweet\" data-width=\"550\" data-dnt=\"true\">\n<p lang=\"en\" dir=\"ltr\">Two Polish and South Korean defence firms have signed an agreement to jointly establish a missile factory in Poland <a href=\"https:\/\/t.co\/P1ffwdxRKS\">https:\/\/t.co\/P1ffwdxRKS<\/a><\/p>\n<p>\u2014 Notes from Poland \ud83c\uddf5\ud83c\uddf1 (@notesfrompoland) <a href=\"https:\/\/twitter.com\/notesfrompoland\/status\/1841792329197269064?ref_src=twsrc%5Etfw\" target=\"_blank\" rel=\"noopener\">October 3, 2024<\/a><\/p>\n<\/blockquote>\n<p><img loading=\"lazy\" decoding=\"async\" class=\"alignnone size-full wp-image-57162 lazyload\" src=\"https:\/\/www.europesays.com\/uk\/wp-content\/uploads\/2025\/04\/support.png\" alt=\"\" width=\"275\" height=\"97\" style=\"--smush-placeholder-width: 275px; --smush-placeholder-aspect-ratio: 275\/97;\"\/><br \/>Notes from Poland is run by a <a href=\"https:\/\/notesfrompoland.com\/about-us\/#editor-team\" target=\"_blank\" rel=\"noopener\">small editorial team<\/a> and published by an independent, non-profit foundation that is funded through donations from our readers. We cannot do what we do without your support.<\/p>\n<\/p>\n<p>Main image credit: <a href=\"https:\/\/zoom.mon.gov.pl\/zdjecie\/4461\/\" target=\"_blank\" rel=\"noopener\">Karol Frankowski\/MON<\/a> (under <a href=\"https:\/\/creativecommons.org\/licenses\/by-nc-nd\/3.0\/pl\/deed.pl\" target=\"_blank\" rel=\"noopener\">CC BY-NC-ND 3.0 PL<\/a>)<\/p>\n<p><img loading=\"lazy\" decoding=\"async\" src=\"https:\/\/www.europesays.com\/uk\/wp-content\/uploads\/2025\/04\/Alicja_Ptak_Square.jpeg\" width=\"100\" height=\"100\" alt=\"\" itemprop=\"image\" class=\"lazyload\" style=\"--smush-placeholder-width: 100px; --smush-placeholder-aspect-ratio: 100\/100;\"\/><\/p>\n<p>Alicja Ptak is senior editor at Notes from Poland and a multimedia journalist. She previously worked for Reuters.<\/p>\n<p>\t\t\t\t\t<script async src=\"https:\/\/platform.twitter.com\/widgets.js\" charset=\"utf-8\"><\/script><\/p>\n","protected":false},"excerpt":{"rendered":"Keep our news free from ads and paywalls by making a donation to support our work! Notes from&hellip;\n","protected":false},"author":2,"featured_media":309362,"comment_status":"","ping_status":"","sticky":false,"template":"","format":"standard","meta":{"footnotes":""},"categories":[5310],"tags":[2000,299,1824],"class_list":{"0":"post-309361","1":"post","2":"type-post","3":"status-publish","4":"format-standard","5":"has-post-thumbnail","7":"category-germany","8":"tag-eu","9":"tag-europe","10":"tag-germany"},"share_on_mastodon":{"url":"https:\/\/pubeurope.com\/@uk\/114953768546811423","error":""},"_links":{"self":[{"href":"https:\/\/www.europesays.com\/uk\/wp-json\/wp\/v2\/posts\/309361","targetHints":{"allow":["GET"]}}],"collection":[{"href":"https:\/\/www.europesays.com\/uk\/wp-json\/wp\/v2\/posts"}],"about":[{"href":"https:\/\/www.europesays.com\/uk\/wp-json\/wp\/v2\/types\/post"}],"author":[{"embeddable":true,"href":"https:\/\/www.europesays.com\/uk\/wp-json\/wp\/v2\/users\/2"}],"replies":[{"embeddable":true,"href":"https:\/\/www.europesays.com\/uk\/wp-json\/wp\/v2\/comments?post=309361"}],"version-history":[{"count":0,"href":"https:\/\/www.europesays.com\/uk\/wp-json\/wp\/v2\/posts\/309361\/revisions"}],"wp:featuredmedia":[{"embeddable":true,"href":"https:\/\/www.europesays.com\/uk\/wp-json\/wp\/v2\/media\/309362"}],"wp:attachment":[{"href":"https:\/\/www.europesays.com\/uk\/wp-json\/wp\/v2\/media?parent=309361"}],"wp:term":[{"taxonomy":"category","embeddable":true,"href":"https:\/\/www.europesays.com\/uk\/wp-json\/wp\/v2\/categories?post=309361"},{"taxonomy":"post_tag","embeddable":true,"href":"https:\/\/www.europesays.com\/uk\/wp-json\/wp\/v2\/tags?post=309361"}],"curies":[{"name":"wp","href":"https:\/\/api.w.org\/{rel}","templated":true}]}}