{"id":309363,"date":"2025-08-01T13:34:10","date_gmt":"2025-08-01T13:34:10","guid":{"rendered":"https:\/\/www.europesays.com\/uk\/309363\/"},"modified":"2025-08-01T13:34:10","modified_gmt":"2025-08-01T13:34:10","slug":"whats-in-store-if-your-child-is-doing-frances-journee-de-defense-et-de-citoyennete-this-year","status":"publish","type":"post","link":"https:\/\/www.europesays.com\/uk\/309363\/","title":{"rendered":"What\u2019s in store if your child is doing France\u2019s Journ\u00e9e de D\u00e9fense et de Citoyennet\u00e9 this year"},"content":{"rendered":"<p>\n                        Every year, 800,000 people aged between 16 and 25 take part in a Defence and Citizenship Day in France &#8211; here&#8217;s what they can expect this year.\n                    <\/p>\n<p>The Journ\u00e9e de D\u00e9fense et de Citoyennet\u00e9 (JDC) is a requirement for all young French citizens, even if they live outside France, and is a prerequisite for sitting the baccalaur\u00e9at, applying for certain public jobs, or obtaining a driving licence.\u00a0<\/p>\n<p>The day itself, formerly known as the Journ\u00e9e d\u2019Appel de Pr\u00e9paration \u00e0 la D\u00e9fense (Defense Preparation Day, or JAPD), was established in 1997 by President Jacques Chirac and replaced compulsory military service.<\/p>\n<p>Non-French citizens who are resident of France as well as those with dual nationality (who can opt out depending on their nationality) are not yet obliged to take part in these days, but they are mandatory from September for all French nationals \u2013 and some foreign residents \u2013 aged 16 to 25 as part of government efforts to link youth engagement to military preparedness.<\/p>\n<p>Advertisement<\/p>\n<p>Invitations to attend a JDC are sent out once a <a href=\"https:\/\/www.service-public.fr\/particuliers\/vosdroits\/F870\" target=\"_blank\" rel=\"noopener\">compulsory citizen registration<\/a> is completed.<\/p>\n<p>In 2024, 20,000 JDCs were organised with around 40 young people taking part in each session.\u00a0<\/p>\n<p>From September 2025, they will undergo several key changes, and take on a greater military direction \u2013 and will feature greater emphasis on military and reserve recruitment, the Ministry for the Armed Forces confirmed.<\/p>\n<p>By 2026, the goal is to organise 8,500 new-generation JDCs with 100 young people per session, accompanied by 10 supervisors from defense units and sites.<\/p>\n<p>French government information website Service Publique included a breakdown of a typical JDC day that will be rolled out from September.<\/p>\n<p>They will last seven hours, starting at 8.30am and ending at 3.30pm, and \u2013 after a flag-raising ceremony and the singing of La Marseillaise, followed by the reading of the Charte des droits et devoirs du citoyen fran\u00e7ais (charter of rights and responsibilities of French citizens) will feature role-play and aptitude workshops, a laser-target shooting simulation, and a careers forum with military officials and officers from the National Gendarmerie, while meals will be served in the form of combat rations.<\/p>\n<p>The armed services currently aim to increase the number of reservists from 47,000 to 80,000 by 2030.\u00a0<\/p>\n","protected":false},"excerpt":{"rendered":"Every year, 800,000 people aged between 16 and 25 take part in a Defence and Citizenship Day in&hellip;\n","protected":false},"author":2,"featured_media":309364,"comment_status":"","ping_status":"","sticky":false,"template":"","format":"standard","meta":{"footnotes":""},"categories":[5309],"tags":[2000,299,36],"class_list":{"0":"post-309363","1":"post","2":"type-post","3":"status-publish","4":"format-standard","5":"has-post-thumbnail","7":"category-france","8":"tag-eu","9":"tag-europe","10":"tag-france"},"share_on_mastodon":{"url":"https:\/\/pubeurope.com\/@uk\/114953772614570285","error":""},"_links":{"self":[{"href":"https:\/\/www.europesays.com\/uk\/wp-json\/wp\/v2\/posts\/309363","targetHints":{"allow":["GET"]}}],"collection":[{"href":"https:\/\/www.europesays.com\/uk\/wp-json\/wp\/v2\/posts"}],"about":[{"href":"https:\/\/www.europesays.com\/uk\/wp-json\/wp\/v2\/types\/post"}],"author":[{"embeddable":true,"href":"https:\/\/www.europesays.com\/uk\/wp-json\/wp\/v2\/users\/2"}],"replies":[{"embeddable":true,"href":"https:\/\/www.europesays.com\/uk\/wp-json\/wp\/v2\/comments?post=309363"}],"version-history":[{"count":0,"href":"https:\/\/www.europesays.com\/uk\/wp-json\/wp\/v2\/posts\/309363\/revisions"}],"wp:featuredmedia":[{"embeddable":true,"href":"https:\/\/www.europesays.com\/uk\/wp-json\/wp\/v2\/media\/309364"}],"wp:attachment":[{"href":"https:\/\/www.europesays.com\/uk\/wp-json\/wp\/v2\/media?parent=309363"}],"wp:term":[{"taxonomy":"category","embeddable":true,"href":"https:\/\/www.europesays.com\/uk\/wp-json\/wp\/v2\/categories?post=309363"},{"taxonomy":"post_tag","embeddable":true,"href":"https:\/\/www.europesays.com\/uk\/wp-json\/wp\/v2\/tags?post=309363"}],"curies":[{"name":"wp","href":"https:\/\/api.w.org\/{rel}","templated":true}]}}