{"id":309365,"date":"2025-08-01T13:35:30","date_gmt":"2025-08-01T13:35:30","guid":{"rendered":"https:\/\/www.europesays.com\/uk\/309365\/"},"modified":"2025-08-01T13:35:30","modified_gmt":"2025-08-01T13:35:30","slug":"tour-de-france-femmes-stage-7-live-star-studded-break-get-large-gap-on-peloton","status":"publish","type":"post","link":"https:\/\/www.europesays.com\/uk\/309365\/","title":{"rendered":"Tour de France Femmes stage 7 LIVE &#8211; Star-studded break get large gap on peloton"},"content":{"rendered":"<p>Refresh <\/p>\n<p>2025-08-01T13:30:36.675Z<\/p>\n<p>It has never been so close at this race after 6 stages!<\/p>\n<blockquote class=\"twitter-tweet hawk-ignore\" data-lang=\"en\">\n<p lang=\"en\" dir=\"ltr\">\ud83d\udc9b INTERESTING STAT \ud83d\udc9bThe gaps between the top 5 in the general classification have never been so close after 6 stages of the Tour de France Femmes. The top five are currently separated by 35&#8243; between them, compared to 56&#8243; last year, 55&#8243; in 2023, and 1&#8217;05&#8221; in 2022.The Top\u2026 https:\/\/t.co\/EFTiGXttkI<a href=\"https:\/\/twitter.com\/cantworkitout\/status\/1951273452419080288\" target=\"_blank\" rel=\"noopener\">August 1, 2025<\/a><\/p>\n<\/blockquote>\n<p>2025-08-01T13:26:58.069Z<\/p>\n<p>Olympic and world time trial champion, Grace Brown is at the Tour working for Australian TV also with the Cycling Alliance. She is hoping to get the peloton more united as various issues around rider respect bubble up&#8230;<\/p>\n<p class=\"paywall\" aria-hidden=\"true\">&gt;&gt;&gt; <a data-analytics-id=\"inline-link\" href=\"https:\/\/www.cyclingnews.com\/news\/we-cant-sit-here-and-say-all-the-problems-are-from-outside-cyclist-alliances-grace-brown-spearheads-unity-campaign-at-a-tour-de-france-femmes-where-debate-over-rider-respect-is-bubbling\/\" target=\"_blank\" data-before-rewrite-localise=\"https:\/\/www.cyclingnews.com\/news\/we-cant-sit-here-and-say-all-the-problems-are-from-outside-cyclist-alliances-grace-brown-spearheads-unity-campaign-at-a-tour-de-france-femmes-where-debate-over-rider-respect-is-bubbling\/\" rel=\"noopener\"><strong>&#8216;We can&#8217;t sit here and say all the problems are from outside&#8217; \u2013 Cyclist Alliance&#8217;s Grace Brown spearheads unity campaign at a Tour de France Femmes where debate over rider respect is bubbling<\/strong><\/a><\/p>\n<p class=\"vanilla-image-block\" style=\"padding-top:66.70%;\"><img decoding=\"async\" src=\"https:\/\/www.europesays.com\/uk\/wp-content\/uploads\/2025\/08\/htK65vJw2WSwALFVZBJKLT.jpg\" alt=\"Gold medalist Grace Brown of Team Australia poses on the podium during the Women's Individual Time Trial on day one of the Olympic Games Paris 2024 at Pont Alexandre III on July 27, 2024 in Paris, France. (Photo by Tim de Waele\/Getty Images)\"   loading=\"lazy\" data-original-mos=\"https:\/\/www.europesays.com\/uk\/wp-content\/uploads\/2025\/08\/htK65vJw2WSwALFVZBJKLT.jpg\" data-pin-media=\"https:\/\/www.europesays.com\/uk\/wp-content\/uploads\/2025\/08\/htK65vJw2WSwALFVZBJKLT.jpg\"\/><\/p>\n<p>(Image credit: Getty Images)<\/p>\n<p>2025-08-01T13:23:37.102Z<\/p>\n<p>The gap is now out at four minutes between the breakaway and the peloton.<\/p>\n<p>2025-08-01T13:18:42.168Z<br \/>\n80km to go<\/p>\n<p class=\"paywall\" aria-hidden=\"true\">The gap is still extending to 3&#8217;33&#8221; over the peloton as the pace behind seems to have dropped away.<\/p>\n<p>2025-08-01T13:14:54.174Z<br \/>\nIntermediate sprint (Grosl\u00e9e-Saint-Benoit)<\/p>\n<p class=\"paywall\" aria-hidden=\"true\">1. Fiona Mangan (IRE) Winspace-Orange-Seal 25pts<br \/>2. Alicia Gonzalez (ESP) St Michel-Preference Home-Auber93 20pts<br \/>3. Ruth Edwards (USA) Human Powered Health 17pts<br \/>4. Lotte Kopecky (BEL) SD Worx-Protime 15pts<br \/>5. Marie Le Net (FRA) FDJ-Suez 13pts<br \/>6. Eline Jansen (NED) VolkerWessels 11pts<br \/>7. Alice Maria Arzuffi (ITA) Laboral Kutxa-Fundacion Euskadi 10pts<br \/>8. Celia Le Mouel (FRA) Ceratizit 9pts<br \/>9. Chloe Dygert (USA) Canyon-SRAM-ZondaCrypto 8pts<br \/>10. Mareille Meijering (NED) Movistar 7pts<br \/>11. Megan Jastrab (USA) Picnic-PostNL 6pts<br \/>12. Shirin van Anrooij (NED) Lidl-Trek 5pts<br \/>13. Lucinda Brand (NED) Lidl-Trek 4pts<br \/>14. Justine Ghekiere (BEL) AG Insurance-Soudal 3pts<br \/>15. Maeva Squiban (FRA) UAE Team ADQ 2pts<\/p>\n<blockquote class=\"twitter-tweet hawk-ignore\" data-lang=\"en\">\n<p lang=\"en\" dir=\"ltr\">INTERMEDIATE SPRINT &#8211; GROSL\u00c9E-SAINT-BENOIT \ud83d\udc9a1\ufe0f\u20e3 \ud83c\uddee\ud83c\uddeaFiona Mangan &#8211; 25 pts 2\ufe0f\u20e3 \ud83c\uddea\ud83c\uddf8 @Aliciaglez3 &#8211; 20 pts3\ufe0f\u20e3 \ud83c\uddfa\ud83c\uddf8 Ruth Edwards &#8211; 17 pts#TDFF2025 l #WatchTheFemmes l @wlcmagazine pic.twitter.com\/zZe3ZkwPhM<a href=\"https:\/\/twitter.com\/cantworkitout\/status\/1951271112517513621\" target=\"_blank\" rel=\"noopener\">August 1, 2025<\/a><\/p>\n<\/blockquote>\n<p>2025-08-01T13:11:28.456Z<\/p>\n<p>The gap continues to grow to 3&#8217;20&#8221; between the break and the peloton.<\/p>\n<p>2025-08-01T13:09:26.343Z<\/p>\n<p>The break extend their advantage to 3&#8217;10&#8221; on the peloton.<\/p>\n<p class=\"vanilla-image-block\" style=\"padding-top:66.63%;\"><img decoding=\"async\" src=\"https:\/\/www.europesays.com\/uk\/wp-content\/uploads\/2025\/08\/KoTYhiV4CfCrm3aDrvaocY.jpg\" alt=\"The breakaway led by world champion, Lotte Kopecky on stage 7 of the Tour de France Femmes 2025.\"   loading=\"lazy\" data-original-mos=\"https:\/\/www.europesays.com\/uk\/wp-content\/uploads\/2025\/08\/KoTYhiV4CfCrm3aDrvaocY.jpg\" data-pin-media=\"https:\/\/www.europesays.com\/uk\/wp-content\/uploads\/2025\/08\/KoTYhiV4CfCrm3aDrvaocY.jpg\"\/><\/p>\n<p>(Image credit: Getty Images)<\/p>\n<p>2025-08-01T13:06:48.744Z<\/p>\n<p>6km to the intermediate sprint for the break who now have a gap of 3&#8217;05&#8221; to the peloton.<\/p>\n<p>2025-08-01T13:06:25.905Z<br \/>\nMechanical <\/p>\n<p class=\"paywall\" aria-hidden=\"true\">Gladys Verhulst-Wild (AG Insurance-Soudal)<\/p>\n<p class=\"paywall\" aria-hidden=\"true\">She quickly got assistance and is now back in the peloton again.<\/p>\n<p>2025-08-01T13:04:36.892Z<\/p>\n<p>Paladin abandoning leaves 131 riders left in the race.<\/p>\n<p>2025-08-01T13:04:08.655Z<br \/>\nAbandon<\/p>\n<p class=\"paywall\" aria-hidden=\"true\">Soraya Paladin (Canyon-SRAM-ZondaCrypto)<\/p>\n<p class=\"paywall\" aria-hidden=\"true\">The Italian has had to leave the race after crashing.<\/p>\n<p>2025-08-01T13:03:17.431Z<\/p>\n<p>Kopecky and Dygert are caught by the rest of the breakaway again. They have a gap of 2&#8217;45&#8221; over the peloton.<\/p>\n<p>2025-08-01T13:02:25.484Z<br \/>\nAttack<\/p>\n<p class=\"paywall\" aria-hidden=\"true\">Lotte Kopecky and Chloe Dygert go clear of the rest of the breakaway.<\/p>\n<p>2025-08-01T13:01:40.668Z<\/p>\n<p>Dygert and Kopecky have upped the pace in the breakaway, which explains the time gain.<\/p>\n<p>2025-08-01T13:01:14.120Z<\/p>\n<p>The gap goes up again for the first time in a while to 2&#8217;50&#8221; as the break fight back against the pace being set by Visma-Lease a Bike.<\/p>\n<p>2025-08-01T12:59:12.990Z<\/p>\n<p>Just 10km to the intermediate sprint in Grosl\u00e9e-Saint-Benoit.<\/p>\n<p>2025-08-01T12:58:17.452Z<\/p>\n<p>Gap is still stable at 2&#8217;40&#8221;.<\/p>\n<p>2025-08-01T12:52:53.834Z<br \/>\n100km to go<\/p>\n<p class=\"paywall\" aria-hidden=\"true\">The race nears the intermediate sprint with the gap stabilised at 2&#8217;40&#8221;.<\/p>\n<p>2025-08-01T12:51:09.633Z<\/p>\n<p>Visma-Lease a Bike are keen to close this down with Fenix-Deceuninck and Liv-AlUla-Jayco as they have all missed the move. The gap is now at 2&#8217;40&#8221;.<\/p>\n<p>2025-08-01T12:50:11.092Z<\/p>\n<p>It was Visma-Lease a Bike that really upped the tempo in the peloton and split it into three. However, their pacing didn&#8217;t close in on the break too much and didn&#8217;t definitively split the peloton.<\/p>\n<p class=\"vanilla-image-block\" style=\"padding-top:66.68%;\"><img decoding=\"async\" src=\"https:\/\/www.europesays.com\/uk\/wp-content\/uploads\/2025\/08\/L8Zt926vFwzGcSjrbu3Qfj.jpg\" alt=\"Visma-Lease a Bike leading the peloton on stage 7 of Tour de France Femmes 2025.\"   loading=\"lazy\" data-original-mos=\"https:\/\/www.europesays.com\/uk\/wp-content\/uploads\/2025\/08\/L8Zt926vFwzGcSjrbu3Qfj.jpg\" data-pin-media=\"https:\/\/www.europesays.com\/uk\/wp-content\/uploads\/2025\/08\/L8Zt926vFwzGcSjrbu3Qfj.jpg\"\/><\/p>\n<p>(Image credit: Getty Images)<\/p>\n<p>2025-08-01T12:47:13.697Z<\/p>\n<p>20km to go until the intermediate sprint in Grosl\u00e9e-Saint-Benoit.<\/p>\n<blockquote class=\"twitter-tweet hawk-ignore\" data-lang=\"en\">\n<p lang=\"en\" dir=\"ltr\">\ud83c\udfc1109 kmThe leading group quickly opened up a substantial gap on the peloton and now have a lead of 2&#8217;45&#8221;. Le groupe de t\u00eate a vite cr\u00e9\u00e9 un \u00e9cart cons\u00e9quent avec le peloton, l&#8217;\u00e9chapp\u00e9e compte maintenant 2&#8217;45&#8221; d&#8217;avance. #TDFF2025 l #WatchTheFemmes l @GoZwift pic.twitter.com\/nJ6CA5yCOe<a href=\"https:\/\/twitter.com\/cantworkitout\/status\/1951262747418571076\" target=\"_blank\" rel=\"noopener\">August 1, 2025<\/a><\/p>\n<\/blockquote>\n<p>2025-08-01T12:46:37.395Z<\/p>\n<p>The peloton has stitched itself back together again after splitting.<\/p>\n<p>2025-08-01T12:45:45.160Z<\/p>\n<p>The temperature has gone up to 28.7\u00b0c.<\/p>\n<p>2025-08-01T12:42:39.375Z<br \/>\n110km to go<\/p>\n<p class=\"paywall\" aria-hidden=\"true\">The peloton are now 2&#8217;45&#8221; behind the breakaway with a group off the back of the bunch by about 30&#8243;.<\/p>\n<p>2025-08-01T12:41:58.565Z<br \/>\nMechanical<\/p>\n<p class=\"paywall\" aria-hidden=\"true\">Henrietta Christie (EF Education-Oatly)<\/p>\n<p>2025-08-01T12:40:29.601Z<\/p>\n<p>The first hour&#8217;s average speed was 47.1kph.<\/p>\n<p>2025-08-01T12:38:23.388Z<br \/>\nCrash!<\/p>\n<p class=\"paywall\" aria-hidden=\"true\">Soraya Paladin (Canyon-SRAM-ZondaCrypto)<\/p>\n<p class=\"paywall\" aria-hidden=\"true\">The Italian rider who was so strong yesterday has come down in a crash.<\/p>\n<p>2025-08-01T12:36:12.998Z<\/p>\n<p>Peloton split into three groups under the pressure of the pace change.<\/p>\n<p>2025-08-01T12:35:24.203Z<\/p>\n<p>The breakaway are flying along but the peloton have reduced the gap to 2&#8217;55&#8221;.<\/p>\n<p class=\"vanilla-image-block\" style=\"padding-top:66.68%;\"><img decoding=\"async\" src=\"https:\/\/www.europesays.com\/uk\/wp-content\/uploads\/2025\/08\/3rizzcq6cmnWkwfDwApyCm.jpg\" alt=\"Breakaway stage 7 Tour de France Femmes 2025\"   loading=\"lazy\" data-original-mos=\"https:\/\/www.europesays.com\/uk\/wp-content\/uploads\/2025\/08\/3rizzcq6cmnWkwfDwApyCm.jpg\" data-pin-media=\"https:\/\/www.europesays.com\/uk\/wp-content\/uploads\/2025\/08\/3rizzcq6cmnWkwfDwApyCm.jpg\"\/><\/p>\n<p>(Image credit: Getty Images)<\/p>\n<p>2025-08-01T12:32:15.814Z<br \/>\n120km to go<\/p>\n<p class=\"paywall\" aria-hidden=\"true\">The gap is now at 3&#8217;05&#8221; between the break and the peloton.<\/p>\n<p>2025-08-01T12:31:47.899Z<\/p>\n<p>Multiple teams are leading the peloton but they are mainly led by Liv-AlUla-Jayco who have missed the breakaway.<\/p>\n<p>2025-08-01T12:28:25.051Z<\/p>\n<p>The peloton has let the time gap stretch out to over three minutes.<\/p>\n<p>2025-08-01T12:27:33.167Z<\/p>\n<p>The break is made up of some incredible talents and riders who would be perfect as satellite riders when the climbs start. But will anyone use them as that? And will the gap get large enough for the break for that to be a possibility?<\/p>\n<p>2025-08-01T12:26:37.544Z<\/p>\n<p>The peloton appear to be relatively happy with the breakaway as multiple riders are dropping back to the cars to get bottles and food.<\/p>\n<p>2025-08-01T12:25:25.935Z<\/p>\n<p>Eline Jansen of VolkerWessels is the best placed rider in the break going into today at 5&#8217;40&#8221;, 17th overall. She is followed by Justine Ghekiere of AG Insurance-Soudal at 7&#8217;44&#8221; with only Squiban being another rider inside 10 minutes.<\/p>\n<p>2025-08-01T12:21:45.628Z<\/p>\n<p>Breakaway:<\/p>\n<p class=\"paywall\" aria-hidden=\"true\">Lotte Kopecky (SD Worx-Protime)<br \/>Chloe Dygert (Canyon-SRAM-ZondaCrypto)<br \/>Marie Le Net (FDJ-Suez)<br \/>Maeva Squiban (UAE Team ADQ)<br \/>Eline Jansen (VolkerWessels)<br \/>Justine Ghekiere (AG Insurance-Soudal)<br \/>Shirin van Anrooij (Lidl-Trek)<br \/>Megan Jastrab (Picnic-PostNL)<br \/>Ruth Edwards (Human Powered Health)<br \/>Celia Le Mouel (Ceratizit)<br \/>Mareille Meijering (Movistar)<br \/>Maud Rijnbeek (VolkerWessels)<br \/>Alice Maria Arzuffi (Labora Kutxa-Fundacion Euskadi)<br \/>Lucinda Brand (Lidl-Trek)<br \/>Alicia Gonzalez (St Michel-Preference Home-Auber93)<br \/>Fiona Mangan (Winspace-Orange-Seal)<br \/>Susanne Andersen (Uno-X Mobility)<\/p>\n<p>2025-08-01T12:16:35.542Z<br \/>\n130km to go<\/p>\n<p class=\"paywall\" aria-hidden=\"true\">The kilometres are being rattled through by the peloton as they fly along the flatter terrain on their way to the climbs.<\/p>\n<p>2025-08-01T12:13:01.123Z<\/p>\n<p>The average speed is starting to drop. It is now shown as being 43kph.<\/p>\n<p>2025-08-01T12:09:03.628Z<\/p>\n<p>The leading group is made up of 17 riders.<\/p>\n<p>2025-08-01T12:07:32.286Z<\/p>\n<p>This new breakaway&#8217;s gap has shot out to a minute in no time at all. This looks like it could be the break of the day.<\/p>\n<p>2025-08-01T12:05:28.535Z<\/p>\n<p>A large group of riders have a gap on the peloton. It quickly stretches to 18&#8243; over the peloton.<\/p>\n<p>2025-08-01T12:04:41.498Z<br \/>\n140km to go<\/p>\n<p class=\"paywall\" aria-hidden=\"true\">Another 10km tick by and still no sign of a breakaway getting a sniff of a gap on the peloton.<\/p>\n<p>2025-08-01T11:59:49.827Z<\/p>\n<p>Brand and Squiban have been caught and the fight to form the break begins again.<\/p>\n<p>2025-08-01T11:56:09.401Z<\/p>\n<p>Brand and Squiban have a gap of 18&#8243; over the chasing peloton.<\/p>\n<p>2025-08-01T11:55:23.098Z<br \/>\nCounter attack<\/p>\n<p class=\"paywall\" aria-hidden=\"true\">Lucinda Brand (Lidl-Trek)<\/p>\n<p class=\"paywall\" aria-hidden=\"true\">It was a very frustrating day for Lidl-Trek yesterday with Niamh Fisher-Black losing over two minutes to her rivals thanks to a mechanical.<\/p>\n<p class=\"paywall\" aria-hidden=\"true\">Brand has launched and has quickly joined Squiban at the front of the race.<\/p>\n<p>2025-08-01T11:51:43.432Z<br \/>\nAttack!<\/p>\n<p class=\"paywall\" aria-hidden=\"true\">Maeva Squiban (UAE Team ADQ)<\/p>\n<p class=\"paywall\" aria-hidden=\"true\">Yesterday&#8217;s stage winner is flying on cloud 9 after taking stage 6. Her max gap was 18&#8243; but it is now back down to 8&#8243;. She is alone for the moment.<\/p>\n<p>2025-08-01T11:49:38.041Z<br \/>\n150km to go<\/p>\n<p class=\"paywall\" aria-hidden=\"true\">Almost 10km into the stage and no-one has managed any form of gap on the peloton.<\/p>\n<p>2025-08-01T11:47:04.325Z<\/p>\n<p>Still no sign of an early break. The peloton are riding at speed with the average being 47.9kph so far.<\/p>\n<p>2025-08-01T11:42:56.792Z<\/p>\n<p>No early break has managed to form just yet.<\/p>\n<p>2025-08-01T11:39:46.308Z<br \/>\n159.7km to go<\/p>\n<p class=\"paywall\" aria-hidden=\"true\">The flag is waves and racing begins for stage 7 of the Tour de France Femmes 2025. It has been confirmed that 132 riders started today with no DNSs this morning.<\/p>\n<blockquote class=\"twitter-tweet hawk-ignore\" data-lang=\"en\">\n<p lang=\"en\" dir=\"ltr\">REAL START, @Roussemarion has just lowered the flag! \ud83d\udea9 DEPART R\u00c9EL, @Roussemarion vient d&#8217;abaisser son drapeau ! \u2705#TDFF2025 l #WatchTheFemmes l @GoZwift pic.twitter.com\/4V4FHzPyiN<a href=\"https:\/\/twitter.com\/cantworkitout\/status\/1951248021238227351\" target=\"_blank\" rel=\"noopener\">August 1, 2025<\/a><\/p>\n<\/blockquote>\n<p>2025-08-01T11:38:41.593Z<\/p>\n<p>It has been a real mixed bag of a race for UAE Team ADQ. They&#8217;re down to 4 riders but have a stage win and are looking very good with aggressive tactics&#8230;<\/p>\n<p class=\"paywall\" aria-hidden=\"true\">&gt;&gt;&gt; <a data-analytics-id=\"inline-link\" href=\"https:\/\/www.cyclingnews.com\/news\/we-have-nothing-to-lose-down-to-four-riders-aggressive-racing-saves-uae-team-adqs-tour-de-france-femmes\/\" target=\"_blank\" data-before-rewrite-localise=\"https:\/\/www.cyclingnews.com\/news\/we-have-nothing-to-lose-down-to-four-riders-aggressive-racing-saves-uae-team-adqs-tour-de-france-femmes\/\" rel=\"noopener\"><strong>&#8216;We have nothing to lose&#8217; \u2013 Down to four riders, aggressive racing saves UAE Team ADQ&#8217;s Tour de France Femmes <\/strong><\/a><\/p>\n<p class=\"vanilla-image-block\" style=\"padding-top:66.60%;\"><img decoding=\"async\" src=\"https:\/\/www.europesays.com\/uk\/wp-content\/uploads\/2025\/08\/oRMoFbgorWPaviHd7pGAY5.jpg\" alt=\"AMBERT, FRANCE - JULY 31: (L-R) Stage winner Maeva Squiban of France, Dominika Wlodarczyk of Poland and Lara Gillespie of Ireland and UAE Team ADQ react after the 4th Tour de France Femmes 2025, Stage 6 \/a 123.7km stage from Clermont-Ferrand to Ambert #UCIWWT \/ on July 31, 2025 in Ambert, France. (Photo by Szymon Gruchalski\/Getty Images)\"   loading=\"lazy\" data-original-mos=\"https:\/\/www.europesays.com\/uk\/wp-content\/uploads\/2025\/08\/oRMoFbgorWPaviHd7pGAY5.jpg\" data-pin-media=\"https:\/\/www.europesays.com\/uk\/wp-content\/uploads\/2025\/08\/oRMoFbgorWPaviHd7pGAY5.jpg\"\/><\/p>\n<p>(Image credit: Getty Images)<\/p>\n<p>2025-08-01T11:35:17.531Z<\/p>\n<p>The official start is due to be given in 5 minutes.<\/p>\n<p>2025-08-01T11:34:25.713Z<br \/>\nNeutral start<\/p>\n<p class=\"paywall\" aria-hidden=\"true\">The riders roll out of the start in Bourg-en-Bresse and set off for stage 7 in the neutralised zone.<\/p>\n<p class=\"vanilla-image-block\" style=\"padding-top:66.68%;\"><img decoding=\"async\" src=\"https:\/\/www.europesays.com\/uk\/wp-content\/uploads\/2025\/08\/wGKv989qog4HJfNVnG9Ch4.jpg\" alt=\"Kim Le Court and Elise Chabbey on stage 7 of the Tour de France Femmes 2025.\"   loading=\"lazy\" data-original-mos=\"https:\/\/www.europesays.com\/uk\/wp-content\/uploads\/2025\/08\/wGKv989qog4HJfNVnG9Ch4.jpg\" data-pin-media=\"https:\/\/www.europesays.com\/uk\/wp-content\/uploads\/2025\/08\/wGKv989qog4HJfNVnG9Ch4.jpg\"\/><\/p>\n<p>(Image credit: Getty Images)<\/p>\n<p>2025-08-01T11:25:20.604Z<\/p>\n<p>Its a hot start to the day in Bourg-en-Bresse with 26\u00b0c at the start with the heat riding to almost 30\u00b0c in Chamb\u00e9ry for the finish.<\/p>\n<blockquote class=\"twitter-tweet hawk-ignore\" data-lang=\"en\">\n<p lang=\"en\" dir=\"ltr\">\ud83e\uddca Ice vests are on. We&#8217;re in for a hot day in the Alps \ud83e\udd75La journ\u00e9e s&#8217;annonce chaude sur la route du Tour \ud83e\udd75#TDFF2025 | #WatchTheFemmes | @gozwift pic.twitter.com\/rzwHcbJYkq<a href=\"https:\/\/twitter.com\/cantworkitout\/status\/1951241114838577198\" target=\"_blank\" rel=\"noopener\">August 1, 2025<\/a><\/p>\n<\/blockquote>\n<p>2025-08-01T11:22:31.198Z<\/p>\n<p>Will Kim Le Court or Sarah Gigante add another lion or other cuddly toy to the collection on the AG Insurance-Soudal team bus at the end of today?<\/p>\n<p class=\"vanilla-image-block\" style=\"padding-top:66.68%;\"><img decoding=\"async\" src=\"https:\/\/www.europesays.com\/uk\/wp-content\/uploads\/2025\/08\/n9ZopxKdHYKH8rGJdC53ya.jpg\" alt=\"AG Insurance-Soudal team bus at Tour de France Femmes 2025\"   loading=\"lazy\" data-original-mos=\"https:\/\/www.europesays.com\/uk\/wp-content\/uploads\/2025\/08\/n9ZopxKdHYKH8rGJdC53ya.jpg\" data-pin-media=\"https:\/\/www.europesays.com\/uk\/wp-content\/uploads\/2025\/08\/n9ZopxKdHYKH8rGJdC53ya.jpg\"\/><\/p>\n<p>(Image credit: Getty Images)<\/p>\n<p>2025-08-01T11:15:07.906Z<\/p>\n<p>Just 15 minutes until the neutral start.<\/p>\n<p>2025-08-01T11:13:55.872Z<\/p>\n<p>The GC changed slightly yesterday with Kim Le Court (AG Insurance-Soudal) extending her lead and Kasia Niewiadoma-Phinney (Canyon-SRAM-ZondaCrypto) among a few others all moving up&#8230;<\/p>\n<p class=\"paywall\" aria-hidden=\"true\">1. Kim Le Court (MAU) AG Insurance-Soudal 18:29&#8217;05&#8221;<br \/>2. Pauline Ferrand-Prevot (FRA) Visma-Lease a Bike +26&#8243;<br \/>3. Kasia Niewiadoma-Phinney (POL) Canyon-SRAM-ZondaCrypto +30&#8243;<br \/>4. Demi Vollering (NED) FDJ-Suez +31&#8243;<br \/>5. Anna van der Breggen (NED) SD Worx-Protime +35&#8243;<br \/>6. Pauliena Rooijakkers (NED) Fenix-Deceuninck +53&#8243;<br \/>7. Sarah Gigante (AUS) AG Insurance-Soudal +1&#8217;03&#8221;<br \/>8. Puck Pieterse (NED) Fenix-Deceuninck +1&#8217;12&#8221;<br \/>9. Cedrine Kerbaol (FRA) EF Education-Oatly +1&#8217;24&#8221;<br \/>10. Evita Muzic (FRA) FDJ-Suez S.T.<\/p>\n<p>2025-08-01T11:03:16.548Z<\/p>\n<p>The riders are due to roll out for the neutral start in roughly half an hour&#8217;s time.<\/p>\n<p>2025-08-01T11:02:49.496Z<\/p>\n<p>Onto today, then. And it could be an integral day in the GC fight with plenty of attack points in the final 40 to 30 kilometres. Especially the last climb of the Col du Granier&#8230;<\/p>\n<p class=\"paywall\" aria-hidden=\"true\">&gt;&gt;&gt; <a data-analytics-id=\"inline-link\" href=\"https:\/\/www.cyclingnews.com\/races\/tour-de-france-femmes-2025\/stage-7\/preview\/\" target=\"_blank\" data-before-rewrite-localise=\"https:\/\/www.cyclingnews.com\/races\/tour-de-france-femmes-2025\/stage-7\/preview\/\" rel=\"noopener\"><strong>Tour de France Femmes 2025 stage 7 preview \u2013 The Col du Granier could bring major GC moves, but on the way down, not up<\/strong><\/a><\/p>\n<p class=\"vanilla-image-block\" style=\"padding-top:56.25%;\"><img decoding=\"async\" src=\"https:\/\/www.europesays.com\/uk\/wp-content\/uploads\/2025\/08\/LCFdeWpno9SXinAzypEpuk.jpg\" alt=\"Tour de France Femmes\"   loading=\"lazy\" data-original-mos=\"https:\/\/www.europesays.com\/uk\/wp-content\/uploads\/2025\/08\/LCFdeWpno9SXinAzypEpuk.jpg\" data-pin-media=\"https:\/\/www.europesays.com\/uk\/wp-content\/uploads\/2025\/08\/LCFdeWpno9SXinAzypEpuk.jpg\"\/><\/p>\n<p>(Image credit: Getty Images)<\/p>\n<p>2025-08-01T11:00:35.586Z<\/p>\n<p>Before looking towards today&#8217;s stage, lets take a dive back into what was a very intriguing day in the GC fight yesterday&#8230;<\/p>\n<p class=\"paywall\" aria-hidden=\"true\">&gt;&gt;&gt; <a data-analytics-id=\"inline-link\" href=\"https:\/\/www.cyclingnews.com\/news\/gigante-on-the-radar-niewiadoma-phinney-gets-an-edge-vollering-and-ferrand-prevot-conserve-revealing-movements-on-first-tour-de-france-femmes-mountain-day\/\" target=\"_blank\" data-before-rewrite-localise=\"https:\/\/www.cyclingnews.com\/news\/gigante-on-the-radar-niewiadoma-phinney-gets-an-edge-vollering-and-ferrand-prevot-conserve-revealing-movements-on-first-tour-de-france-femmes-mountain-day\/\" rel=\"noopener\"><strong>Gigante on the radar, Niewiadoma-Phinney gets an edge, Vollering and Ferrand-Pr\u00e9vot conserve \u2013 Revealing movements on first Tour de France Femmes mountain day<\/strong><\/a><\/p>\n<p class=\"vanilla-image-block\" style=\"padding-top:66.60%;\"><img decoding=\"async\" src=\"https:\/\/www.europesays.com\/uk\/wp-content\/uploads\/2025\/08\/LqvrfLqYgPb2MhA6UTDCTG.jpg\" alt=\"The peloton on the first mountain day, stage 6, at the Tour de France Femmes\"   loading=\"lazy\" data-original-mos=\"https:\/\/www.europesays.com\/uk\/wp-content\/uploads\/2025\/08\/LqvrfLqYgPb2MhA6UTDCTG.jpg\" data-pin-media=\"https:\/\/www.europesays.com\/uk\/wp-content\/uploads\/2025\/08\/LqvrfLqYgPb2MhA6UTDCTG.jpg\"\/><\/p>\n<p>(Image credit: Getty Images)<\/p>\n<p>2025-08-01T10:53:02.869Z<\/p>\n<p>All the riders are getting ready for the stage and signing on with the help of some little friends as Alice Maria Arzuffi (Laboral Kutxa-Fundacion Euskadi) gets a helping hand at sign on&#8230;<\/p>\n<p class=\"vanilla-image-block\" style=\"padding-top:66.68%;\"><img decoding=\"async\" src=\"https:\/\/www.europesays.com\/uk\/wp-content\/uploads\/2025\/08\/M5Lmsy5BnswHWZrVecxf3U.jpg\" alt=\"Alice Maria Arzuffi and her fury friend before the start of stage 7 at the Tour de France Femmes 2025.\"   loading=\"lazy\" data-original-mos=\"https:\/\/www.europesays.com\/uk\/wp-content\/uploads\/2025\/08\/M5Lmsy5BnswHWZrVecxf3U.jpg\" data-pin-media=\"https:\/\/www.europesays.com\/uk\/wp-content\/uploads\/2025\/08\/M5Lmsy5BnswHWZrVecxf3U.jpg\"\/><\/p>\n<p>(Image credit: Getty Images)<\/p>\n<p>2025-08-01T10:50:08.381Z<\/p>\n<p>Today&#8217;s stage begins in Bourg-en-Bresse and travels over a distance of 159.7km with a finish in Chamb\u00e9ry. There are three categorised climbs on the menu today with one category four and two category two climbs. As well as the usual intermediate sprint which takes place in Grosl\u00e9e-Saint-Benoit.<\/p>\n<p class=\"paywall\" aria-hidden=\"true\">The first climb of the day tops out with around 40km to go. The second climb at 30km to go and the final climb with just 12km to go. With a rapid descent to the finish. This should be a properly big stage for the GC fight.<\/p>\n<p>2025-07-23T21:07:13.844Z<\/p>\n<p>Bonjour and welcome to our live updates of the seventh stage at the 2025 Tour de France Femmes.<\/p>\n<p><script async src=\"https:\/\/platform.twitter.com\/widgets.js\" charset=\"utf-8\"><\/script><\/p>\n","protected":false},"excerpt":{"rendered":"Refresh 2025-08-01T13:30:36.675Z It has never been so close at this race after 6 stages! \ud83d\udc9b INTERESTING STAT \ud83d\udc9bThe&hellip;\n","protected":false},"author":2,"featured_media":309366,"comment_status":"","ping_status":"","sticky":false,"template":"","format":"standard","meta":{"footnotes":""},"categories":[5309],"tags":[2000,299,36],"class_list":{"0":"post-309365","1":"post","2":"type-post","3":"status-publish","4":"format-standard","5":"has-post-thumbnail","7":"category-france","8":"tag-eu","9":"tag-europe","10":"tag-france"},"share_on_mastodon":{"url":"https:\/\/pubeurope.com\/@uk\/114953776815394560","error":""},"_links":{"self":[{"href":"https:\/\/www.europesays.com\/uk\/wp-json\/wp\/v2\/posts\/309365","targetHints":{"allow":["GET"]}}],"collection":[{"href":"https:\/\/www.europesays.com\/uk\/wp-json\/wp\/v2\/posts"}],"about":[{"href":"https:\/\/www.europesays.com\/uk\/wp-json\/wp\/v2\/types\/post"}],"author":[{"embeddable":true,"href":"https:\/\/www.europesays.com\/uk\/wp-json\/wp\/v2\/users\/2"}],"replies":[{"embeddable":true,"href":"https:\/\/www.europesays.com\/uk\/wp-json\/wp\/v2\/comments?post=309365"}],"version-history":[{"count":0,"href":"https:\/\/www.europesays.com\/uk\/wp-json\/wp\/v2\/posts\/309365\/revisions"}],"wp:featuredmedia":[{"embeddable":true,"href":"https:\/\/www.europesays.com\/uk\/wp-json\/wp\/v2\/media\/309366"}],"wp:attachment":[{"href":"https:\/\/www.europesays.com\/uk\/wp-json\/wp\/v2\/media?parent=309365"}],"wp:term":[{"taxonomy":"category","embeddable":true,"href":"https:\/\/www.europesays.com\/uk\/wp-json\/wp\/v2\/categories?post=309365"},{"taxonomy":"post_tag","embeddable":true,"href":"https:\/\/www.europesays.com\/uk\/wp-json\/wp\/v2\/tags?post=309365"}],"curies":[{"name":"wp","href":"https:\/\/api.w.org\/{rel}","templated":true}]}}