{"id":312284,"date":"2025-08-02T15:52:43","date_gmt":"2025-08-02T15:52:43","guid":{"rendered":"https:\/\/www.europesays.com\/uk\/312284\/"},"modified":"2025-08-02T15:52:43","modified_gmt":"2025-08-02T15:52:43","slug":"a-movement-comes-of-age","status":"publish","type":"post","link":"https:\/\/www.europesays.com\/uk\/312284\/","title":{"rendered":"a movement comes of age"},"content":{"rendered":"<p data-block-key=\"6i789\">Photographs by\u00a0Adam\u00a0\u0160t\u011bch<\/p>\n<p data-block-key=\"8yncz\">Adam \u0160t\u011bch has every architecture-lover\u2019s dream job. The Prague-based magazine editor, curator and design historian spends a portion of each year travelling the globe, photographing 20th-century architecture \u2013 both celebrated icons and little-known gems \u2013 and posting the images on Instagram (@okolo_architecture). Over the years, he has taken more than 150,000 photos documenting over 10,000 buildings across 40 countries.<\/p>\n<p data-block-key=\"n7al9\">Some of these buildings are open to the public, but \u0160t\u011bch also makes direct contact with residents to gain access to private spaces. \u201cI write emails and messages via social media, but often I have to send analogue letters by post, without a name, because the only thing I know is the address,\u201d he says, speaking from a wood-panelled bar in the Czech capital. His followers appreciate this unique access, he says, as well as his perspective: \u201cI look at the buildings not as a photographer, but as a historian.\u201d<\/p>\n<p><img loading=\"lazy\" decoding=\"async\" src=\"https:\/\/www.europesays.com\/uk\/wp-content\/uploads\/2025\/08\/41760.jpeg\"   alt=\"\u2018Brussels is definitely the capital of European Art Deco,\u2019 says \u0160t\u011bch. Designed by the Belgian architect Henry Lacoste, the Fondation M\u00e9dicale Reine Elisabeth is a medical research institute built in the 1920s. The colourful stripes on the walls are made from an opaque glass called marbrite. \u2018It\u2019s a semi-public building,\u2019 says \u0160t\u011bch. \u2018I went in and there was nobody there, so I wandered around photographing\u2019\" class=\"w-full min-w-0 object-cover my-0\" style=\"aspect-ratio: 0.6666666666666666;\" onload=\"this.__e=event\" onerror=\"this.__e=event\"\/> <\/p>\n<p data-block-key=\"dpszx\">\u2018Brussels is definitely the capital of European Art Deco,\u2019 says \u0160t\u011bch. Designed by the Belgian architect Henry Lacoste, the Fondation M\u00e9dicale Reine Elisabeth is a medical research institute built in the 1920s. The colourful stripes on the walls are made from an opaque glass called marbrite. \u2018It\u2019s a semi-public building,\u2019 says \u0160t\u011bch. \u2018I went in and there was nobody there, so I wandered around photographing\u2019<\/p>\n<p data-block-key=\"2w9r7\">This summer marks the 100th anniversary of the Exposition Internationale des Arts D\u00e9coratifs et Industriels Modernes (International Exhibition of Modern Decorative and Industrial Arts), a colossal fair that took over 57 acres in central Paris and which gave the Art Deco movement its name. To celebrate the milestone, \u0160t\u011bch told us the stories behind his images of some of his favourite buildings from the Art Deco period around the world. These photos take us from S\u00e3o Paulo to Tokyo to Budapest, and reveal how Art Deco architecture shape-shifted as it travelled across the globe and reached its zenith in the US in the late 1920s and early 1930s.<\/p>\n<p><img loading=\"lazy\" decoding=\"async\" src=\"https:\/\/www.europesays.com\/uk\/wp-content\/uploads\/2025\/08\/41766.jpeg\"   alt=\"\u0160t\u011bch describes this hunting lodge, in the woods in Poigny-la-For\u00eat, west of Paris, as \u201cone of my best discoveries\u201d. Designed by relatively unknown architect Pierre Petit for Maurice Philbois, founder of a shoe company, it was finished in 1937. \u0160t\u011bch saw it was for sale, arranged a visit with\u00a0an estate agent, and spent a day taking photos and chatting with the chain-smoking owner. \u201cIt was all so well preserved,\u201d says \u0160t\u011bch\" class=\"w-full min-w-0 object-cover my-0\" style=\"aspect-ratio: 0.6666666666666666;\" onload=\"this.__e=event\" onerror=\"this.__e=event\"\/> <\/p>\n<p data-block-key=\"3l0q6\">\u0160t\u011bch describes this hunting lodge, in the woods in Poigny-la-For\u00eat, west of Paris, as \u201cone of my best discoveries\u201d. Designed by relatively unknown architect Pierre Petit for Maurice Philbois, founder of a shoe company, it was finished in 1937. \u0160t\u011bch saw it was for sale, arranged a visit with\u00a0an estate agent, and spent a day taking photos and chatting with the chain-smoking owner. \u201cIt was all so well preserved,\u201d says \u0160t\u011bch<\/p>\n<p data-block-key=\"sod08\">Hear the words \u201cArt Deco\u201d and most of us automatically think of the Roaring Twenties, the Jazz Age, the New York City skyline dominated by the Empire State and Chrysler Buildings. It feels unmistakably American. Yet the roots of the movement began much earlier, in France. The 1925 Expo was meant to take place in 1914, but was delayed for over a decade by the First World War. \u201cIt\u2019s easy to look at the 1920s in isolation as this giddy party time,\u201d Zorian Clayton, curator of prints at London\u2019s Victoria &amp; Albert Museum, told me. \u201cBut the context is that it follows the trauma of the war, so it\u2019s really about rebuilding the world, and asking in whose image it should be rebuilt.\u201d<\/p>\n<p><img loading=\"lazy\" decoding=\"async\" src=\"https:\/\/www.europesays.com\/uk\/wp-content\/uploads\/2025\/08\/41768.jpeg\"   alt=\"Piston House, a residential building in Budapest designed by local architects B\u00e9la Hofst\u00e4tter and Ferenc Dom\u00e1ny, and completed in 1938. \u2018It\u2019s on the edge of Art Deco and Modernism,\u2019 says \u0160t\u011bch. The central staircase is its most striking feature, but at the bottom of the photo you can see that the lift is contained within a glass cylinder\" class=\"w-full min-w-0 object-cover my-0\" style=\"aspect-ratio: 0.6666666666666666;\" onload=\"this.__e=event\" onerror=\"this.__e=event\"\/> <\/p>\n<p data-block-key=\"ifvu6\">Piston House, a residential building in Budapest designed by local architects B\u00e9la Hofst\u00e4tter and Ferenc Dom\u00e1ny, and completed in 1938. \u2018It\u2019s on the edge of Art Deco and Modernism,\u2019 says \u0160t\u011bch. The central staircase is its most striking feature, but at the bottom of the photo you can see that the lift is contained within a glass cylinder<\/p>\n<p data-block-key=\"4tzjz\">By 1925, this idea of \u201crebuilding the world\u201d was contested territory. The goal for the French in hosting the Expo was to reassert their country as the pinnacle of taste, design, fashion and style in the postwar age. But they had a fairly rigid idea of what they wanted that taste to be. The organising committee tried to disallow a pavilion designed by Le Corbusier, the Swiss-French architect and designer, considering it too austere and stark. Le Corbusier, who would become one of the leaders of the Modernist movement, said of the fair: \u201cDecorative art, as opposed to the machine phenomenon, is the final twitch of the old manual mode, and is a dying thing. Our pavilion will contain only standard things created by industry in factories and mass-produced.\u201d<\/p>\n<p><img loading=\"lazy\" decoding=\"async\" src=\"https:\/\/www.europesays.com\/uk\/wp-content\/uploads\/2025\/08\/41763.jpeg\"   alt=\"This building, now the Tokyo Metropolitan Teien Art Museum, was built in 1933 as the residence of Prince and Princess Asaka. They were introduced to Art Deco during a stay in France and hired French architects and decorators to create their home in the style.\u00a0This etched door was created by the glass artist Max Ingrand whose work \u0160t\u011bch has seen in France and Venezuela\" class=\"w-full min-w-0 object-cover my-0\" style=\"aspect-ratio: 0.6762849413886384;\" onload=\"this.__e=event\" onerror=\"this.__e=event\"\/> <\/p>\n<p data-block-key=\"ck6pg\">This building, now the Tokyo Metropolitan Teien Art Museum, was built in 1933 as the residence of Prince and Princess Asaka. They were introduced to Art Deco during a stay in France and hired French architects and decorators to create their home in the style.\u00a0This etched door was created by the glass artist Max Ingrand whose work \u0160t\u011bch has seen in France and Venezuela<\/p>\n<p data-block-key=\"slzn0\">In many ways, Le Corbusier had the last laugh. When the Second World War started and austerity began to bite across Europe, Art Deco was \u201clooked down upon and seen as extremely over-decorated,\u201d Clayton said. Its associations with luxury and leisure were out of step with the prevailing mood. Even today, while Modernism of the Corbusian variety is generally revered, Art Deco is sometimes seen as frivolous and unserious.<\/p>\n<p><img loading=\"lazy\" decoding=\"async\" src=\"https:\/\/www.europesays.com\/uk\/wp-content\/uploads\/2025\/08\/41764.jpeg\"   alt=\"Door handles in the hotel Le Splendid in Dax, in southwest France, designed by the architect Andr\u00e9 Granet. \u2018Back then, there weren\u2019t as many companies mass-producing such elements, so it was standard practice to design and produce even door handles from scratch,\u2019 says \u0160t\u011bch, who recommends a stay\" class=\"w-full min-w-0 object-cover my-0\" style=\"aspect-ratio: 0.6666666666666666;\" onload=\"this.__e=event\" onerror=\"this.__e=event\"\/> <\/p>\n<p data-block-key=\"79gso\">Door handles in the hotel Le Splendid in Dax, in southwest France, designed by the architect Andr\u00e9 Granet. \u2018Back then, there weren\u2019t as many companies mass-producing such elements, so it was standard practice to design and produce even door handles from scratch,\u2019 says \u0160t\u011bch, who recommends a stay<\/p>\n<p data-block-key=\"c01kg\">Yet a century on from the 1925 Expo in Paris, it\u2019s clear that Art Deco made its mark in a profound way. \u201cOver the course of just a few decades, it pumped out these extraordinary, rather fabulous creations,\u201d Clayton told me. The style also travelled around the world. Today you can see Art Deco\u2019s influence not just in Europe and North America but in India, North Africa, Latin America and Australasia. \u201cIt\u2019s amazing how rapidly it goes around the world and how each region has its own way of interpreting it,\u201d Clayton said. \u201cIt\u2019s truly a global style.\u201d<\/p>\n<p><img loading=\"lazy\" decoding=\"async\" src=\"https:\/\/www.europesays.com\/uk\/wp-content\/uploads\/2025\/08\/41761.jpeg\"   alt=\"Belgian architect Joe Ramaekers designed a number of apartment buildings in Brussels (as well as the cathedral in Boma in what is now the Democratic Republic of the\u00a0Congo). Ramaekers was heavily influenced by the Amsterdam School, a style of architecture characterised by brickwork and rounded edges, seen here alongside beautiful green-glazed tiles\" class=\"w-full min-w-0 object-cover my-0\" style=\"aspect-ratio: 0.6666666666666666;\" onload=\"this.__e=event\" onerror=\"this.__e=event\"\/> <\/p>\n<p data-block-key=\"oskhi\">Belgian architect Joe Ramaekers designed a number of apartment buildings in Brussels (as well as the cathedral in Boma in what is now the Democratic Republic of the\u00a0Congo). Ramaekers was heavily influenced by the Amsterdam School, a style of architecture characterised by brickwork and rounded edges, seen here alongside beautiful green-glazed tiles<\/p>\n<p data-block-key=\"gxxdv\">At the same time, Art Deco impacted design and art across virtually every medium imaginable. \u201cIt influences fashion, jewellery, car design, furniture, architecture, graphic design, theatre, film and painting,\u201d said Clayton. \u201cBasically everything.\u201d And, as these photographs by \u0160t\u011bch remind us, arguably the biggest and most enduring impression left by Art Deco was on our cityscapes and the built environment: the apartment buildings we live in, the doorways we walk through, the skyscrapers we gaze up at.<\/p>\n<p data-block-key=\"w23nn\">The Modernist Travel Guide by Adam \u0160t\u011bch\u2019s is published by Sight Unseen at \u00a329 (<a href=\"https:\/\/shop.sightunseen.com\/products\/the-modernist-travel-guide\" rel=\"noopener noreferrer nofollow\" target=\"_blank\">shop.sightunseen.com<\/a>)<\/p>\n","protected":false},"excerpt":{"rendered":"Photographs by\u00a0Adam\u00a0\u0160t\u011bch Adam \u0160t\u011bch has every architecture-lover\u2019s dream job. The Prague-based magazine editor, curator and design historian spends&hellip;\n","protected":false},"author":2,"featured_media":312285,"comment_status":"","ping_status":"","sticky":false,"template":"","format":"standard","meta":{"footnotes":""},"categories":[3939],"tags":[4021,4020,4022,77,16,15],"class_list":{"0":"post-312284","1":"post","2":"type-post","3":"status-publish","4":"format-standard","5":"has-post-thumbnail","7":"category-arts-and-design","8":"tag-arts","9":"tag-arts-and-design","10":"tag-design","11":"tag-entertainment","12":"tag-uk","13":"tag-united-kingdom"},"share_on_mastodon":{"url":"https:\/\/pubeurope.com\/@uk\/114959980412423896","error":""},"_links":{"self":[{"href":"https:\/\/www.europesays.com\/uk\/wp-json\/wp\/v2\/posts\/312284","targetHints":{"allow":["GET"]}}],"collection":[{"href":"https:\/\/www.europesays.com\/uk\/wp-json\/wp\/v2\/posts"}],"about":[{"href":"https:\/\/www.europesays.com\/uk\/wp-json\/wp\/v2\/types\/post"}],"author":[{"embeddable":true,"href":"https:\/\/www.europesays.com\/uk\/wp-json\/wp\/v2\/users\/2"}],"replies":[{"embeddable":true,"href":"https:\/\/www.europesays.com\/uk\/wp-json\/wp\/v2\/comments?post=312284"}],"version-history":[{"count":0,"href":"https:\/\/www.europesays.com\/uk\/wp-json\/wp\/v2\/posts\/312284\/revisions"}],"wp:featuredmedia":[{"embeddable":true,"href":"https:\/\/www.europesays.com\/uk\/wp-json\/wp\/v2\/media\/312285"}],"wp:attachment":[{"href":"https:\/\/www.europesays.com\/uk\/wp-json\/wp\/v2\/media?parent=312284"}],"wp:term":[{"taxonomy":"category","embeddable":true,"href":"https:\/\/www.europesays.com\/uk\/wp-json\/wp\/v2\/categories?post=312284"},{"taxonomy":"post_tag","embeddable":true,"href":"https:\/\/www.europesays.com\/uk\/wp-json\/wp\/v2\/tags?post=312284"}],"curies":[{"name":"wp","href":"https:\/\/api.w.org\/{rel}","templated":true}]}}