{"id":319160,"date":"2025-08-05T06:49:16","date_gmt":"2025-08-05T06:49:16","guid":{"rendered":"https:\/\/www.europesays.com\/uk\/319160\/"},"modified":"2025-08-05T06:49:16","modified_gmt":"2025-08-05T06:49:16","slug":"tap-water-restrictions-and-alerts-explained","status":"publish","type":"post","link":"https:\/\/www.europesays.com\/uk\/319160\/","title":{"rendered":"Tap Water Restrictions and Alerts Explained"},"content":{"rendered":"<p>    Map shows bans in place as on August 3, 2025 with several communes now facing \u2018crisis\u2019 alerts<\/p>\n<p>\n        Restrictions limit what tap water can be used for<br \/>\n        BalkansCat \/ Shutterstock\n    <\/p>\n<p>The majority of departments in France are now facing reminders or restrictions on tap water usage as the summer drought intensifies.\u00a0<\/p>\n<p>A number of departments in central and northern France as well as those near the eastern Spanish border are facing red-level \u2018crisis\u2019 alerts, the highest possible which ban all but essential water usage.<\/p>\n<p>This includes Aude, Bouches-du-Rh\u00f4ne, Pyr\u00e9n\u00e9es-Orientales, and Loiret.<\/p>\n<p>At least one department of every region in mainland France has at least a \u2018vigilance\u2019 alert, which does not come with restrictions but asks property owners, farmers, and businesses to be mindful of tap water usage.\u00a0<\/p>\n<p>Many in the east are at a tier-two alert level, the second-highest possible, with some in central France at a heightened alert.<\/p>\n<p>A lack of spring rain in the north of France and a prolonged June\/July heatwave has led to a return to widespread restrictions after a notably quieter summer last year.\u00a0<\/p>\n<p><a href=\"https:\/\/www.connexionfrance.com\/news\/cooler-then-heatwave-with-highs-of-40c-french-weekly-weather-forecast-august-4-8\/738438\" target=\"_blank\" rel=\"noopener\">An incoming heatwave <\/a>is likely to cause increased restrictions in certain areas as high temperatures dry out soils.<\/p>\n<p>The map below shows the situation as of Sunday August 3.<\/p>\n<p>                <img decoding=\"async\" src=\"https:\/\/www.europesays.com\/uk\/wp-content\/uploads\/2025\/08\/738496.webp\" width=\"480\" height=\"562\" title=\"\" alt=\"\" loading=\"lazy\" style=\"\"\/><\/p>\n<p>Check restrictions near you\u00a0<\/p>\n<p>While the map provides an overview of where restrictions are in place, it does not show the full extent of the measures.\u00a0<\/p>\n<p>Restrictions on usage \u2013 including restrictions on filling swimming pools, watering plants, cleaning cars, etc \u2013 are raised at a communal level and do not always correspond to a certain warning level.\u00a0<\/p>\n<p>In addition, <a href=\"https:\/\/www.connexionfrance.com\/practical\/red-drought-alerts-raised-in-south-west-france-restrictions-on-water-usage-in-place\/737143\" target=\"_blank\" rel=\"noopener\">restrictions may be different for properties, businesses, and farmers<\/a>, as well as for water from wells and other natural sources such as rivers.\u00a0<\/p>\n<p>The official <a href=\"https:\/\/vigieau.gouv.fr\/\" target=\"_blank\" rel=\"noopener\">VigiEau website<\/a> provides a full breakdown of restrictions according to these parameters.<\/p>\n<p>Fines can reach up to \u20ac1,500 for those caught breaking rules.\u00a0<\/p>\n<p>You can check restrictions in your area using VigiEau\u2019s interactive map or by typing in your address and then altering the drop-down menus for your specific situation, i.e. your property type and the source of your water.\u00a0<\/p>\n","protected":false},"excerpt":{"rendered":"Map shows bans in place as on August 3, 2025 with several communes now facing \u2018crisis\u2019 alerts Restrictions&hellip;\n","protected":false},"author":2,"featured_media":319161,"comment_status":"","ping_status":"","sticky":false,"template":"","format":"standard","meta":{"footnotes":""},"categories":[5309],"tags":[2000,299,36],"class_list":{"0":"post-319160","1":"post","2":"type-post","3":"status-publish","4":"format-standard","5":"has-post-thumbnail","7":"category-france","8":"tag-eu","9":"tag-europe","10":"tag-france"},"share_on_mastodon":{"url":"https:\/\/pubeurope.com\/@uk\/114974828972017042","error":""},"_links":{"self":[{"href":"https:\/\/www.europesays.com\/uk\/wp-json\/wp\/v2\/posts\/319160","targetHints":{"allow":["GET"]}}],"collection":[{"href":"https:\/\/www.europesays.com\/uk\/wp-json\/wp\/v2\/posts"}],"about":[{"href":"https:\/\/www.europesays.com\/uk\/wp-json\/wp\/v2\/types\/post"}],"author":[{"embeddable":true,"href":"https:\/\/www.europesays.com\/uk\/wp-json\/wp\/v2\/users\/2"}],"replies":[{"embeddable":true,"href":"https:\/\/www.europesays.com\/uk\/wp-json\/wp\/v2\/comments?post=319160"}],"version-history":[{"count":0,"href":"https:\/\/www.europesays.com\/uk\/wp-json\/wp\/v2\/posts\/319160\/revisions"}],"wp:featuredmedia":[{"embeddable":true,"href":"https:\/\/www.europesays.com\/uk\/wp-json\/wp\/v2\/media\/319161"}],"wp:attachment":[{"href":"https:\/\/www.europesays.com\/uk\/wp-json\/wp\/v2\/media?parent=319160"}],"wp:term":[{"taxonomy":"category","embeddable":true,"href":"https:\/\/www.europesays.com\/uk\/wp-json\/wp\/v2\/categories?post=319160"},{"taxonomy":"post_tag","embeddable":true,"href":"https:\/\/www.europesays.com\/uk\/wp-json\/wp\/v2\/tags?post=319160"}],"curies":[{"name":"wp","href":"https:\/\/api.w.org\/{rel}","templated":true}]}}