{"id":325412,"date":"2025-08-07T14:35:14","date_gmt":"2025-08-07T14:35:14","guid":{"rendered":"https:\/\/www.europesays.com\/uk\/325412\/"},"modified":"2025-08-07T14:35:14","modified_gmt":"2025-08-07T14:35:14","slug":"frances-largest-wildfire-for-75-years-still-not-under-control-officials-say-2","status":"publish","type":"post","link":"https:\/\/www.europesays.com\/uk\/325412\/","title":{"rendered":"France&#8217;s largest wildfire for 75 years still not under control, officials say"},"content":{"rendered":"<p><img decoding=\"async\" src=\"https:\/\/www.europesays.com\/uk\/wp-content\/uploads\/2025\/07\/1753966091_383_grey-placeholder.png\" class=\"sc-d1200759-0 dkIvM hide-when-no-script\" aria-label=\"image unavailable\"\/><img decoding=\"async\"   src=\"https:\/\/www.europesays.com\/uk\/wp-content\/uploads\/2025\/08\/a59371b0-738a-11f0-a975-cb151ca452f4.jpg.webp.webp\" loading=\"eager\" alt=\"Reuters A firefighter holds a yellow hose over his shoulder as he walks through a burning forest area clouded with smoke.\" class=\"sc-d1200759-0 dvfjxj\"\/>Reuters<\/p>\n<p>Firefighters in Saint-Laurent-de-la-Cabrerisse have been battling flames on Thursday after the fire spread through forests and villages in the Aude region of southern France<\/p>\n<p class=\"sc-9a00e533-0 hxuGS\">France&#8217;s largest wildfire for 75 years, which has burned through an area larger than Paris, has slowed overnight but is not yet under control, officials have said.<\/p>\n<p class=\"sc-9a00e533-0 hxuGS\">More than 2,000 firefighters and 500 firefighting vehicles continue to be deployed to the Aude region, alongside gendarmerie and army personnel, officials said on Thursday.<\/p>\n<p class=\"sc-9a00e533-0 hxuGS\">An elderly woman has died and 13 people, including 11 firefighters, have been injured, with two in a critical condition, since the fire broke out near the village of Ribaute in southern France on Tuesday.<\/p>\n<p class=\"sc-9a00e533-0 hxuGS\">Three people have also been reported missing by their relatives and dozens of homes have been destroyed, the <a target=\"_blank\" href=\"https:\/\/x.com\/Prefet11\/status\/1953352773216424039\" class=\"sc-f9178328-0 bGFWdi\">Aude prefecture added.<\/a><\/p>\n<p class=\"sc-9a00e533-0 hxuGS\">Christophe Magny, one of the officials leading the firefighting operation told local media outlet France Info on Thursday that firefighters hoped to contain the wildfire later in the day.<\/p>\n<p class=\"sc-9a00e533-0 hxuGS\">Images overnight showed firefighters tackling the 16,000 hectare (62sq miles) blaze, which officials said had lost intensity since Wednesday due to wind and lower temperatures.<\/p>\n<p class=\"sc-9a00e533-0 hxuGS\">Water-bombing aircraft have also helped tackle the flames.<\/p>\n<p><img decoding=\"async\" src=\"https:\/\/www.europesays.com\/uk\/wp-content\/uploads\/2025\/07\/1753966091_383_grey-placeholder.png\" class=\"sc-d1200759-0 dkIvM hide-when-no-script\" aria-label=\"image unavailable\"\/><img decoding=\"async\"   src=\"https:\/\/www.europesays.com\/uk\/wp-content\/uploads\/2025\/08\/539b8520-737e-11f0-a975-cb151ca452f4.jpg.webp.webp\" loading=\"lazy\" alt=\"Reuters A helicopter battles a wildfire while firefighters work on ground, near Saint-Laurent-de-la-Cabrerisse\" class=\"sc-d1200759-0 dvfjxj\"\/>Reuters<\/p>\n<p>A combined 130 water drops were made on Wednesday by helicopters and planes in a bid to douse flames<\/p>\n<p class=\"sc-9a00e533-0 hxuGS\">Smoke from the fires and large areas of burnt land could be seen from satellite images on Thursday, highlighting the scale of the devastation across the region.<\/p>\n<p class=\"sc-9a00e533-0 hxuGS\">Residents have been urged not to return home while operations continue, with 17 temporary accommodation sites opened up.<\/p>\n<p class=\"sc-9a00e533-0 hxuGS\">Villages in the Corbieres region remain on high alert, according to French media.<\/p>\n<p class=\"sc-9a00e533-0 hxuGS\">Officials say the wildfire is the largest in France since 1949, with French Prime Minister Fran\u00e7ois Bayrou calling it a &#8220;catastrophe on an unprecedented scale&#8221;.<\/p>\n<p><img decoding=\"async\" src=\"https:\/\/www.europesays.com\/uk\/wp-content\/uploads\/2025\/07\/1753966091_383_grey-placeholder.png\" class=\"sc-d1200759-0 dkIvM hide-when-no-script\" aria-label=\"image unavailable\"\/><img decoding=\"async\"   src=\"https:\/\/www.europesays.com\/uk\/wp-content\/uploads\/2025\/08\/b4961800-7387-11f0-a20f-3b86f375586a.png.webp.webp\" loading=\"lazy\" alt=\"Satellite view of wildfire aftermath in southern France, showing burn scars and smoke near Ribaute, Saint-Laurent-de-la-Cabrerisse, and Jonqui\u00e8res. Inset image is zoomed-in area of smoke near Jonqui\u00e8res and a small map of France with a red dot marking the fire's location. Source: Pl\u00e9iades Neo \u00a9 Airbus DS 2025, 6 August.\" class=\"sc-d1200759-0 dvfjxj\"\/><\/p>\n<p class=\"sc-9a00e533-0 hxuGS\">During a visit to the Aude region on Wednesday, Bayrou said the fire was connected to global warming and drought.<\/p>\n<p class=\"sc-9a00e533-0 hxuGS\">Environment Minister Agnes Pannier-Runacher also linked the blaze to climate change.<\/p>\n<p class=\"sc-9a00e533-0 hxuGS\">Officials said on Wednesday the fire&#8217;s quick advance was driven by strong winds, dry vegetation and hot summer weather.<\/p>\n<p class=\"sc-9a00e533-0 hxuGS\">Jacques Piraud, mayor of the village of Jonqui\u00e8res, where several houses burned down, told Le Monde that around 80% of the village was burnt.<\/p>\n<p class=\"sc-9a00e533-0 hxuGS\">&#8220;It&#8217;s dramatic. It&#8217;s black, the trees are completely charred,&#8221; he said.<\/p>\n<p class=\"sc-9a00e533-0 hxuGS\">French President Emmanuel Macron said yesterday that &#8220;all of the nation&#8217;s resources are mobilised,&#8221; and called on people to exercise &#8220;the utmost caution&#8221;.<\/p>\n<p><img decoding=\"async\" src=\"https:\/\/www.europesays.com\/uk\/wp-content\/uploads\/2025\/07\/1753966091_383_grey-placeholder.png\" class=\"sc-d1200759-0 dkIvM hide-when-no-script\" aria-label=\"image unavailable\"\/><img decoding=\"async\"   src=\"https:\/\/www.europesays.com\/uk\/wp-content\/uploads\/2025\/08\/12c39840-737d-11f0-a975-cb151ca452f4.jpg.webp.webp\" loading=\"lazy\" alt=\"A map shows active fires in the last 48 hours. It indicates that wildfires have spread rapidly in the Aude region.\" class=\"sc-d1200759-0 dvfjxj\"\/><\/p>\n","protected":false},"excerpt":{"rendered":"Reuters Firefighters in Saint-Laurent-de-la-Cabrerisse have been battling flames on Thursday after the fire spread through forests and villages&hellip;\n","protected":false},"author":2,"featured_media":325413,"comment_status":"","ping_status":"","sticky":false,"template":"","format":"standard","meta":{"footnotes":""},"categories":[5309],"tags":[2000,299,36],"class_list":{"0":"post-325412","1":"post","2":"type-post","3":"status-publish","4":"format-standard","5":"has-post-thumbnail","7":"category-france","8":"tag-eu","9":"tag-europe","10":"tag-france"},"share_on_mastodon":{"url":"https:\/\/pubeurope.com\/@uk\/114987986334260211","error":""},"_links":{"self":[{"href":"https:\/\/www.europesays.com\/uk\/wp-json\/wp\/v2\/posts\/325412","targetHints":{"allow":["GET"]}}],"collection":[{"href":"https:\/\/www.europesays.com\/uk\/wp-json\/wp\/v2\/posts"}],"about":[{"href":"https:\/\/www.europesays.com\/uk\/wp-json\/wp\/v2\/types\/post"}],"author":[{"embeddable":true,"href":"https:\/\/www.europesays.com\/uk\/wp-json\/wp\/v2\/users\/2"}],"replies":[{"embeddable":true,"href":"https:\/\/www.europesays.com\/uk\/wp-json\/wp\/v2\/comments?post=325412"}],"version-history":[{"count":0,"href":"https:\/\/www.europesays.com\/uk\/wp-json\/wp\/v2\/posts\/325412\/revisions"}],"wp:featuredmedia":[{"embeddable":true,"href":"https:\/\/www.europesays.com\/uk\/wp-json\/wp\/v2\/media\/325413"}],"wp:attachment":[{"href":"https:\/\/www.europesays.com\/uk\/wp-json\/wp\/v2\/media?parent=325412"}],"wp:term":[{"taxonomy":"category","embeddable":true,"href":"https:\/\/www.europesays.com\/uk\/wp-json\/wp\/v2\/categories?post=325412"},{"taxonomy":"post_tag","embeddable":true,"href":"https:\/\/www.europesays.com\/uk\/wp-json\/wp\/v2\/tags?post=325412"}],"curies":[{"name":"wp","href":"https:\/\/api.w.org\/{rel}","templated":true}]}}